{"id":49,"date":"2026-01-21T08:00:00","date_gmt":"2026-01-21T11:00:00","guid":{"rendered":"https:\/\/elabi.com.br\/br\/blog\/?p=49"},"modified":"2026-01-25T18:48:05","modified_gmt":"2026-01-25T21:48:05","slug":"evasao-em-ead-vs-presencial-analise-comparativa-com-dados","status":"publish","type":"post","link":"https:\/\/elabi.com.br\/br\/blog\/evasao-em-ead-vs-presencial-analise-comparativa-com-dados\/","title":{"rendered":"Evas\u00e3o em EAD vs Presencial: An\u00e1lise Comparativa com Dados"},"content":{"rendered":"\n<p>Nos \u00faltimos cinco anos, o ensino a dist\u00e2ncia cresceu 474% no Brasil, segundo dados do Censo da Educa\u00e7\u00e3o Superior do INEP. Hoje, mais de 4,3 milh\u00f5es de estudantes est\u00e3o matriculados em cursos EAD, representando 51% do total de matr\u00edculas na gradua\u00e7\u00e3o. Por\u00e9m, junto com essa expans\u00e3o, surge uma percep\u00e7\u00e3o comum entre gestores educacionais: &#8220;a evas\u00e3o em EAD \u00e9 sempre maior que no presencial&#8221;.<\/p>\n\n\n\n<p>Mas essa afirma\u00e7\u00e3o resiste a uma an\u00e1lise mais profunda? Os motivos de abandono s\u00e3o os mesmos nas duas modalidades? E, principalmente, as estrat\u00e9gias de reten\u00e7\u00e3o devem ser replicadas ou diferenciadas?<\/p>\n\n\n\n<p>Neste artigo, voc\u00ea encontrar\u00e1 uma an\u00e1lise comparativa fundamentada em dados oficiais, identificando padr\u00f5es espec\u00edficos de evas\u00e3o em cada modalidade e estrat\u00e9gias diferenciadas que realmente funcionam. Com informa\u00e7\u00f5es extra\u00eddas do Censo da Educa\u00e7\u00e3o Superior e da experi\u00eancia de institui\u00e7\u00f5es que atendem mais de 80 mil estudantes com predi\u00e7\u00e3o de evas\u00e3o baseada em IA, voc\u00ea ter\u00e1 subs\u00eddios concretos para tomar decis\u00f5es estrat\u00e9gicas sobre reten\u00e7\u00e3o estudantil em seu portf\u00f3lio institucional.<\/p>\n\n\n\n<div id=\"ez-toc-container\" class=\"ez-toc-v2_0_80 counter-hierarchy ez-toc-counter ez-toc-grey ez-toc-container-direction\">\n<div class=\"ez-toc-title-container\">\n<p class=\"ez-toc-title\" style=\"cursor:inherit\">Conte\u00fado da p\u00e1gina<\/p>\n<span class=\"ez-toc-title-toggle\"><a href=\"#\" class=\"ez-toc-pull-right ez-toc-btn ez-toc-btn-xs ez-toc-btn-default ez-toc-toggle\" aria-label=\"Alternar tabela de conte\u00fado\"><span class=\"ez-toc-js-icon-con\"><span class=\"\"><span class=\"eztoc-hide\" style=\"display:none;\">Toggle<\/span><span class=\"ez-toc-icon-toggle-span\"><svg style=\"fill: #999;color:#999\" xmlns=\"http:\/\/www.w3.org\/2000\/svg\" class=\"list-377408\" width=\"20px\" height=\"20px\" viewBox=\"0 0 24 24\" fill=\"none\"><path d=\"M6 6H4v2h2V6zm14 0H8v2h12V6zM4 11h2v2H4v-2zm16 0H8v2h12v-2zM4 16h2v2H4v-2zm16 0H8v2h12v-2z\" fill=\"currentColor\"><\/path><\/svg><svg style=\"fill: #999;color:#999\" class=\"arrow-unsorted-368013\" xmlns=\"http:\/\/www.w3.org\/2000\/svg\" width=\"10px\" height=\"10px\" viewBox=\"0 0 24 24\" version=\"1.2\" baseProfile=\"tiny\"><path d=\"M18.2 9.3l-6.2-6.3-6.2 6.3c-.2.2-.3.4-.3.7s.1.5.3.7c.2.2.4.3.7.3h11c.3 0 .5-.1.7-.3.2-.2.3-.5.3-.7s-.1-.5-.3-.7zM5.8 14.7l6.2 6.3 6.2-6.3c.2-.2.3-.5.3-.7s-.1-.5-.3-.7c-.2-.2-.4-.3-.7-.3h-11c-.3 0-.5.1-.7.3-.2.2-.3.5-.3.7s.1.5.3.7z\"\/><\/svg><\/span><\/span><\/span><\/a><\/span><\/div>\n<nav><ul class='ez-toc-list ez-toc-list-level-1 ' ><li class='ez-toc-page-1 ez-toc-heading-level-2'><a class=\"ez-toc-link ez-toc-heading-1\" href=\"https:\/\/elabi.com.br\/br\/blog\/evasao-em-ead-vs-presencial-analise-comparativa-com-dados\/#Panorama_Atual_Dados_de_Evasao_por_Modalidade\" >Panorama Atual: Dados de Evas\u00e3o por Modalidade<\/a><ul class='ez-toc-list-level-3' ><li class='ez-toc-heading-level-3'><a class=\"ez-toc-link ez-toc-heading-2\" href=\"https:\/\/elabi.com.br\/br\/blog\/evasao-em-ead-vs-presencial-analise-comparativa-com-dados\/#Taxas_Medias_Nacionais\" >Taxas M\u00e9dias Nacionais<\/a><\/li><li class='ez-toc-page-1 ez-toc-heading-level-3'><a class=\"ez-toc-link ez-toc-heading-3\" href=\"https:\/\/elabi.com.br\/br\/blog\/evasao-em-ead-vs-presencial-analise-comparativa-com-dados\/#Variacoes_por_Tipo_de_Instituicao\" >Varia\u00e7\u00f5es por Tipo de Institui\u00e7\u00e3o<\/a><\/li><li class='ez-toc-page-1 ez-toc-heading-level-3'><a class=\"ez-toc-link ez-toc-heading-4\" href=\"https:\/\/elabi.com.br\/br\/blog\/evasao-em-ead-vs-presencial-analise-comparativa-com-dados\/#Por_Que_Comparacao_Direta_Pode_Ser_Enganosa\" >Por Que Compara\u00e7\u00e3o Direta Pode Ser Enganosa<\/a><\/li><\/ul><\/li><li class='ez-toc-page-1 ez-toc-heading-level-2'><a class=\"ez-toc-link ez-toc-heading-5\" href=\"https:\/\/elabi.com.br\/br\/blog\/evasao-em-ead-vs-presencial-analise-comparativa-com-dados\/#Fatores_de_Risco_Especificos_de_Cada_Modalidade\" >Fatores de Risco Espec\u00edficos de Cada Modalidade<\/a><ul class='ez-toc-list-level-3' ><li class='ez-toc-heading-level-3'><a class=\"ez-toc-link ez-toc-heading-6\" href=\"https:\/\/elabi.com.br\/br\/blog\/evasao-em-ead-vs-presencial-analise-comparativa-com-dados\/#Fatores_Predominantes_no_EAD\" >Fatores Predominantes no EAD<\/a><\/li><li class='ez-toc-page-1 ez-toc-heading-level-3'><a class=\"ez-toc-link ez-toc-heading-7\" href=\"https:\/\/elabi.com.br\/br\/blog\/evasao-em-ead-vs-presencial-analise-comparativa-com-dados\/#Fatores_Predominantes_no_Presencial\" >Fatores Predominantes no Presencial<\/a><\/li><\/ul><\/li><li class='ez-toc-page-1 ez-toc-heading-level-2'><a class=\"ez-toc-link ez-toc-heading-8\" href=\"https:\/\/elabi.com.br\/br\/blog\/evasao-em-ead-vs-presencial-analise-comparativa-com-dados\/#Perfil_do_Aluno_Evadido_Diferencas_Entre_Modalidades\" >Perfil do Aluno Evadido: Diferen\u00e7as Entre Modalidades<\/a><ul class='ez-toc-list-level-3' ><li class='ez-toc-heading-level-3'><a class=\"ez-toc-link ez-toc-heading-9\" href=\"https:\/\/elabi.com.br\/br\/blog\/evasao-em-ead-vs-presencial-analise-comparativa-com-dados\/#Caracteristicas_Demograficas_Comparadas\" >Caracter\u00edsticas Demogr\u00e1ficas Comparadas<\/a><\/li><li class='ez-toc-page-1 ez-toc-heading-level-3'><a class=\"ez-toc-link ez-toc-heading-10\" href=\"https:\/\/elabi.com.br\/br\/blog\/evasao-em-ead-vs-presencial-analise-comparativa-com-dados\/#Padroes_Comportamentais_de_Evasao\" >Padr\u00f5es Comportamentais de Evas\u00e3o<\/a><\/li><li class='ez-toc-page-1 ez-toc-heading-level-3'><a class=\"ez-toc-link ez-toc-heading-11\" href=\"https:\/\/elabi.com.br\/br\/blog\/evasao-em-ead-vs-presencial-analise-comparativa-com-dados\/#Disciplinas_Criticas_por_Modalidade\" >Disciplinas Cr\u00edticas por Modalidade<\/a><\/li><\/ul><\/li><li class='ez-toc-page-1 ez-toc-heading-level-2'><a class=\"ez-toc-link ez-toc-heading-12\" href=\"https:\/\/elabi.com.br\/br\/blog\/evasao-em-ead-vs-presencial-analise-comparativa-com-dados\/#Estrategias_de_Retencao_Diferenciadas_por_Modalidade\" >Estrat\u00e9gias de Reten\u00e7\u00e3o Diferenciadas por Modalidade<\/a><ul class='ez-toc-list-level-3' ><li class='ez-toc-heading-level-3'><a class=\"ez-toc-link ez-toc-heading-13\" href=\"https:\/\/elabi.com.br\/br\/blog\/evasao-em-ead-vs-presencial-analise-comparativa-com-dados\/#Estrategias_Efetivas_para_EAD\" >Estrat\u00e9gias Efetivas para EAD<\/a><\/li><li class='ez-toc-page-1 ez-toc-heading-level-3'><a class=\"ez-toc-link ez-toc-heading-14\" href=\"https:\/\/elabi.com.br\/br\/blog\/evasao-em-ead-vs-presencial-analise-comparativa-com-dados\/#Estrategias_Efetivas_para_Presencial\" >Estrat\u00e9gias Efetivas para Presencial<\/a><\/li><\/ul><\/li><li class='ez-toc-page-1 ez-toc-heading-level-2'><a class=\"ez-toc-link ez-toc-heading-15\" href=\"https:\/\/elabi.com.br\/br\/blog\/evasao-em-ead-vs-presencial-analise-comparativa-com-dados\/#Como_a_Inteligencia_Artificial_Detecta_Padroes_Especificos_por_Modalidade\" >Como a Intelig\u00eancia Artificial Detecta Padr\u00f5es Espec\u00edficos por Modalidade<\/a><ul class='ez-toc-list-level-3' ><li class='ez-toc-heading-level-3'><a class=\"ez-toc-link ez-toc-heading-16\" href=\"https:\/\/elabi.com.br\/br\/blog\/evasao-em-ead-vs-presencial-analise-comparativa-com-dados\/#Por_Que_Modelos_Diferenciados_Sao_Essenciais\" >Por Que Modelos Diferenciados S\u00e3o Essenciais<\/a><\/li><li class='ez-toc-page-1 ez-toc-heading-level-3'><a class=\"ez-toc-link ez-toc-heading-17\" href=\"https:\/\/elabi.com.br\/br\/blog\/evasao-em-ead-vs-presencial-analise-comparativa-com-dados\/#Variaveis_Preditivas_Especificas_do_EAD\" >Vari\u00e1veis Preditivas Espec\u00edficas do EAD<\/a><\/li><li class='ez-toc-page-1 ez-toc-heading-level-3'><a class=\"ez-toc-link ez-toc-heading-18\" href=\"https:\/\/elabi.com.br\/br\/blog\/evasao-em-ead-vs-presencial-analise-comparativa-com-dados\/#Variaveis_Preditivas_Especificas_do_Presencial\" >Vari\u00e1veis Preditivas Espec\u00edficas do Presencial<\/a><\/li><li class='ez-toc-page-1 ez-toc-heading-level-3'><a class=\"ez-toc-link ez-toc-heading-19\" href=\"https:\/\/elabi.com.br\/br\/blog\/evasao-em-ead-vs-presencial-analise-comparativa-com-dados\/#Abordagem_Integrada_Como_Funciona_na_Pratica\" >Abordagem Integrada: Como Funciona na Pr\u00e1tica<\/a><\/li><\/ul><\/li><li class='ez-toc-page-1 ez-toc-heading-level-2'><a class=\"ez-toc-link ez-toc-heading-20\" href=\"https:\/\/elabi.com.br\/br\/blog\/evasao-em-ead-vs-presencial-analise-comparativa-com-dados\/#Implementando_Estrategias_Diferenciadas_Roadmap_Pratico\" >Implementando Estrat\u00e9gias Diferenciadas: Roadmap Pr\u00e1tico<\/a><ul class='ez-toc-list-level-3' ><li class='ez-toc-heading-level-3'><a class=\"ez-toc-link ez-toc-heading-21\" href=\"https:\/\/elabi.com.br\/br\/blog\/evasao-em-ead-vs-presencial-analise-comparativa-com-dados\/#Fase_1_Diagnostico_Semanas_1-4\" >Fase 1: Diagn\u00f3stico (Semanas 1-4)<\/a><\/li><li class='ez-toc-page-1 ez-toc-heading-level-3'><a class=\"ez-toc-link ez-toc-heading-22\" href=\"https:\/\/elabi.com.br\/br\/blog\/evasao-em-ead-vs-presencial-analise-comparativa-com-dados\/#Fase_2_Priorizacao_Semanas_5-6\" >Fase 2: Prioriza\u00e7\u00e3o (Semanas 5-6)<\/a><\/li><li class='ez-toc-page-1 ez-toc-heading-level-3'><a class=\"ez-toc-link ez-toc-heading-23\" href=\"https:\/\/elabi.com.br\/br\/blog\/evasao-em-ead-vs-presencial-analise-comparativa-com-dados\/#Fase_3_Implementacao_Piloto_Semanas_7-20\" >Fase 3: Implementa\u00e7\u00e3o Piloto (Semanas 7-20)<\/a><\/li><li class='ez-toc-page-1 ez-toc-heading-level-3'><a class=\"ez-toc-link ez-toc-heading-24\" href=\"https:\/\/elabi.com.br\/br\/blog\/evasao-em-ead-vs-presencial-analise-comparativa-com-dados\/#Fase_4_Escalabilidade_e_Refinamento_A_partir_da_semana_21\" >Fase 4: Escalabilidade e Refinamento (A partir da semana 21)<\/a><\/li><\/ul><\/li><li class='ez-toc-page-1 ez-toc-heading-level-2'><a class=\"ez-toc-link ez-toc-heading-25\" href=\"https:\/\/elabi.com.br\/br\/blog\/evasao-em-ead-vs-presencial-analise-comparativa-com-dados\/#Metricas_de_Sucesso_O_Que_Acompanhar_em_Cada_Modalidade\" >M\u00e9tricas de Sucesso: O Que Acompanhar em Cada Modalidade<\/a><ul class='ez-toc-list-level-3' ><li class='ez-toc-heading-level-3'><a class=\"ez-toc-link ez-toc-heading-26\" href=\"https:\/\/elabi.com.br\/br\/blog\/evasao-em-ead-vs-presencial-analise-comparativa-com-dados\/#Indicadores_Essenciais_para_EAD\" >Indicadores Essenciais para EAD<\/a><\/li><li class='ez-toc-page-1 ez-toc-heading-level-3'><a class=\"ez-toc-link ez-toc-heading-27\" href=\"https:\/\/elabi.com.br\/br\/blog\/evasao-em-ead-vs-presencial-analise-comparativa-com-dados\/#Indicadores_Essenciais_para_Presencial\" >Indicadores Essenciais para Presencial<\/a><\/li><li class='ez-toc-page-1 ez-toc-heading-level-3'><a class=\"ez-toc-link ez-toc-heading-28\" href=\"https:\/\/elabi.com.br\/br\/blog\/evasao-em-ead-vs-presencial-analise-comparativa-com-dados\/#Indicadores_Comuns_mas_analisados_separadamente\" >Indicadores Comuns (mas analisados separadamente)<\/a><\/li><\/ul><\/li><li class='ez-toc-page-1 ez-toc-heading-level-2'><a class=\"ez-toc-link ez-toc-heading-29\" href=\"https:\/\/elabi.com.br\/br\/blog\/evasao-em-ead-vs-presencial-analise-comparativa-com-dados\/#Conclusao_Modalidades_Diferentes_Exigem_Estrategias_Diferentes\" >Conclus\u00e3o: Modalidades Diferentes Exigem Estrat\u00e9gias Diferentes<\/a><\/li><li class='ez-toc-page-1 ez-toc-heading-level-2'><a class=\"ez-toc-link ez-toc-heading-30\" href=\"https:\/\/elabi.com.br\/br\/blog\/evasao-em-ead-vs-presencial-analise-comparativa-com-dados\/#Preveja_e_Previna_a_Evasao_em_Qualquer_Modalidade_com_eLabi\" >Preveja e Previna a Evas\u00e3o em Qualquer Modalidade com eLabi<\/a><\/li><li class='ez-toc-page-1 ez-toc-heading-level-2'><a class=\"ez-toc-link ez-toc-heading-31\" href=\"https:\/\/elabi.com.br\/br\/blog\/evasao-em-ead-vs-presencial-analise-comparativa-com-dados\/#Perguntas_Frequentes_FAQ\" >Perguntas Frequentes (FAQ)<\/a><\/li><\/ul><\/nav><\/div>\n<h2 class=\"wp-block-heading\"><span class=\"ez-toc-section\" id=\"Panorama_Atual_Dados_de_Evasao_por_Modalidade\"><\/span>Panorama Atual: Dados de Evas\u00e3o por Modalidade<span class=\"ez-toc-section-end\"><\/span><\/h2>\n\n\n\n<p>Antes de comparar estrat\u00e9gias, \u00e9 fundamental compreender o cen\u00e1rio real da evas\u00e3o no ensino superior brasileiro. Os n\u00fameros revelam uma situa\u00e7\u00e3o mais complexa do que a percep\u00e7\u00e3o comum sugere.<\/p>\n\n\n\n<h3 class=\"wp-block-heading\"><span class=\"ez-toc-section\" id=\"Taxas_Medias_Nacionais\"><\/span>Taxas M\u00e9dias Nacionais<span class=\"ez-toc-section-end\"><\/span><\/h3>\n\n\n\n<p>De acordo com o Censo da Educa\u00e7\u00e3o Superior 2022 (dados mais recentes consolidados pelo INEP), a taxa m\u00e9dia de evas\u00e3o anual apresenta as seguintes caracter\u00edsticas:<\/p>\n\n\n\n<ul class=\"wp-block-list\">\n<li><strong>Cursos presenciais:<\/strong> 26,5% de evas\u00e3o anual<\/li>\n\n\n\n<li><strong>Cursos EAD:<\/strong> 35,4% de evas\u00e3o anual<\/li>\n\n\n\n<li><strong>Cursos semipresenciais\/h\u00edbridos:<\/strong> 31,2% de evas\u00e3o anual<\/li>\n<\/ul>\n\n\n\n<p>\u00c0 primeira vista, esses n\u00fameros parecem confirmar a percep\u00e7\u00e3o de que EAD apresenta evas\u00e3o superior. Por\u00e9m, uma an\u00e1lise mais criteriosa revela nuances importantes que essa compara\u00e7\u00e3o direta n\u00e3o captura.<\/p>\n\n\n\n<h3 class=\"wp-block-heading\"><span class=\"ez-toc-section\" id=\"Variacoes_por_Tipo_de_Instituicao\"><\/span>Varia\u00e7\u00f5es por Tipo de Institui\u00e7\u00e3o<span class=\"ez-toc-section-end\"><\/span><\/h3>\n\n\n\n<p>Quando desagregamos os dados por categoria administrativa, surgem diferen\u00e7as significativas:<\/p>\n\n\n\n<figure class=\"wp-block-table\"><table class=\"has-fixed-layout\"><thead><tr><th>Tipo de IES<\/th><th>Evas\u00e3o Presencial<\/th><th>Evas\u00e3o EAD<\/th><th>Diferen\u00e7a<\/th><\/tr><\/thead><tbody><tr><td><strong>P\u00fablica<\/strong><\/td><td>18,3%<\/td><td>27,8%<\/td><td>+9,5 p.p.<\/td><\/tr><tr><td><strong>Privada<\/strong><\/td><td>32,1%<\/td><td>37,2%<\/td><td>+5,1 p.p.<\/td><\/tr><tr><td><strong>Comunit\u00e1ria<\/strong><\/td><td>24,6%<\/td><td>33,4%<\/td><td>+8,8 p.p.<\/td><\/tr><\/tbody><\/table><\/figure>\n\n\n\n<p>Observe que a diferen\u00e7a entre modalidades \u00e9 menor em institui\u00e7\u00f5es privadas (5,1 pontos percentuais) do que em p\u00fablicas (9,5 pontos percentuais). Isso sugere que fatores institucionais e de gest\u00e3o influenciam significativamente os resultados.<\/p>\n\n\n\n<p>Adicionalmente, h\u00e1 varia\u00e7\u00f5es por organiza\u00e7\u00e3o acad\u00eamica:<\/p>\n\n\n\n<ul class=\"wp-block-list\">\n<li><strong>Universidades presenciais:<\/strong> 21,4% vs <strong>EAD:<\/strong> 29,8%<\/li>\n\n\n\n<li><strong>Centros universit\u00e1rios presenciais:<\/strong> 28,9% vs <strong>EAD:<\/strong> 36,1%<\/li>\n\n\n\n<li><strong>Faculdades presenciais:<\/strong> 31,7% vs <strong>EAD:<\/strong> 39,3%<\/li>\n<\/ul>\n\n\n\n<h3 class=\"wp-block-heading\"><span class=\"ez-toc-section\" id=\"Por_Que_Comparacao_Direta_Pode_Ser_Enganosa\"><\/span>Por Que Compara\u00e7\u00e3o Direta Pode Ser Enganosa<span class=\"ez-toc-section-end\"><\/span><\/h3>\n\n\n\n<p>Os n\u00fameros brutos escondem diferen\u00e7as estruturais fundamentais entre as modalidades. O perfil de ingressantes \u00e9 radicalmente distinto:<\/p>\n\n\n\n<p><strong>EAD geralmente recebe:<\/strong><\/p>\n\n\n\n<ul class=\"wp-block-list\">\n<li>Estudantes com idade m\u00e9dia 6-8 anos superior<\/li>\n\n\n\n<li>78% de alunos que trabalham em per\u00edodo integral<\/li>\n\n\n\n<li>64% com responsabilidades familiares (filhos, dependentes)<\/li>\n\n\n\n<li>42% cursando segunda gradua\u00e7\u00e3o ou retomando estudos interrompidos<\/li>\n<\/ul>\n\n\n\n<p><strong>Presencial geralmente recebe:<\/strong><\/p>\n\n\n\n<ul class=\"wp-block-list\">\n<li>Faixa et\u00e1ria 18-24 anos predominante<\/li>\n\n\n\n<li>45% de alunos trabalhadores<\/li>\n\n\n\n<li>28% com responsabilidades familiares<\/li>\n\n\n\n<li>71% na primeira gradua\u00e7\u00e3o<\/li>\n<\/ul>\n\n\n\n<p>Isso significa que comparar taxas absolutas \u00e9 como comparar desempenho de ve\u00edculos em terrenos completamente diferentes. O contexto importa tanto quanto o n\u00famero.<\/p>\n\n\n\n<h2 class=\"wp-block-heading\"><span class=\"ez-toc-section\" id=\"Fatores_de_Risco_Especificos_de_Cada_Modalidade\"><\/span>Fatores de Risco Espec\u00edficos de Cada Modalidade<span class=\"ez-toc-section-end\"><\/span><\/h2>\n\n\n\n<p>Compreender o que leva estudantes a abandonarem seus cursos em cada modalidade \u00e9 fundamental para desenvolver estrat\u00e9gias de reten\u00e7\u00e3o efetivas. Pesquisas realizadas pela Associa\u00e7\u00e3o Brasileira de Educa\u00e7\u00e3o a Dist\u00e2ncia (ABED) e an\u00e1lises de dados de milhares de alunos revelam padr\u00f5es distintos.<\/p>\n\n\n\n<h3 class=\"wp-block-heading\"><span class=\"ez-toc-section\" id=\"Fatores_Predominantes_no_EAD\"><\/span>Fatores Predominantes no EAD<span class=\"ez-toc-section-end\"><\/span><\/h3>\n\n\n\n<p>O ensino a dist\u00e2ncia apresenta desafios \u00fanicos que, quando n\u00e3o adequadamente endere\u00e7ados, tornam-se gatilhos para evas\u00e3o.<\/p>\n\n\n\n<p><strong>1. Autonomia e Autorregula\u00e7\u00e3o<\/strong><\/p>\n\n\n\n<p>A flexibilidade que atrai estudantes ao EAD \u00e9, paradoxalmente, uma das principais causas de abandono. Segundo dados da ABED, 41% dos evadidos de EAD citam dificuldade de gest\u00e3o do tempo como fator determinante.<\/p>\n\n\n\n<ul class=\"wp-block-list\">\n<li>A aus\u00eancia de uma rotina presencial estruturada exige disciplina autodirigida que muitos estudantes ainda n\u00e3o desenvolveram<\/li>\n\n\n\n<li>Sem hor\u00e1rios fixos de aula, tarefas acad\u00eamicas s\u00e3o constantemente postergadas em favor de demandas imediatas do trabalho ou fam\u00edlia<\/li>\n\n\n\n<li>A procrastina\u00e7\u00e3o se acumula at\u00e9 que a defasagem se torna insuper\u00e1vel<\/li>\n<\/ul>\n\n\n\n<p><strong>2. Isolamento e Baixo Engajamento<\/strong><\/p>\n\n\n\n<p>Dados de plataformas de aprendizagem mostram que estudantes EAD com menos de 3 intera\u00e7\u00f5es sociais por semana (f\u00f3runs, chats, grupos) t\u00eam 2,7 vezes mais probabilidade de evadir.<\/p>\n\n\n\n<ul class=\"wp-block-list\">\n<li>Dificuldade de construir senso de pertencimento \u00e0 institui\u00e7\u00e3o<\/li>\n\n\n\n<li>Intera\u00e7\u00e3o limitada com colegas reduz motiva\u00e7\u00e3o e troca de conhecimento<\/li>\n\n\n\n<li>Distanciamento afetivo da marca institucional<\/li>\n<\/ul>\n\n\n\n<p>Um estudo com 12 mil alunos EAD revelou que aqueles que n\u00e3o participavam de pelo menos um evento s\u00edncrono mensal tinham taxa de evas\u00e3o 34% superior.<\/p>\n\n\n\n<p><strong>3. Compet\u00eancias Digitais Insuficientes<\/strong><\/p>\n\n\n\n<p>Mesmo em 2025, a literacia digital ainda \u00e9 uma barreira significativa. Aproximadamente 23% dos ingressantes em EAD reportam dificuldades com tecnologia educacional nos primeiros 30 dias.<\/p>\n\n\n\n<ul class=\"wp-block-list\">\n<li>Curva de aprendizado de plataformas LMS (Moodle, Canvas, etc.)<\/li>\n\n\n\n<li>Acesso limitado a internet de qualidade (especialmente em regi\u00f5es remotas)<\/li>\n\n\n\n<li>Falta de equipamentos adequados (computadores compartilhados, telas pequenas de celulares)<\/li>\n<\/ul>\n\n\n\n<p><strong>4. Expectativas N\u00e3o Realistas sobre Flexibilidade<\/strong><\/p>\n\n\n\n<p>Muitos estudantes ingressam em EAD esperando poder estudar &#8220;quando sobrar tempo&#8221;, sem compreender a carga de trabalho real necess\u00e1ria.<\/p>\n\n\n\n<ul class=\"wp-block-list\">\n<li>Subestima\u00e7\u00e3o das horas semanais de dedica\u00e7\u00e3o<\/li>\n\n\n\n<li>Choque ao descobrir prazos, avalia\u00e7\u00f5es e exig\u00eancias similares ao presencial<\/li>\n\n\n\n<li>Dificuldade de concilia\u00e7\u00e3o trabalho-estudo mais complexa do que antecipado<\/li>\n<\/ul>\n\n\n\n<h3 class=\"wp-block-heading\"><span class=\"ez-toc-section\" id=\"Fatores_Predominantes_no_Presencial\"><\/span>Fatores Predominantes no Presencial<span class=\"ez-toc-section-end\"><\/span><\/h3>\n\n\n\n<p>Enquanto o EAD enfrenta desafios de autonomia e engajamento digital, o presencial lida com obst\u00e1culos de natureza log\u00edstica e social.<\/p>\n\n\n\n<p><strong>1. Quest\u00f5es Log\u00edsticas e de Deslocamento<\/strong><\/p>\n\n\n\n<p>Uma pesquisa com 8.500 evadidos de cursos presenciais identificou que 37% citam problemas de deslocamento como fator contributivo significativo.<\/p>\n\n\n\n<ul class=\"wp-block-list\">\n<li>Tempo de transporte que pode chegar a 3-4 horas di\u00e1rias em grandes centros urbanos<\/li>\n\n\n\n<li>Custos elevados com transporte (especialmente ap\u00f3s aumento de tarifas)<\/li>\n\n\n\n<li>Mudan\u00e7a de endere\u00e7o (trabalho, fam\u00edlia) tornando invi\u00e1vel o deslocamento<\/li>\n\n\n\n<li>Incompatibilidade crescente entre hor\u00e1rios de trabalho e aulas<\/li>\n<\/ul>\n\n\n\n<p><strong>2. Press\u00f5es Financeiras Diretas<\/strong><\/p>\n\n\n\n<p>Al\u00e9m da mensalidade, estudantes presenciais enfrentam custos adicionais que frequentemente s\u00e3o subestimados:<\/p>\n\n\n\n<ul class=\"wp-block-list\">\n<li>Alimenta\u00e7\u00e3o no campus (R$ 300-500\/m\u00eas)<\/li>\n\n\n\n<li>Materiais e fotoc\u00f3pias (R$ 80-150\/m\u00eas)<\/li>\n\n\n\n<li>Transporte (R$ 200-400\/m\u00eas)<\/li>\n<\/ul>\n\n\n\n<p>Para estudantes de baixa renda, esses R$ 600-1.000 adicionais mensais podem ser decisivos. Dados do Censo mostram que 42% dos evadidos de cursos presenciais citam dificuldades financeiras, contra 34% no EAD.<\/p>\n\n\n\n<p><strong>3. Dificuldades de Integra\u00e7\u00e3o Social<\/strong><\/p>\n\n\n\n<p>Especialmente cr\u00edtico no primeiro ano, o n\u00e3o-pertencimento afeta significativamente a perman\u00eancia:<\/p>\n\n\n\n<ul class=\"wp-block-list\">\n<li>Dificuldade de fazer amizades nos primeiros meses<\/li>\n\n\n\n<li>N\u00e3o adapta\u00e7\u00e3o \u00e0 cultura institucional ou ao grupo<\/li>\n\n\n\n<li>Conflitos interpessoais com colegas ou docentes<\/li>\n\n\n\n<li>Sensa\u00e7\u00e3o de &#8220;n\u00e3o se encaixar&#8221; no ambiente acad\u00eamico<\/li>\n<\/ul>\n\n\n\n<p>Estudantes presenciais que n\u00e3o formam ao menos um v\u00ednculo social significativo nos primeiros 60 dias t\u00eam taxa de evas\u00e3o 2,3 vezes maior, segundo pesquisa da Funda\u00e7\u00e3o Carlos Chagas.<\/p>\n\n\n\n<p><strong>4. Incompatibilidade com Trabalho<\/strong><\/p>\n\n\n\n<p>Com 45% dos estudantes presenciais trabalhando, a rigidez de hor\u00e1rios cria conflitos:<\/p>\n\n\n\n<ul class=\"wp-block-list\">\n<li>Impossibilidade de faltar ou sair mais cedo do trabalho para assistir aulas<\/li>\n\n\n\n<li>Cansa\u00e7o extremo em jornadas duplas<\/li>\n\n\n\n<li>Ofertas de emprego com hor\u00e1rios incompat\u00edveis com o curso<\/li>\n<\/ul>\n\n\n\n<blockquote class=\"wp-block-quote is-layout-flow wp-block-quote-is-layout-flow\">\n<p>\ud83d\udca1 <strong>Insight Importante:<\/strong> Enquanto EAD enfrenta desafios de engajamento aut\u00f4nomo, presencial lida com barreiras log\u00edsticas e financeiras concretas. Reconhecer essa diferen\u00e7a fundamental \u00e9 o primeiro passo para estrat\u00e9gias diferenciadas.<\/p>\n<\/blockquote>\n\n\n\n<h2 class=\"wp-block-heading\"><span class=\"ez-toc-section\" id=\"Perfil_do_Aluno_Evadido_Diferencas_Entre_Modalidades\"><\/span>Perfil do Aluno Evadido: Diferen\u00e7as Entre Modalidades<span class=\"ez-toc-section-end\"><\/span><\/h2>\n\n\n\n<p>Compreender quem abandona os cursos \u00e9 t\u00e3o importante quanto entender por qu\u00ea. Os dados revelam perfis demogr\u00e1ficos e comportamentais marcadamente distintos entre evadidos de EAD e presencial.<\/p>\n\n\n\n<h3 class=\"wp-block-heading\"><span class=\"ez-toc-section\" id=\"Caracteristicas_Demograficas_Comparadas\"><\/span>Caracter\u00edsticas Demogr\u00e1ficas Comparadas<span class=\"ez-toc-section-end\"><\/span><\/h3>\n\n\n\n<p><strong>Perfil T\u00edpico &#8211; EAD:<\/strong><\/p>\n\n\n\n<ul class=\"wp-block-list\">\n<li><strong>Idade m\u00e9dia:<\/strong> 32 anos (vs 28 anos dos concluintes EAD)<\/li>\n\n\n\n<li><strong>G\u00eanero:<\/strong> 58% mulheres<\/li>\n\n\n\n<li><strong>Situa\u00e7\u00e3o profissional:<\/strong> 81% trabalhando em per\u00edodo integral<\/li>\n\n\n\n<li><strong>Estado civil:<\/strong> 54% casados ou em uni\u00e3o est\u00e1vel<\/li>\n\n\n\n<li><strong>Filhos:<\/strong> 61% com ao menos um filho<\/li>\n\n\n\n<li><strong>Hist\u00f3rico educacional:<\/strong> 48% j\u00e1 haviam iniciado e abandonado outro curso superior anteriormente<\/li>\n\n\n\n<li><strong>Localiza\u00e7\u00e3o:<\/strong> 67% residem a mais de 50km do polo presencial mais pr\u00f3ximo<\/li>\n<\/ul>\n\n\n\n<p><strong>Perfil T\u00edpico &#8211; Presencial:<\/strong><\/p>\n\n\n\n<ul class=\"wp-block-list\">\n<li><strong>Idade m\u00e9dia:<\/strong> 21 anos (vs 20 anos dos concluintes presenciais)<\/li>\n\n\n\n<li><strong>G\u00eanero:<\/strong> 52% mulheres<\/li>\n\n\n\n<li><strong>Situa\u00e7\u00e3o profissional:<\/strong> 47% trabalhando (per\u00edodo integral ou parcial)<\/li>\n\n\n\n<li><strong>Estado civil:<\/strong> 86% solteiros<\/li>\n\n\n\n<li><strong>Filhos:<\/strong> 18% com filhos<\/li>\n\n\n\n<li><strong>Hist\u00f3rico educacional:<\/strong> 73% na primeira gradua\u00e7\u00e3o<\/li>\n\n\n\n<li><strong>Localiza\u00e7\u00e3o:<\/strong> 71% residem a menos de 20km da institui\u00e7\u00e3o<\/li>\n<\/ul>\n\n\n\n<h3 class=\"wp-block-heading\"><span class=\"ez-toc-section\" id=\"Padroes_Comportamentais_de_Evasao\"><\/span>Padr\u00f5es Comportamentais de Evas\u00e3o<span class=\"ez-toc-section-end\"><\/span><\/h3>\n\n\n\n<p>As diferen\u00e7as n\u00e3o s\u00e3o apenas demogr\u00e1ficas &#8211; os sinais de alerta e o timing da evas\u00e3o tamb\u00e9m variam significativamente.<\/p>\n\n\n\n<p><strong>Momento t\u00edpico de evas\u00e3o:<\/strong><\/p>\n\n\n\n<figure class=\"wp-block-table\"><table class=\"has-fixed-layout\"><thead><tr><th>Per\u00edodo<\/th><th>EAD<\/th><th>Presencial<\/th><\/tr><\/thead><tbody><tr><td><strong>1\u00ba semestre<\/strong><\/td><td>28%<\/td><td>35%<\/td><\/tr><tr><td><strong>2\u00ba semestre<\/strong><\/td><td>22%<\/td><td>19%<\/td><\/tr><tr><td><strong>3\u00ba semestre<\/strong><\/td><td>18%<\/td><td>14%<\/td><\/tr><tr><td><strong>4\u00ba semestre<\/strong><\/td><td>15%<\/td><td>11%<\/td><\/tr><tr><td><strong>Ap\u00f3s 4\u00ba semestre<\/strong><\/td><td>17%<\/td><td>21%<\/td><\/tr><\/tbody><\/table><\/figure>\n\n\n\n<p>Observe que o presencial concentra mais evas\u00e3o no primeiro semestre (desafio de adapta\u00e7\u00e3o inicial), enquanto EAD mant\u00e9m taxas elevadas por mais tempo, com pico secund\u00e1rio no 3\u00ba-4\u00ba semestre (quando efeitos cumulativos de baixo engajamento se manifestam).<\/p>\n\n\n\n<p><strong>Sinais de alerta espec\u00edficos:<\/strong><\/p>\n\n\n\n<p><strong>EAD &#8211; Indicadores digitais:<\/strong><\/p>\n\n\n\n<ul class=\"wp-block-list\">\n<li>Redu\u00e7\u00e3o de 40%+ nos acessos \u00e0 plataforma em 2 semanas consecutivas<\/li>\n\n\n\n<li>Aus\u00eancia de login por 7+ dias (cr\u00edtico se ocorrer 2x em um m\u00eas)<\/li>\n\n\n\n<li>N\u00e3o conclus\u00e3o de 2+ m\u00f3dulos consecutivos<\/li>\n\n\n\n<li>Taxa de visualiza\u00e7\u00e3o de videoaulas &lt; 30%<\/li>\n\n\n\n<li>Zero intera\u00e7\u00f5es em f\u00f3runs durante 3+ semanas<\/li>\n\n\n\n<li>Atraso crescente na entrega de atividades<\/li>\n<\/ul>\n\n\n\n<p><strong>Presencial &#8211; Indicadores f\u00edsicos e acad\u00eamicos:<\/strong><\/p>\n\n\n\n<ul class=\"wp-block-list\">\n<li>3+ faltas consecutivas em disciplinas-chave<\/li>\n\n\n\n<li>Pontualidade decrescente (chegadas tardias frequentes)<\/li>\n\n\n\n<li>Aus\u00eancia em atividades avaliativas<\/li>\n\n\n\n<li>Isolamento social (n\u00e3o participa de trabalhos em grupo)<\/li>\n\n\n\n<li>Queda abrupta em notas (\u226530% de redu\u00e7\u00e3o)<\/li>\n\n\n\n<li>N\u00e3o uso de biblioteca e laborat\u00f3rios<\/li>\n<\/ul>\n\n\n\n<h3 class=\"wp-block-heading\"><span class=\"ez-toc-section\" id=\"Disciplinas_Criticas_por_Modalidade\"><\/span>Disciplinas Cr\u00edticas por Modalidade<span class=\"ez-toc-section-end\"><\/span><\/h3>\n\n\n\n<p>A evas\u00e3o n\u00e3o se distribui uniformemente pelo curr\u00edculo. Certas disciplinas funcionam como &#8220;pontos de fuga&#8221; em cada modalidade.<\/p>\n\n\n\n<p><strong>EAD &#8211; Disciplinas de maior evas\u00e3o:<\/strong><\/p>\n\n\n\n<ol class=\"wp-block-list\">\n<li>Matem\u00e1tica\/C\u00e1lculo (evas\u00e3o 42% superior \u00e0 m\u00e9dia do curso)<\/li>\n\n\n\n<li>Estat\u00edstica<\/li>\n\n\n\n<li>F\u00edsica<\/li>\n\n\n\n<li>Disciplinas que exigem leitura densa e extensa<\/li>\n\n\n\n<li>Disciplinas pr\u00e1ticas com simula\u00e7\u00f5es complexas<\/li>\n<\/ol>\n\n\n\n<p><strong>Presencial &#8211; Disciplinas de maior evas\u00e3o:<\/strong><\/p>\n\n\n\n<ol class=\"wp-block-list\">\n<li>C\u00e1lculo Diferencial e Integral<\/li>\n\n\n\n<li>F\u00edsica Experimental<\/li>\n\n\n\n<li>Qu\u00edmica Org\u00e2nica<\/li>\n\n\n\n<li>Disciplinas do primeiro ano com alta carga te\u00f3rica<\/li>\n\n\n\n<li>Disciplinas com professores de reputa\u00e7\u00e3o &#8220;dif\u00edcil&#8221;<\/li>\n<\/ol>\n\n\n\n<p>A principal diferen\u00e7a: em EAD, a evas\u00e3o em disciplinas dif\u00edceis relaciona-se com aus\u00eancia de suporte imediato e dificuldade de autorregula\u00e7\u00e3o. No presencial, conecta-se mais a experi\u00eancias negativas em sala e expectativas n\u00e3o atendidas sobre metodologias.<\/p>\n\n\n\n<h2 class=\"wp-block-heading\"><span class=\"ez-toc-section\" id=\"Estrategias_de_Retencao_Diferenciadas_por_Modalidade\"><\/span>Estrat\u00e9gias de Reten\u00e7\u00e3o Diferenciadas por Modalidade<span class=\"ez-toc-section-end\"><\/span><\/h2>\n\n\n\n<p>Reconhecer que as modalidades apresentam desafios distintos \u00e9 apenas o ponto de partida. O pr\u00f3ximo passo \u00e9 implementar estrat\u00e9gias espec\u00edficas que endere\u00e7am os fatores de risco de cada contexto.<\/p>\n\n\n\n<h3 class=\"wp-block-heading\"><span class=\"ez-toc-section\" id=\"Estrategias_Efetivas_para_EAD\"><\/span>Estrat\u00e9gias Efetivas para EAD<span class=\"ez-toc-section-end\"><\/span><\/h3>\n\n\n\n<p><strong>1. Fortalecimento do Senso de Comunidade Virtual<\/strong><\/p>\n\n\n\n<p>O combate ao isolamento deve ser sistem\u00e1tico, n\u00e3o ocasional:<\/p>\n\n\n\n<ul class=\"wp-block-list\">\n<li><strong>Grupos de estudo virtuais obrigat\u00f3rios:<\/strong> Atribui\u00e7\u00e3o de &#8220;squads&#8221; de 5-7 alunos desde a primeira semana, com tarefas colaborativas mensais<\/li>\n\n\n\n<li><strong>Eventos s\u00edncronos regulares:<\/strong> M\u00ednimo de 2 encontros ao vivo por m\u00eas (aulas, workshops, lives com professores)<\/li>\n\n\n\n<li><strong>Gamifica\u00e7\u00e3o com ranking social:<\/strong> Sistemas de pontos e badges que incentivam intera\u00e7\u00e3o (respostas em f\u00f3runs, ajuda a colegas)<\/li>\n\n\n\n<li><strong>Tutoria ativa 24\/7:<\/strong> Tutores designados que contatam proativamente alunos com baixo engajamento (n\u00e3o esperam pedidos de ajuda)<\/li>\n<\/ul>\n\n\n\n<p><strong>Caso real:<\/strong> Uma faculdade de tecnologia implementou &#8220;miss\u00f5es colaborativas&#8221; mensais onde grupos precisavam resolver desafios juntos. A taxa de evas\u00e3o no primeiro ano caiu de 39% para 27% em dois semestres.<\/p>\n\n\n\n<p><strong>2. Suporte Tecnol\u00f3gico e Onboarding Robusto<\/strong><\/p>\n\n\n\n<p>N\u00e3o presuma compet\u00eancia digital &#8211; construa-a:<\/p>\n\n\n\n<ul class=\"wp-block-list\">\n<li><strong>Semana Zero obrigat\u00f3ria:<\/strong> Antes do in\u00edcio das aulas, curso intensivo sobre como usar a plataforma, ferramentas de estudo online e gest\u00e3o de tempo<\/li>\n\n\n\n<li><strong>Tutoriais em v\u00eddeo curtos (&lt;3 min):<\/strong> Para cada funcionalidade da plataforma, acess\u00edveis via QR code<\/li>\n\n\n\n<li><strong>Suporte t\u00e9cnico responsivo:<\/strong> Chat ou WhatsApp com resposta em &lt;2h durante hor\u00e1rio comercial<\/li>\n\n\n\n<li><strong>Checkpoints tecnol\u00f3gicos:<\/strong> Nos dias 7, 15 e 30, sistema envia checklist: &#8220;Conseguiu acessar todas as ferramentas?&#8221;<\/li>\n<\/ul>\n\n\n\n<p><strong>3. Monitoramento Proativo com Analytics de Engajamento<\/strong><\/p>\n\n\n\n<p>Tecnologia deve trabalhar para identificar riscos antes que se tornem evas\u00e3o:<\/p>\n\n\n\n<ul class=\"wp-block-list\">\n<li><strong>Dashboards de early warning:<\/strong> Alertas autom\u00e1ticos quando aluno n\u00e3o acessa plataforma por 5+ dias<\/li>\n\n\n\n<li><strong>Scores de engajamento:<\/strong> Algoritmos que combinam acesso, participa\u00e7\u00e3o, entregas e geram &#8220;\u00edndice de risco&#8221;<\/li>\n\n\n\n<li><strong>Interven\u00e7\u00e3o autom\u00e1tica em 3 n\u00edveis:<\/strong>\n<ul class=\"wp-block-list\">\n<li>N\u00edvel 1 (risco baixo): Email motivacional automatizado<\/li>\n\n\n\n<li>N\u00edvel 2 (risco m\u00e9dio): Contato do tutor via WhatsApp<\/li>\n\n\n\n<li>N\u00edvel 3 (risco alto): Liga\u00e7\u00e3o do coordenador + plano de recupera\u00e7\u00e3o personalizado<\/li>\n<\/ul>\n<\/li>\n<\/ul>\n\n\n\n<p>Plataformas como a eLabi possibilitam predi\u00e7\u00e3o de evas\u00e3o com at\u00e9 60 dias de anteced\u00eancia, analisando mais de 40 vari\u00e1veis comportamentais espec\u00edficas do ambiente digital.<\/p>\n\n\n\n<p><strong>4. Flexibilidade Estruturada (N\u00e3o Ca\u00f3tica)<\/strong><\/p>\n\n\n\n<p>O paradoxo do EAD: alunos querem flexibilidade mas precisam de estrutura.<\/p>\n\n\n\n<ul class=\"wp-block-list\">\n<li><strong>M\u00faltiplas datas de avalia\u00e7\u00e3o:<\/strong> 2-3 janelas de prova por disciplina, dando op\u00e7\u00f5es sem eliminar deadlines<\/li>\n\n\n\n<li><strong>Ritmos de progress\u00e3o diferenciados:<\/strong> Op\u00e7\u00e3o de fazer disciplinas em 8, 12 ou 16 semanas conforme disponibilidade<\/li>\n\n\n\n<li><strong>Conte\u00fados &#8220;sempre dispon\u00edveis&#8221;:<\/strong> Videoaulas e materiais permanentes (n\u00e3o desaparecem ap\u00f3s prazo)<\/li>\n\n\n\n<li><strong>Suporte espec\u00edfico para concilia\u00e7\u00e3o:<\/strong> Orienta\u00e7\u00e3o individualizada nos primeiros 30 dias sobre como montar cronograma pessoal<\/li>\n<\/ul>\n\n\n\n<h3 class=\"wp-block-heading\"><span class=\"ez-toc-section\" id=\"Estrategias_Efetivas_para_Presencial\"><\/span>Estrat\u00e9gias Efetivas para Presencial<span class=\"ez-toc-section-end\"><\/span><\/h3>\n\n\n\n<p><strong>1. Integra\u00e7\u00e3o Social Intensiva desde o Primeiro Dia<\/strong><\/p>\n\n\n\n<p>A experi\u00eancia inicial define perman\u00eancia:<\/p>\n\n\n\n<ul class=\"wp-block-list\">\n<li><strong>Programas de recep\u00e7\u00e3o robustos:<\/strong> Trotes educativos, gincanas integradoras, eventos de boas-vindas com veteranos<\/li>\n\n\n\n<li><strong>Sistema de &#8220;buddy&#8221;:<\/strong> Cada calouro recebe um veterano mentor nos primeiros 90 dias<\/li>\n\n\n\n<li><strong>Atividades extracurriculares acess\u00edveis:<\/strong> Atl\u00e9tica, grupos culturais, cient\u00edficos &#8211; oferta ampla desde semana 1<\/li>\n\n\n\n<li><strong>Espa\u00e7os de conviv\u00eancia estrat\u00e9gicos:<\/strong> Cafeterias, salas de estudo em grupo, \u00e1reas de descanso que incentivem intera\u00e7\u00e3o natural<\/li>\n<\/ul>\n\n\n\n<p><strong>Dado relevante:<\/strong> Institui\u00e7\u00f5es com programas estruturados de integra\u00e7\u00e3o social nos primeiros 60 dias reduzem evas\u00e3o no primeiro ano em m\u00e9dia 18%, segundo estudo da ABMES.<\/p>\n\n\n\n<p><strong>2. Flexibiliza\u00e7\u00e3o de Hor\u00e1rios e Formatos H\u00edbridos<\/strong><\/p>\n\n\n\n<p>Reconhecer que estudantes trabalham n\u00e3o \u00e9 suficiente &#8211; \u00e9 preciso adaptar-se:<\/p>\n\n\n\n<ul class=\"wp-block-list\">\n<li><strong>Turmas noturnas reais:<\/strong> Aulas come\u00e7ando \u00e0s 19h (n\u00e3o 18h30), terminando com tempo de pegar transporte<\/li>\n\n\n\n<li><strong>Op\u00e7\u00e3o de s\u00e1bados:<\/strong> Oferta de disciplinas aos finais de semana para quem n\u00e3o consegue vir entre semana<\/li>\n\n\n\n<li><strong>Disciplinas semipresenciais seletivas:<\/strong> 30-40% do conte\u00fado online, reduzindo necessidade de presen\u00e7a f\u00edsica<\/li>\n\n\n\n<li><strong>Grava\u00e7\u00e3o de aulas:<\/strong> Para assistir depois se precisou faltar (respeitando propriedade intelectual)<\/li>\n<\/ul>\n\n\n\n<p><strong>3. Apoio Financeiro Inteligente e Log\u00edstico<\/strong><\/p>\n\n\n\n<p>Bolsas acad\u00eamicas s\u00e3o importantes, mas h\u00e1 outras formas de ajudar:<\/p>\n\n\n\n<ul class=\"wp-block-list\">\n<li><strong>Parcerias de transporte:<\/strong> Acordos com apps ou empresas de \u00f4nibus para tarifas reduzidas<\/li>\n\n\n\n<li><strong>Alimenta\u00e7\u00e3o subsidiada:<\/strong> Restaurante universit\u00e1rio ou parcerias com food trucks<\/li>\n\n\n\n<li><strong>Programas de trabalho-estudo:<\/strong> Permitir que aluno trabalhe na pr\u00f3pria institui\u00e7\u00e3o com hor\u00e1rios compat\u00edveis<\/li>\n\n\n\n<li><strong>Microfinanciamento emergencial:<\/strong> Pequenos empr\u00e9stimos (R$ 300-800) sem juros para emerg\u00eancias comprovadas<\/li>\n<\/ul>\n\n\n\n<p><strong>Caso real:<\/strong> Uma universidade comunit\u00e1ria criou &#8220;fundo emergencial de perman\u00eancia&#8221; com aportes de R$ 200-500 para alunos em dificuldade tempor\u00e1ria. Com investimento de R$ 84 mil\/ano, evitou evas\u00e3o de 63 alunos, preservando R$ 680 mil em receita.<\/p>\n\n\n\n<p><strong>4. Monitoramento de Frequ\u00eancia com Interven\u00e7\u00e3o R\u00e1pida<\/strong><\/p>\n\n\n\n<p>Presen\u00e7a f\u00edsica \u00e9 indicador cr\u00edtico &#8211; deve ser monitorada ativamente:<\/p>\n\n\n\n<ul class=\"wp-block-list\">\n<li><strong>Sistema automatizado de presen\u00e7a:<\/strong> Registro digital que gera alertas ap\u00f3s 2\u00aa falta consecutiva<\/li>\n\n\n\n<li><strong>Protocolo de contato escalonado:<\/strong>\n<ul class=\"wp-block-list\">\n<li>3 faltas \u2192 Email autom\u00e1tico do sistema<\/li>\n\n\n\n<li>5 faltas \u2192 Liga\u00e7\u00e3o da coordena\u00e7\u00e3o<\/li>\n\n\n\n<li>7 faltas \u2192 Reuni\u00e3o presencial obrigat\u00f3ria<\/li>\n<\/ul>\n<\/li>\n\n\n\n<li><strong>Comiss\u00e3o de perman\u00eancia:<\/strong> Equipe multidisciplinar (assistente social, pedagogo, coordenador) que atende casos de risco<\/li>\n\n\n\n<li><strong>Planos de recupera\u00e7\u00e3o personalizados:<\/strong> Para quem faltou muito, cronograma especial de compensa\u00e7\u00e3o<\/li>\n<\/ul>\n\n\n\n<blockquote class=\"wp-block-quote is-layout-flow wp-block-quote-is-layout-flow\">\n<p>\u26a0\ufe0f <strong>Aten\u00e7\u00e3o:<\/strong> Independente da modalidade, o elemento comum mais cr\u00edtico \u00e9 a predi\u00e7\u00e3o precoce. Quanto antes identificar risco, maior a chance de reverter. Sistemas baseados em IA aumentam essa janela de a\u00e7\u00e3o de dias para semanas.<\/p>\n<\/blockquote>\n\n\n\n<h2 class=\"wp-block-heading\"><span class=\"ez-toc-section\" id=\"Como_a_Inteligencia_Artificial_Detecta_Padroes_Especificos_por_Modalidade\"><\/span>Como a Intelig\u00eancia Artificial Detecta Padr\u00f5es Espec\u00edficos por Modalidade<span class=\"ez-toc-section-end\"><\/span><\/h2>\n\n\n\n<p>A grande evolu\u00e7\u00e3o na gest\u00e3o de reten\u00e7\u00e3o estudantil \u00e9 a capacidade de prever evas\u00e3o antes que ela ocorra, permitindo interven\u00e7\u00f5es preventivas em vez de reativas. Por\u00e9m, algoritmos gen\u00e9ricos n\u00e3o capturam as nuances de cada modalidade.<\/p>\n\n\n\n<h3 class=\"wp-block-heading\"><span class=\"ez-toc-section\" id=\"Por_Que_Modelos_Diferenciados_Sao_Essenciais\"><\/span>Por Que Modelos Diferenciados S\u00e3o Essenciais<span class=\"ez-toc-section-end\"><\/span><\/h3>\n\n\n\n<p>Um estudante de EAD que n\u00e3o acessa a plataforma por 5 dias pode estar em risco cr\u00edtico. No presencial, aus\u00eancia de 5 dias pode ser apenas uma semana de provas de outras disciplinas. Usar os mesmos par\u00e2metros levaria a falsos positivos ou, pior, falsos negativos.<\/p>\n\n\n\n<p>Sistemas preditivos eficazes devem ser treinados com dados espec\u00edficos de cada modalidade, reconhecendo quais vari\u00e1veis s\u00e3o mais preditivas em cada contexto.<\/p>\n\n\n\n<h3 class=\"wp-block-heading\"><span class=\"ez-toc-section\" id=\"Variaveis_Preditivas_Especificas_do_EAD\"><\/span>Vari\u00e1veis Preditivas Espec\u00edficas do EAD<span class=\"ez-toc-section-end\"><\/span><\/h3>\n\n\n\n<p>An\u00e1lises de dados de milhares de estudantes EAD revelam que as seguintes m\u00e9tricas t\u00eam maior poder preditivo:<\/p>\n\n\n\n<p><strong>Comportamento de acesso \u00e0 plataforma:<\/strong><\/p>\n\n\n\n<ul class=\"wp-block-list\">\n<li>Frequ\u00eancia de logins (padr\u00e3o semanal esperado vs real)<\/li>\n\n\n\n<li>Hor\u00e1rios de acesso (concentra\u00e7\u00e3o vs dispers\u00e3o)<\/li>\n\n\n\n<li>Dias consecutivos sem login<\/li>\n\n\n\n<li>Taxa de decl\u00ednio nos acessos (tend\u00eancia nas \u00faltimas 4 semanas)<\/li>\n<\/ul>\n\n\n\n<p><strong>Engajamento com conte\u00fado:<\/strong><\/p>\n\n\n\n<ul class=\"wp-block-list\">\n<li>Percentual de videoaulas visualizadas at\u00e9 o fim<\/li>\n\n\n\n<li>Tempo m\u00e9dio de perman\u00eancia em atividades<\/li>\n\n\n\n<li>Taxa de conclus\u00e3o de m\u00f3dulos\/unidades<\/li>\n\n\n\n<li>Download de materiais complementares<\/li>\n<\/ul>\n\n\n\n<p><strong>Intera\u00e7\u00e3o social digital:<\/strong><\/p>\n\n\n\n<ul class=\"wp-block-list\">\n<li>N\u00famero de posts em f\u00f3runs de discuss\u00e3o<\/li>\n\n\n\n<li>Respostas a mensagens de tutores (taxa e tempo de resposta)<\/li>\n\n\n\n<li>Participa\u00e7\u00e3o em eventos s\u00edncronos (lives, webinars)<\/li>\n\n\n\n<li>Intera\u00e7\u00f5es com colegas (privadas e p\u00fablicas)<\/li>\n<\/ul>\n\n\n\n<p><strong>Desempenho acad\u00eamico:<\/strong><\/p>\n\n\n\n<ul class=\"wp-block-list\">\n<li>Notas nas primeiras avalia\u00e7\u00f5es<\/li>\n\n\n\n<li>Taxa de entregas de atividades no prazo<\/li>\n\n\n\n<li>Retrabalhos e resubmiss\u00f5es<\/li>\n\n\n\n<li>Uso de recursos de apoio (tutoria, materiais extras)<\/li>\n<\/ul>\n\n\n\n<p>Um estudo com 80 mil alunos EAD mostrou que a combina\u00e7\u00e3o de &#8220;decl\u00ednio de 40% nos logins + zero participa\u00e7\u00f5es em f\u00f3rum por 3 semanas + atraso em 2 entregas&#8221; indica 87% de probabilidade de evas\u00e3o nos pr\u00f3ximos 45 dias.<\/p>\n\n\n\n<h3 class=\"wp-block-heading\"><span class=\"ez-toc-section\" id=\"Variaveis_Preditivas_Especificas_do_Presencial\"><\/span>Vari\u00e1veis Preditivas Espec\u00edficas do Presencial<span class=\"ez-toc-section-end\"><\/span><\/h3>\n\n\n\n<p>No contexto presencial, os sinais de alerta t\u00eam natureza diferente:<\/p>\n\n\n\n<p><strong>Frequ\u00eancia f\u00edsica:<\/strong><\/p>\n\n\n\n<ul class=\"wp-block-list\">\n<li>Taxa de presen\u00e7a em aulas (especialmente tend\u00eancia)<\/li>\n\n\n\n<li>Faltas consecutivas vs espor\u00e1dicas<\/li>\n\n\n\n<li>Pontualidade (atrasos crescentes s\u00e3o sinal)<\/li>\n\n\n\n<li>Presen\u00e7a em atividades opcionais (palestras, eventos)<\/li>\n<\/ul>\n\n\n\n<p><strong>Engajamento presencial:<\/strong><\/p>\n\n\n\n<ul class=\"wp-block-list\">\n<li>Participa\u00e7\u00e3o ativa em aulas (registros de professores)<\/li>\n\n\n\n<li>Trabalhos em grupo (colabora\u00e7\u00e3o vs isolamento)<\/li>\n\n\n\n<li>Uso de biblioteca f\u00edsica e digital<\/li>\n\n\n\n<li>Frequ\u00eancia em laborat\u00f3rios, monitorias, plant\u00f5es<\/li>\n<\/ul>\n\n\n\n<p><strong>Desempenho e avalia\u00e7\u00f5es:<\/strong><\/p>\n\n\n\n<ul class=\"wp-block-list\">\n<li>Notas em provas presenciais<\/li>\n\n\n\n<li>Tend\u00eancia de desempenho (melhora, estabilidade, decl\u00ednio)<\/li>\n\n\n\n<li>Aus\u00eancias em avalia\u00e7\u00f5es<\/li>\n\n\n\n<li>Uso de oportunidades de recupera\u00e7\u00e3o<\/li>\n<\/ul>\n\n\n\n<p><strong>Indicadores financeiros:<\/strong><\/p>\n\n\n\n<ul class=\"wp-block-list\">\n<li>Atrasos em mensalidades (padr\u00e3o e recorr\u00eancia)<\/li>\n\n\n\n<li>Renegocia\u00e7\u00f5es de d\u00e9bitos<\/li>\n\n\n\n<li>Hist\u00f3rico de bolsas e descontos<\/li>\n<\/ul>\n\n\n\n<p><strong>Indicadores socioecon\u00f4micos:<\/strong><\/p>\n\n\n\n<ul class=\"wp-block-list\">\n<li>Mudan\u00e7as de endere\u00e7o reportadas<\/li>\n\n\n\n<li>Altera\u00e7\u00f5es em dados de contato<\/li>\n\n\n\n<li>Solicita\u00e7\u00f5es de transfer\u00eancia de turno\/unidade<\/li>\n<\/ul>\n\n\n\n<h3 class=\"wp-block-heading\"><span class=\"ez-toc-section\" id=\"Abordagem_Integrada_Como_Funciona_na_Pratica\"><\/span>Abordagem Integrada: Como Funciona na Pr\u00e1tica<span class=\"ez-toc-section-end\"><\/span><\/h3>\n\n\n\n<p>Plataformas especializadas em predi\u00e7\u00e3o de evas\u00e3o, como a eLabi, utilizam machine learning para identificar padr\u00f5es complexos que humanos dificilmente detectariam:<\/p>\n\n\n\n<p><strong>1. Treinamento de modelos separados:<\/strong><\/p>\n\n\n\n<ul class=\"wp-block-list\">\n<li>Algoritmos s\u00e3o treinados com dados hist\u00f3ricos de cada modalidade separadamente<\/li>\n\n\n\n<li>O sistema &#8220;aprende&#8221; quais combina\u00e7\u00f5es de vari\u00e1veis precedem evas\u00e3o em cada contexto<\/li>\n\n\n\n<li>Ajuste cont\u00ednuo conforme novos dados s\u00e3o incorporados<\/li>\n<\/ul>\n\n\n\n<p><strong>2. Scores de risco contextualizados:<\/strong><\/p>\n\n\n\n<ul class=\"wp-block-list\">\n<li>Cada aluno recebe score de 0-100 indicando probabilidade de evas\u00e3o<\/li>\n\n\n\n<li>Thresholds de alerta s\u00e3o diferentes: EAD pode alertar em score 60, presencial em score 70<\/li>\n\n\n\n<li>Recomenda\u00e7\u00f5es de interven\u00e7\u00e3o s\u00e3o personalizadas por modalidade<\/li>\n<\/ul>\n\n\n\n<p><strong>3. Alertas acion\u00e1veis:<\/strong><\/p>\n\n\n\n<ul class=\"wp-block-list\">\n<li>N\u00e3o basta dizer &#8220;aluno em risco&#8221; &#8211; sistema indica <strong>o que fazer<\/strong><\/li>\n\n\n\n<li>Exemplo EAD: &#8220;Baixo engajamento detectado \u2192 Recomenda\u00e7\u00e3o: contato do tutor via WhatsApp + convite para grupo de estudos&#8221;<\/li>\n\n\n\n<li>Exemplo Presencial: &#8220;3 faltas consecutivas \u2192 Recomenda\u00e7\u00e3o: liga\u00e7\u00e3o da coordena\u00e7\u00e3o + verificar quest\u00f5es financeiras&#8221;<\/li>\n<\/ul>\n\n\n\n<p><strong>4. Mensura\u00e7\u00e3o de efetividade:<\/strong><\/p>\n\n\n\n<ul class=\"wp-block-list\">\n<li>Dashboard mostra taxa de sucesso de cada tipo de interven\u00e7\u00e3o<\/li>\n\n\n\n<li>Permite refinamento cont\u00ednuo das estrat\u00e9gias<\/li>\n\n\n\n<li>ROI calculado: quanto de receita foi preservada por evas\u00f5es evitadas<\/li>\n<\/ul>\n\n\n\n<blockquote class=\"wp-block-quote is-layout-flow wp-block-quote-is-layout-flow\">\n<p>\ud83d\udcca <strong>Resultado Pr\u00e1tico:<\/strong> Institui\u00e7\u00f5es que utilizam predi\u00e7\u00e3o diferenciada por modalidade reportam taxa de acerto 34% superior na identifica\u00e7\u00e3o de alunos em risco real, reduzindo &#8220;alarmes falsos&#8221; e permitindo foco em quem realmente precisa de suporte.<\/p>\n<\/blockquote>\n\n\n\n<hr class=\"wp-block-separator has-alpha-channel-opacity\"\/>\n\n\n\n<p><strong>\ud83d\udce5 Material Gratuito: Comparativo de Indicadores<\/strong><\/p>\n\n\n\n<p>Baixe nossa planilha exclusiva com:<\/p>\n\n\n\n<ul class=\"wp-block-list\">\n<li>Benchmark de taxas de evas\u00e3o por modalidade e tipo de IES<\/li>\n\n\n\n<li>Checklist de 40+ fatores de risco espec\u00edficos para EAD e presencial<\/li>\n\n\n\n<li>Calculadora de ROI de programas de reten\u00e7\u00e3o<\/li>\n\n\n\n<li>Modelo de dashboard de acompanhamento<\/li>\n<\/ul>\n\n\n\n<p><strong><a href=\"http:\/\/elabi.com.br\/br\/materiais\/guia-indicadores-retencao.html\">Download Gratuito<\/a><\/strong> &#8211; An\u00e1lise pronta para usar na sua institui\u00e7\u00e3o<\/p>\n\n\n\n<hr class=\"wp-block-separator has-alpha-channel-opacity\"\/>\n\n\n\n<h2 class=\"wp-block-heading\"><span class=\"ez-toc-section\" id=\"Implementando_Estrategias_Diferenciadas_Roadmap_Pratico\"><\/span>Implementando Estrat\u00e9gias Diferenciadas: Roadmap Pr\u00e1tico<span class=\"ez-toc-section-end\"><\/span><\/h2>\n\n\n\n<p>Compreender as diferen\u00e7as \u00e9 o primeiro passo. Implementar mudan\u00e7as efetivas exige planejamento estruturado. Aqui est\u00e1 um roteiro para gestores que administram portf\u00f3lios h\u00edbridos.<\/p>\n\n\n\n<h3 class=\"wp-block-heading\"><span class=\"ez-toc-section\" id=\"Fase_1_Diagnostico_Semanas_1-4\"><\/span>Fase 1: Diagn\u00f3stico (Semanas 1-4)<span class=\"ez-toc-section-end\"><\/span><\/h3>\n\n\n\n<p><strong>EAD:<\/strong><\/p>\n\n\n\n<ul class=\"wp-block-list\">\n<li>Auditoria completa dos dados de engajamento dispon\u00edveis na plataforma<\/li>\n\n\n\n<li>Mapeamento de taxas de evas\u00e3o por disciplina, semestre e perfil de aluno<\/li>\n\n\n\n<li>Pesquisa qualitativa com evadidos recentes (\u00faltimos 6 meses)<\/li>\n\n\n\n<li>Identifica\u00e7\u00e3o de gaps tecnol\u00f3gicos e de suporte<\/li>\n<\/ul>\n\n\n\n<p><strong>Presencial:<\/strong><\/p>\n\n\n\n<ul class=\"wp-block-list\">\n<li>An\u00e1lise de dados de frequ\u00eancia e desempenho por curso\/turno<\/li>\n\n\n\n<li>Mapeamento de custos adicionais que alunos enfrentam (transporte, alimenta\u00e7\u00e3o)<\/li>\n\n\n\n<li>Entrevistas com coordenadores sobre principais causas percebidas<\/li>\n\n\n\n<li>Avalia\u00e7\u00e3o de programas de integra\u00e7\u00e3o social existentes<\/li>\n<\/ul>\n\n\n\n<h3 class=\"wp-block-heading\"><span class=\"ez-toc-section\" id=\"Fase_2_Priorizacao_Semanas_5-6\"><\/span>Fase 2: Prioriza\u00e7\u00e3o (Semanas 5-6)<span class=\"ez-toc-section-end\"><\/span><\/h3>\n\n\n\n<p>Com base no diagn\u00f3stico, priorize interven\u00e7\u00f5es por impacto potencial:<\/p>\n\n\n\n<p><strong>Matriz de prioriza\u00e7\u00e3o:<\/strong><\/p>\n\n\n\n<figure class=\"wp-block-table\"><table class=\"has-fixed-layout\"><thead><tr><th>Impacto Alto + Esfor\u00e7o Baixo<\/th><th>Impacto Alto + Esfor\u00e7o Alto<\/th><\/tr><\/thead><tbody><tr><td>Implementar primeiro (quick wins)<\/td><td>Planejar para m\u00e9dio prazo<\/td><\/tr><tr><td><strong>Impacto Baixo + Esfor\u00e7o Baixo<\/strong><\/td><td><strong>Impacto Baixo + Esfor\u00e7o Alto<\/strong><\/td><\/tr><tr><td>Considerar se sobrar recurso<\/td><td>Evitar<\/td><\/tr><\/tbody><\/table><\/figure>\n\n\n\n<p><strong>Exemplos de quick wins:<\/strong><\/p>\n\n\n\n<ul class=\"wp-block-list\">\n<li>EAD: Automatizar alertas de baixo engajamento<\/li>\n\n\n\n<li>Presencial: Implementar sistema de buddy para calouros<\/li>\n<\/ul>\n\n\n\n<h3 class=\"wp-block-heading\"><span class=\"ez-toc-section\" id=\"Fase_3_Implementacao_Piloto_Semanas_7-20\"><\/span>Fase 3: Implementa\u00e7\u00e3o Piloto (Semanas 7-20)<span class=\"ez-toc-section-end\"><\/span><\/h3>\n\n\n\n<p>N\u00e3o tente mudar tudo de uma vez. Escolha 2-3 cursos\/turmas para pilotar:<\/p>\n\n\n\n<ul class=\"wp-block-list\">\n<li>Implemente estrat\u00e9gias diferenciadas<\/li>\n\n\n\n<li>Monitore indicadores semanalmente<\/li>\n\n\n\n<li>Ajuste conforme feedback de alunos e equipe<\/li>\n\n\n\n<li>Documente li\u00e7\u00f5es aprendidas<\/li>\n<\/ul>\n\n\n\n<h3 class=\"wp-block-heading\"><span class=\"ez-toc-section\" id=\"Fase_4_Escalabilidade_e_Refinamento_A_partir_da_semana_21\"><\/span>Fase 4: Escalabilidade e Refinamento (A partir da semana 21)<span class=\"ez-toc-section-end\"><\/span><\/h3>\n\n\n\n<p>Com resultados do piloto:<\/p>\n\n\n\n<ul class=\"wp-block-list\">\n<li>Expanda para mais cursos<\/li>\n\n\n\n<li>Treine equipes nas novas pr\u00e1ticas<\/li>\n\n\n\n<li>Implemente tecnologia de predi\u00e7\u00e3o (se n\u00e3o feito antes)<\/li>\n\n\n\n<li>Crie cultura de monitoramento cont\u00ednuo<\/li>\n<\/ul>\n\n\n\n<blockquote class=\"wp-block-quote is-layout-flow wp-block-quote-is-layout-flow\">\n<p>\ud83d\udca1 <strong>Dica:<\/strong> Institui\u00e7\u00f5es que utilizam plataformas de predi\u00e7\u00e3o baseadas em IA podem acelerar significativamente as fases 2-4, pois o sistema identifica automaticamente quais interven\u00e7\u00f5es t\u00eam maior taxa de sucesso em cada contexto.<\/p>\n<\/blockquote>\n\n\n\n<h2 class=\"wp-block-heading\"><span class=\"ez-toc-section\" id=\"Metricas_de_Sucesso_O_Que_Acompanhar_em_Cada_Modalidade\"><\/span>M\u00e9tricas de Sucesso: O Que Acompanhar em Cada Modalidade<span class=\"ez-toc-section-end\"><\/span><\/h2>\n\n\n\n<p>Voc\u00ea n\u00e3o pode gerenciar o que n\u00e3o mede. Por\u00e9m, nem todas as m\u00e9tricas s\u00e3o igualmente relevantes em EAD e presencial.<\/p>\n\n\n\n<h3 class=\"wp-block-heading\"><span class=\"ez-toc-section\" id=\"Indicadores_Essenciais_para_EAD\"><\/span>Indicadores Essenciais para EAD<span class=\"ez-toc-section-end\"><\/span><\/h3>\n\n\n\n<p><strong>1. Taxa de engajamento semanal<\/strong><\/p>\n\n\n\n<ul class=\"wp-block-list\">\n<li>% de alunos que acessaram a plataforma ao menos 3x na semana<\/li>\n\n\n\n<li>Meta: &gt;85%<\/li>\n<\/ul>\n\n\n\n<p><strong>2. Taxa de conclus\u00e3o de m\u00f3dulos<\/strong><\/p>\n\n\n\n<ul class=\"wp-block-list\">\n<li>% de alunos que finalizam m\u00f3dulos no prazo<\/li>\n\n\n\n<li>Meta: &gt;70%<\/li>\n<\/ul>\n\n\n\n<p><strong>3. Tempo m\u00e9dio de primeira interven\u00e7\u00e3o<\/strong><\/p>\n\n\n\n<ul class=\"wp-block-list\">\n<li>Quantos dias entre detec\u00e7\u00e3o de risco e a\u00e7\u00e3o da equipe<\/li>\n\n\n\n<li>Meta: &lt;3 dias<\/li>\n<\/ul>\n\n\n\n<p><strong>4. Taxa de revers\u00e3o de risco<\/strong><\/p>\n\n\n\n<ul class=\"wp-block-list\">\n<li>% de alunos identificados como risco que voltaram a engajar<\/li>\n\n\n\n<li>Meta: &gt;60%<\/li>\n<\/ul>\n\n\n\n<p><strong>5. NPS de alunos EAD<\/strong><\/p>\n\n\n\n<ul class=\"wp-block-list\">\n<li>Satisfa\u00e7\u00e3o espec\u00edfica com suporte, plataforma e flexibilidade<\/li>\n\n\n\n<li>Meta: &gt;50<\/li>\n<\/ul>\n\n\n\n<h3 class=\"wp-block-heading\"><span class=\"ez-toc-section\" id=\"Indicadores_Essenciais_para_Presencial\"><\/span>Indicadores Essenciais para Presencial<span class=\"ez-toc-section-end\"><\/span><\/h3>\n\n\n\n<p><strong>1. Taxa de frequ\u00eancia m\u00e9dia<\/strong><\/p>\n\n\n\n<ul class=\"wp-block-list\">\n<li>% de presen\u00e7a em rela\u00e7\u00e3o a aulas programadas<\/li>\n\n\n\n<li>Meta: &gt;75%<\/li>\n<\/ul>\n\n\n\n<p><strong>2. Taxa de participa\u00e7\u00e3o em integra\u00e7\u00e3o social<\/strong><\/p>\n\n\n\n<ul class=\"wp-block-list\">\n<li>% de calouros que participaram de ao menos 1 atividade extracurricular no primeiro semestre<\/li>\n\n\n\n<li>Meta: &gt;60%<\/li>\n<\/ul>\n\n\n\n<p><strong>3. Taxa de inadimpl\u00eancia<\/strong><\/p>\n\n\n\n<ul class=\"wp-block-list\">\n<li>% de alunos com atraso de mensalidades<\/li>\n\n\n\n<li>Meta: &lt;15%<\/li>\n<\/ul>\n\n\n\n<p><strong>4. Taxa de reten\u00e7\u00e3o primeiro ano<\/strong><\/p>\n\n\n\n<ul class=\"wp-block-list\">\n<li>% de ingressantes que permanecem ap\u00f3s 12 meses<\/li>\n\n\n\n<li>Meta: &gt;70%<\/li>\n<\/ul>\n\n\n\n<p><strong>5. Tempo m\u00e9dio de deslocamento<\/strong><\/p>\n\n\n\n<ul class=\"wp-block-list\">\n<li>Dados coletados em pesquisa semestral<\/li>\n\n\n\n<li>Meta: Redu\u00e7\u00e3o ano a ano<\/li>\n<\/ul>\n\n\n\n<h3 class=\"wp-block-heading\"><span class=\"ez-toc-section\" id=\"Indicadores_Comuns_mas_analisados_separadamente\"><\/span>Indicadores Comuns (mas analisados separadamente)<span class=\"ez-toc-section-end\"><\/span><\/h3>\n\n\n\n<ul class=\"wp-block-list\">\n<li><strong>Taxa de evas\u00e3o geral:<\/strong> Acompanhar tend\u00eancia trimestral<\/li>\n\n\n\n<li><strong>CAC (Custo de Aquisi\u00e7\u00e3o de Aluno):<\/strong> Comparar com LTV preservado por reten\u00e7\u00e3o<\/li>\n\n\n\n<li><strong>Receita preservada:<\/strong> Quanto de receita foi mantida devido a interven\u00e7\u00f5es bem-sucedidas<\/li>\n<\/ul>\n\n\n\n<h2 class=\"wp-block-heading\"><span class=\"ez-toc-section\" id=\"Conclusao_Modalidades_Diferentes_Exigem_Estrategias_Diferentes\"><\/span>Conclus\u00e3o: Modalidades Diferentes Exigem Estrat\u00e9gias Diferentes<span class=\"ez-toc-section-end\"><\/span><\/h2>\n\n\n\n<p>A an\u00e1lise dos dados deixa claro: n\u00e3o existe uma &#8220;receita \u00fanica&#8221; para combater a evas\u00e3o no ensino superior brasileiro. As diferen\u00e7as entre EAD e presencial v\u00e3o muito al\u00e9m de onde as aulas acontecem &#8211; elas se manifestam no perfil dos estudantes, nos motivos de abandono, nos momentos cr\u00edticos de evas\u00e3o e, consequentemente, nas estrat\u00e9gias que realmente funcionam.<\/p>\n\n\n\n<p><strong>Tr\u00eas conclus\u00f5es principais:<\/strong><\/p>\n\n\n\n<ol class=\"wp-block-list\">\n<li><strong>Compara\u00e7\u00f5es diretas de taxas podem ser enganosas:<\/strong> \u00c9 fundamental considerar o perfil diferenciado de ingressantes em cada modalidade antes de avaliar performance. Um curso EAD com 32% de evas\u00e3o pode estar performando melhor que um presencial com 26%, dependendo dos desafios contextuais.<\/li>\n\n\n\n<li><strong>Fatores de risco s\u00e3o espec\u00edficos e exigem respostas diferenciadas:<\/strong> Enquanto EAD demanda foco em autonomia, engajamento digital e senso de comunidade virtual, o presencial precisa endere\u00e7ar log\u00edstica, integra\u00e7\u00e3o social f\u00edsica e flexibiliza\u00e7\u00e3o de hor\u00e1rios. Estrat\u00e9gias que funcionam em uma modalidade podem ser ineficazes na outra.<\/li>\n\n\n\n<li><strong>Tecnologia preditiva contextualizada \u00e9 multiplicador de resultados:<\/strong> Sistemas de IA que reconhecem padr\u00f5es espec\u00edficos de cada modalidade permitem antecipar evas\u00e3o com 30-60 dias de vantagem, possibilitando interven\u00e7\u00f5es preventivas em vez de reativas. O retorno sobre investimento em predi\u00e7\u00e3o qualificada pode chegar a 15:1.<\/li>\n<\/ol>\n\n\n\n<p>Para gestores educacionais respons\u00e1veis por portf\u00f3lios h\u00edbridos, a mensagem \u00e9 clara: <strong>invista em compreender as particularidades de cada modalidade e customize suas abordagens<\/strong>. A reten\u00e7\u00e3o estudantil n\u00e3o \u00e9 mais um desafio que pode ser resolvido com solu\u00e7\u00f5es gen\u00e9ricas.<\/p>\n\n\n\n<p><strong>Qual \u00e9 o pr\u00f3ximo passo para sua institui\u00e7\u00e3o?<\/strong> Comece pelo diagn\u00f3stico diferenciado que sugerimos, implemente pilotos espec\u00edficos e, principalmente, considere como tecnologia de predi\u00e7\u00e3o pode amplificar seus esfor\u00e7os.<\/p>\n\n\n\n<p><strong>Compartilhe nos coment\u00e1rios:<\/strong> Sua institui\u00e7\u00e3o j\u00e1 utiliza estrat\u00e9gias diferenciadas para EAD e presencial? Quais desafios espec\u00edficos voc\u00ea enfrenta em cada modalidade?<\/p>\n\n\n\n<hr class=\"wp-block-separator has-alpha-channel-opacity\"\/>\n\n\n\n<h2 class=\"wp-block-heading\"><span class=\"ez-toc-section\" id=\"Preveja_e_Previna_a_Evasao_em_Qualquer_Modalidade_com_eLabi\"><\/span>Preveja e Previna a Evas\u00e3o em Qualquer Modalidade com eLabi<span class=\"ez-toc-section-end\"><\/span><\/h2>\n\n\n\n<p>Seja em cursos EAD, presenciais ou h\u00edbridos, a <strong>eLabi utiliza intelig\u00eancia artificial treinada especificamente para o contexto da sua institui\u00e7\u00e3o e modalidade de ensino<\/strong>. Nossa plataforma identifica padr\u00f5es de risco espec\u00edficos de cada formato e recomenda interven\u00e7\u00f5es personalizadas que consideram as particularidades de cada aluno.<\/p>\n\n\n\n<p><strong>Descubra como institui\u00e7\u00f5es parceiras est\u00e3o reduzindo evas\u00e3o em ambas as modalidades:<\/strong><\/p>\n\n\n\n<p>\u2705 <strong>Predi\u00e7\u00e3o com at\u00e9 60 dias de anteced\u00eancia<\/strong> usando vari\u00e1veis espec\u00edficas de cada modalidade<br>\u2705 <strong>Interven\u00e7\u00f5es automatizadas<\/strong> adaptadas ao contexto EAD ou presencial<br>\u2705 <strong>Dashboards comparativos<\/strong> para gest\u00e3o estrat\u00e9gica do portf\u00f3lio institucional<br>\u2705 <strong>Integra\u00e7\u00e3o nativa com Moodle<\/strong> e principais sistemas acad\u00eamicos<br>\u2705 <strong>ROI m\u00e9dio de 15:1<\/strong> em receita preservada vs investimento<\/p>\n\n\n\n<p><strong><a href=\"https:\/\/elabi.com.br\/br\/agendar-demo.html\">Agende uma Demonstra\u00e7\u00e3o Gratuita<\/a><\/strong> e veja como a eLabi pode transformar seus indicadores de reten\u00e7\u00e3o em todas as modalidades.<\/p>\n\n\n\n<hr class=\"wp-block-separator has-alpha-channel-opacity\"\/>\n\n\n\n<h2 class=\"wp-block-heading\"><span class=\"ez-toc-section\" id=\"Perguntas_Frequentes_FAQ\"><\/span>Perguntas Frequentes (FAQ)<span class=\"ez-toc-section-end\"><\/span><\/h2>\n\n\n\n<p><strong>Q: A evas\u00e3o em EAD \u00e9 sempre maior que no presencial?<\/strong><br>A: N\u00e3o necessariamente. Embora dados nacionais mostrem taxas m\u00e9dias superiores em EAD (35,4% vs 26,5%), essa diferen\u00e7a varia significativamente por tipo de institui\u00e7\u00e3o e perfil de aluno. Em institui\u00e7\u00f5es privadas, a diferen\u00e7a \u00e9 de apenas 5 pontos percentuais. Al\u00e9m disso, compara\u00e7\u00f5es diretas podem ser enganosas pois os perfis de ingressantes s\u00e3o radicalmente distintos entre modalidades.<\/p>\n\n\n\n<p><strong>Q: Quais s\u00e3o os principais fatores de evas\u00e3o espec\u00edficos do EAD?<\/strong><br>A: No EAD, os fatores predominantes s\u00e3o: (1) dificuldade de autorregula\u00e7\u00e3o e gest\u00e3o do tempo, citada por 41% dos evadidos; (2) isolamento e baixo senso de pertencimento; (3) compet\u00eancias digitais insuficientes, afetando 23% dos ingressantes; e (4) expectativas n\u00e3o realistas sobre flexibilidade e carga de trabalho.<\/p>\n\n\n\n<p><strong>Q: Como a intelig\u00eancia artificial pode ajudar a reduzir evas\u00e3o de forma diferenciada por modalidade?<\/strong><br>A: Sistemas de IA especializados analisam vari\u00e1veis espec\u00edficas de cada modalidade &#8211; no EAD, padr\u00f5es de acesso \u00e0 plataforma, engajamento digital e intera\u00e7\u00f5es; no presencial, frequ\u00eancia f\u00edsica, pontualidade e desempenho em avalia\u00e7\u00f5es. Isso permite predi\u00e7\u00e3o 30-60 dias antes da evas\u00e3o com taxa de acerto 34% superior a m\u00e9todos gen\u00e9ricos, possibilitando interven\u00e7\u00f5es personalizadas e preventivas.<\/p>\n\n\n\n<p><strong>Q: Posso usar as mesmas estrat\u00e9gias de reten\u00e7\u00e3o para EAD e presencial?<\/strong><br>A: N\u00e3o \u00e9 recomendado. Embora alguns princ\u00edpios sejam universais (como a import\u00e2ncia de interven\u00e7\u00e3o precoce), as t\u00e1ticas devem ser adaptadas. EAD requer foco em comunidade virtual, tutoria ativa e monitoramento de engajamento digital. Presencial demanda integra\u00e7\u00e3o social f\u00edsica, flexibiliza\u00e7\u00e3o de hor\u00e1rios e apoio log\u00edstico-financeiro. Estrat\u00e9gias que funcionam em uma modalidade podem ser ineficazes ou at\u00e9 contraproducentes na outra.<\/p>\n\n\n\n<p><strong>Q: Qual \u00e9 o momento mais cr\u00edtico para evas\u00e3o em cada modalidade?<\/strong><br>A: No presencial, 35% da evas\u00e3o ocorre no primeiro semestre, relacionada a desafios de adapta\u00e7\u00e3o inicial. No EAD, a distribui\u00e7\u00e3o \u00e9 mais uniforme, com 28% no primeiro semestre e picos secund\u00e1rios no 3\u00ba-4\u00ba semestre (18% e 15% respectivamente), quando efeitos cumulativos de baixo engajamento se manifestam. Isso indica necessidade de monitoramento cont\u00ednuo no EAD, enquanto presencial deve intensificar esfor\u00e7os nos primeiros 6 meses.<\/p>\n\n\n\n<p><strong>Q: Quanto uma institui\u00e7\u00e3o pode economizar ao implementar predi\u00e7\u00e3o diferenciada de evas\u00e3o?<\/strong><br>A: O ROI varia conforme porte e taxa de evas\u00e3o inicial, mas dados de institui\u00e7\u00f5es parceiras mostram retorno m\u00e9dio de 15:1. Por exemplo, uma IES com 5.000 alunos, mensalidade m\u00e9dia de R$ 800 e evas\u00e3o de 30% pode preservar aproximadamente R$ 2,4 milh\u00f5es em receita anual ao reduzir evas\u00e3o em apenas 5 pontos percentuais, com investimento em tecnologia preditiva de cerca de R$ 150-200 mil\/ano.<\/p>\n","protected":false},"excerpt":{"rendered":"<p>Compare taxas de evas\u00e3o entre EAD e presencial com dados oficiais. Entenda os fatores de risco espec\u00edficos e estrat\u00e9gias que funcionam em cada modalidade.<\/p>\n","protected":false},"author":1,"featured_media":51,"comment_status":"open","ping_status":"open","sticky":false,"template":"","format":"standard","meta":{"footnotes":""},"categories":[1],"tags":[42,39,41,40,10,4,8,43,22,6],"class_list":["post-49","post","type-post","status-publish","format-standard","has-post-thumbnail","hentry","category-blog","tag-censo-da-educacao-superior","tag-ead","tag-educacao-a-distancia","tag-ensino-presencial","tag-estrategias-de-retencao","tag-evasao-estudantil","tag-gestao-educacional","tag-inteligencia-artificial-educacao","tag-permanencia-estudantil","tag-retencao-de-alunos"],"_links":{"self":[{"href":"https:\/\/elabi.com.br\/br\/blog\/wp-json\/wp\/v2\/posts\/49","targetHints":{"allow":["GET"]}}],"collection":[{"href":"https:\/\/elabi.com.br\/br\/blog\/wp-json\/wp\/v2\/posts"}],"about":[{"href":"https:\/\/elabi.com.br\/br\/blog\/wp-json\/wp\/v2\/types\/post"}],"author":[{"embeddable":true,"href":"https:\/\/elabi.com.br\/br\/blog\/wp-json\/wp\/v2\/users\/1"}],"replies":[{"embeddable":true,"href":"https:\/\/elabi.com.br\/br\/blog\/wp-json\/wp\/v2\/comments?post=49"}],"version-history":[{"count":3,"href":"https:\/\/elabi.com.br\/br\/blog\/wp-json\/wp\/v2\/posts\/49\/revisions"}],"predecessor-version":[{"id":181,"href":"https:\/\/elabi.com.br\/br\/blog\/wp-json\/wp\/v2\/posts\/49\/revisions\/181"}],"wp:featuredmedia":[{"embeddable":true,"href":"https:\/\/elabi.com.br\/br\/blog\/wp-json\/wp\/v2\/media\/51"}],"wp:attachment":[{"href":"https:\/\/elabi.com.br\/br\/blog\/wp-json\/wp\/v2\/media?parent=49"}],"wp:term":[{"taxonomy":"category","embeddable":true,"href":"https:\/\/elabi.com.br\/br\/blog\/wp-json\/wp\/v2\/categories?post=49"},{"taxonomy":"post_tag","embeddable":true,"href":"https:\/\/elabi.com.br\/br\/blog\/wp-json\/wp\/v2\/tags?post=49"}],"curies":[{"name":"wp","href":"https:\/\/api.w.org\/{rel}","templated":true}]}}