{"id":33,"date":"2026-01-20T09:00:00","date_gmt":"2026-01-20T12:00:00","guid":{"rendered":"https:\/\/elabi.com.br\/br\/blog\/?p=33"},"modified":"2026-01-25T18:46:05","modified_gmt":"2026-01-25T21:46:05","slug":"evasao-no-ensino-tecnico-dados-causas-e-solucoes-praticas","status":"publish","type":"post","link":"https:\/\/elabi.com.br\/br\/blog\/evasao-no-ensino-tecnico-dados-causas-e-solucoes-praticas\/","title":{"rendered":"Evas\u00e3o no Ensino T\u00e9cnico: Dados, Causas e Solu\u00e7\u00f5es Pr\u00e1ticas"},"content":{"rendered":"\n<p>A&nbsp;<strong>evas\u00e3o no ensino t\u00e9cnico<\/strong>&nbsp;representa um dos maiores desafios para institui\u00e7\u00f5es de educa\u00e7\u00e3o profissionalizante no Brasil. Com taxas que chegam a 30-40% em diversas redes de ensino, o abandono escolar compromete n\u00e3o apenas o futuro dos estudantes, mas tamb\u00e9m desperdi\u00e7a investimentos p\u00fablicos e privados em forma\u00e7\u00e3o profissional.<\/p>\n\n\n\n<p>A forma\u00e7\u00e3o t\u00e9cnica \u00e9 estrat\u00e9gica para o desenvolvimento econ\u00f4mico do pa\u00eds. Com mais de 2 milh\u00f5es de matr\u00edculas anuais, essa modalidade qualifica a m\u00e3o de obra necess\u00e1ria aos setores produtivos. Entretanto, cada estudante que abandona o curso representa um profissional qualificado a menos no mercado de trabalho e um investimento desperdi\u00e7ado.<\/p>\n\n\n\n<p>Este artigo apresenta dados atualizados sobre a&nbsp;<strong>evas\u00e3o escolar no ensino t\u00e9cnico<\/strong>, analisa as causas espec\u00edficas desse fen\u00f4meno e prop\u00f5e solu\u00e7\u00f5es pr\u00e1ticas baseadas em tecnologia e gest\u00e3o educacional para aumentar a reten\u00e7\u00e3o de alunos.<\/p>\n\n\n\n<div id=\"ez-toc-container\" class=\"ez-toc-v2_0_80 counter-hierarchy ez-toc-counter ez-toc-grey ez-toc-container-direction\">\n<div class=\"ez-toc-title-container\">\n<p class=\"ez-toc-title\" style=\"cursor:inherit\">Conte\u00fado da p\u00e1gina<\/p>\n<span class=\"ez-toc-title-toggle\"><a href=\"#\" class=\"ez-toc-pull-right ez-toc-btn ez-toc-btn-xs ez-toc-btn-default ez-toc-toggle\" aria-label=\"Alternar tabela de conte\u00fado\"><span class=\"ez-toc-js-icon-con\"><span class=\"\"><span class=\"eztoc-hide\" style=\"display:none;\">Toggle<\/span><span class=\"ez-toc-icon-toggle-span\"><svg style=\"fill: #999;color:#999\" xmlns=\"http:\/\/www.w3.org\/2000\/svg\" class=\"list-377408\" width=\"20px\" height=\"20px\" viewBox=\"0 0 24 24\" fill=\"none\"><path d=\"M6 6H4v2h2V6zm14 0H8v2h12V6zM4 11h2v2H4v-2zm16 0H8v2h12v-2zM4 16h2v2H4v-2zm16 0H8v2h12v-2z\" fill=\"currentColor\"><\/path><\/svg><svg style=\"fill: #999;color:#999\" class=\"arrow-unsorted-368013\" xmlns=\"http:\/\/www.w3.org\/2000\/svg\" width=\"10px\" height=\"10px\" viewBox=\"0 0 24 24\" version=\"1.2\" baseProfile=\"tiny\"><path d=\"M18.2 9.3l-6.2-6.3-6.2 6.3c-.2.2-.3.4-.3.7s.1.5.3.7c.2.2.4.3.7.3h11c.3 0 .5-.1.7-.3.2-.2.3-.5.3-.7s-.1-.5-.3-.7zM5.8 14.7l6.2 6.3 6.2-6.3c.2-.2.3-.5.3-.7s-.1-.5-.3-.7c-.2-.2-.4-.3-.7-.3h-11c-.3 0-.5.1-.7.3-.2.2-.3.5-.3.7s.1.5.3.7z\"\/><\/svg><\/span><\/span><\/span><\/a><\/span><\/div>\n<nav><ul class='ez-toc-list ez-toc-list-level-1 ' ><li class='ez-toc-page-1 ez-toc-heading-level-2'><a class=\"ez-toc-link ez-toc-heading-1\" href=\"https:\/\/elabi.com.br\/br\/blog\/evasao-no-ensino-tecnico-dados-causas-e-solucoes-praticas\/#O_Cenario_Atual_da_Evasao_no_Ensino_Tecnico_Brasileiro\" >O Cen\u00e1rio Atual da Evas\u00e3o no Ensino T\u00e9cnico Brasileiro<\/a><ul class='ez-toc-list-level-3' ><li class='ez-toc-heading-level-3'><a class=\"ez-toc-link ez-toc-heading-2\" href=\"https:\/\/elabi.com.br\/br\/blog\/evasao-no-ensino-tecnico-dados-causas-e-solucoes-praticas\/#Dados_e_Estatisticas_por_Tipo_de_Instituicao\" >Dados e Estat\u00edsticas por Tipo de Institui\u00e7\u00e3o<\/a><\/li><li class='ez-toc-page-1 ez-toc-heading-level-3'><a class=\"ez-toc-link ez-toc-heading-3\" href=\"https:\/\/elabi.com.br\/br\/blog\/evasao-no-ensino-tecnico-dados-causas-e-solucoes-praticas\/#Variacoes_Regionais_e_por_Modalidade\" >Varia\u00e7\u00f5es Regionais e por Modalidade<\/a><\/li><li class='ez-toc-page-1 ez-toc-heading-level-3'><a class=\"ez-toc-link ez-toc-heading-4\" href=\"https:\/\/elabi.com.br\/br\/blog\/evasao-no-ensino-tecnico-dados-causas-e-solucoes-praticas\/#O_Impacto_do_Pronatec\" >O Impacto do Pronatec<\/a><\/li><\/ul><\/li><li class='ez-toc-page-1 ez-toc-heading-level-2'><a class=\"ez-toc-link ez-toc-heading-5\" href=\"https:\/\/elabi.com.br\/br\/blog\/evasao-no-ensino-tecnico-dados-causas-e-solucoes-praticas\/#Causas_Especificas_da_Evasao_no_Ensino_Tecnico\" >Causas Espec\u00edficas da Evas\u00e3o no Ensino T\u00e9cnico<\/a><ul class='ez-toc-list-level-3' ><li class='ez-toc-heading-level-3'><a class=\"ez-toc-link ez-toc-heading-6\" href=\"https:\/\/elabi.com.br\/br\/blog\/evasao-no-ensino-tecnico-dados-causas-e-solucoes-praticas\/#Fatores_Economicos_A_Principal_Causa_de_Abandono\" >Fatores Econ\u00f4micos: A Principal Causa de Abandono<\/a><ul class='ez-toc-list-level-4' ><li class='ez-toc-heading-level-4'><a class=\"ez-toc-link ez-toc-heading-7\" href=\"https:\/\/elabi.com.br\/br\/blog\/evasao-no-ensino-tecnico-dados-causas-e-solucoes-praticas\/#O_Dilema_do_Estagio_Obrigatorio\" >O Dilema do Est\u00e1gio Obrigat\u00f3rio<\/a><\/li><li class='ez-toc-page-1 ez-toc-heading-level-4'><a class=\"ez-toc-link ez-toc-heading-8\" href=\"https:\/\/elabi.com.br\/br\/blog\/evasao-no-ensino-tecnico-dados-causas-e-solucoes-praticas\/#Expectativa_versus_Realidade_Salarial\" >Expectativa versus Realidade Salarial<\/a><\/li><\/ul><\/li><li class='ez-toc-page-1 ez-toc-heading-level-3'><a class=\"ez-toc-link ez-toc-heading-9\" href=\"https:\/\/elabi.com.br\/br\/blog\/evasao-no-ensino-tecnico-dados-causas-e-solucoes-praticas\/#Fatores_Pedagogicos_que_Contribuem_para_a_Evasao\" >Fatores Pedag\u00f3gicos que Contribuem para a Evas\u00e3o<\/a><ul class='ez-toc-list-level-4' ><li class='ez-toc-heading-level-4'><a class=\"ez-toc-link ez-toc-heading-10\" href=\"https:\/\/elabi.com.br\/br\/blog\/evasao-no-ensino-tecnico-dados-causas-e-solucoes-praticas\/#Defasagem_na_Educacao_Basica\" >Defasagem na Educa\u00e7\u00e3o B\u00e1sica<\/a><\/li><li class='ez-toc-page-1 ez-toc-heading-level-4'><a class=\"ez-toc-link ez-toc-heading-11\" href=\"https:\/\/elabi.com.br\/br\/blog\/evasao-no-ensino-tecnico-dados-causas-e-solucoes-praticas\/#Metodologias_de_Ensino_Desatualizadas\" >Metodologias de Ensino Desatualizadas<\/a><\/li><li class='ez-toc-page-1 ez-toc-heading-level-4'><a class=\"ez-toc-link ez-toc-heading-12\" href=\"https:\/\/elabi.com.br\/br\/blog\/evasao-no-ensino-tecnico-dados-causas-e-solucoes-praticas\/#Ausencia_de_Recuperacao_Paralela\" >Aus\u00eancia de Recupera\u00e7\u00e3o Paralela<\/a><\/li><\/ul><\/li><li class='ez-toc-page-1 ez-toc-heading-level-3'><a class=\"ez-toc-link ez-toc-heading-13\" href=\"https:\/\/elabi.com.br\/br\/blog\/evasao-no-ensino-tecnico-dados-causas-e-solucoes-praticas\/#Fatores_Vocacionais_e_a_Escolha_Equivocada\" >Fatores Vocacionais e a Escolha Equivocada<\/a><\/li><li class='ez-toc-page-1 ez-toc-heading-level-3'><a class=\"ez-toc-link ez-toc-heading-14\" href=\"https:\/\/elabi.com.br\/br\/blog\/evasao-no-ensino-tecnico-dados-causas-e-solucoes-praticas\/#Fatores_Institucionais_que_Impactam_a_Retencao\" >Fatores Institucionais que Impactam a Reten\u00e7\u00e3o<\/a><ul class='ez-toc-list-level-4' ><li class='ez-toc-heading-level-4'><a class=\"ez-toc-link ez-toc-heading-15\" href=\"https:\/\/elabi.com.br\/br\/blog\/evasao-no-ensino-tecnico-dados-causas-e-solucoes-praticas\/#Infraestrutura_Inadequada\" >Infraestrutura Inadequada<\/a><\/li><li class='ez-toc-page-1 ez-toc-heading-level-4'><a class=\"ez-toc-link ez-toc-heading-16\" href=\"https:\/\/elabi.com.br\/br\/blog\/evasao-no-ensino-tecnico-dados-causas-e-solucoes-praticas\/#Qualificacao_do_Corpo_Docente\" >Qualifica\u00e7\u00e3o do Corpo Docente<\/a><\/li><li class='ez-toc-page-1 ez-toc-heading-level-4'><a class=\"ez-toc-link ez-toc-heading-17\" href=\"https:\/\/elabi.com.br\/br\/blog\/evasao-no-ensino-tecnico-dados-causas-e-solucoes-praticas\/#Desconexao_com_o_Mercado_de_Trabalho\" >Desconex\u00e3o com o Mercado de Trabalho<\/a><\/li><\/ul><\/li><li class='ez-toc-page-1 ez-toc-heading-level-3'><a class=\"ez-toc-link ez-toc-heading-18\" href=\"https:\/\/elabi.com.br\/br\/blog\/evasao-no-ensino-tecnico-dados-causas-e-solucoes-praticas\/#Fatores_Sociais_e_Pessoais\" >Fatores Sociais e Pessoais<\/a><\/li><\/ul><\/li><li class='ez-toc-page-1 ez-toc-heading-level-2'><a class=\"ez-toc-link ez-toc-heading-19\" href=\"https:\/\/elabi.com.br\/br\/blog\/evasao-no-ensino-tecnico-dados-causas-e-solucoes-praticas\/#Perfil_do_Aluno_em_Risco_de_Evasao_no_Ensino_Tecnico\" >Perfil do Aluno em Risco de Evas\u00e3o no Ensino T\u00e9cnico<\/a><ul class='ez-toc-list-level-3' ><li class='ez-toc-heading-level-3'><a class=\"ez-toc-link ez-toc-heading-20\" href=\"https:\/\/elabi.com.br\/br\/blog\/evasao-no-ensino-tecnico-dados-causas-e-solucoes-praticas\/#Caracteristicas_Demograficas\" >Caracter\u00edsticas Demogr\u00e1ficas<\/a><\/li><li class='ez-toc-page-1 ez-toc-heading-level-3'><a class=\"ez-toc-link ez-toc-heading-21\" href=\"https:\/\/elabi.com.br\/br\/blog\/evasao-no-ensino-tecnico-dados-causas-e-solucoes-praticas\/#Momentos_Criticos_de_Abandono\" >Momentos Cr\u00edticos de Abandono<\/a><\/li><li class='ez-toc-page-1 ez-toc-heading-level-3'><a class=\"ez-toc-link ez-toc-heading-22\" href=\"https:\/\/elabi.com.br\/br\/blog\/evasao-no-ensino-tecnico-dados-causas-e-solucoes-praticas\/#Sinais_Comportamentais_Pre-Evasao\" >Sinais Comportamentais Pr\u00e9-Evas\u00e3o<\/a><\/li><li class='ez-toc-page-1 ez-toc-heading-level-3'><a class=\"ez-toc-link ez-toc-heading-23\" href=\"https:\/\/elabi.com.br\/br\/blog\/evasao-no-ensino-tecnico-dados-causas-e-solucoes-praticas\/#Diferencas_entre_Perfis_de_Estudantes\" >Diferen\u00e7as entre Perfis de Estudantes<\/a><\/li><\/ul><\/li><li class='ez-toc-page-1 ez-toc-heading-level-2'><a class=\"ez-toc-link ez-toc-heading-24\" href=\"https:\/\/elabi.com.br\/br\/blog\/evasao-no-ensino-tecnico-dados-causas-e-solucoes-praticas\/#Como_Reduzir_a_Evasao_no_Ensino_Tecnico_Solucoes_Praticas\" >Como Reduzir a Evas\u00e3o no Ensino T\u00e9cnico: Solu\u00e7\u00f5es Pr\u00e1ticas<\/a><ul class='ez-toc-list-level-3' ><li class='ez-toc-heading-level-3'><a class=\"ez-toc-link ez-toc-heading-25\" href=\"https:\/\/elabi.com.br\/br\/blog\/evasao-no-ensino-tecnico-dados-causas-e-solucoes-praticas\/#Estrategias_de_Prevencao_Institucional\" >Estrat\u00e9gias de Preven\u00e7\u00e3o Institucional<\/a><\/li><li class='ez-toc-page-1 ez-toc-heading-level-3'><a class=\"ez-toc-link ez-toc-heading-26\" href=\"https:\/\/elabi.com.br\/br\/blog\/evasao-no-ensino-tecnico-dados-causas-e-solucoes-praticas\/#Suporte_Financeiro_para_Permanencia\" >Suporte Financeiro para Perman\u00eancia<\/a><\/li><li class='ez-toc-page-1 ez-toc-heading-level-3'><a class=\"ez-toc-link ez-toc-heading-27\" href=\"https:\/\/elabi.com.br\/br\/blog\/evasao-no-ensino-tecnico-dados-causas-e-solucoes-praticas\/#Acompanhamento_Pedagogico_Individualizado\" >Acompanhamento Pedag\u00f3gico Individualizado<\/a><\/li><li class='ez-toc-page-1 ez-toc-heading-level-3'><a class=\"ez-toc-link ez-toc-heading-28\" href=\"https:\/\/elabi.com.br\/br\/blog\/evasao-no-ensino-tecnico-dados-causas-e-solucoes-praticas\/#Conexao_Estrategica_com_o_Mercado_de_Trabalho\" >Conex\u00e3o Estrat\u00e9gica com o Mercado de Trabalho<\/a><\/li><li class='ez-toc-page-1 ez-toc-heading-level-3'><a class=\"ez-toc-link ez-toc-heading-29\" href=\"https:\/\/elabi.com.br\/br\/blog\/evasao-no-ensino-tecnico-dados-causas-e-solucoes-praticas\/#Tecnologia_e_Dados_para_Prevencao_da_Evasao\" >Tecnologia e Dados para Preven\u00e7\u00e3o da Evas\u00e3o<\/a><\/li><\/ul><\/li><li class='ez-toc-page-1 ez-toc-heading-level-2'><a class=\"ez-toc-link ez-toc-heading-30\" href=\"https:\/\/elabi.com.br\/br\/blog\/evasao-no-ensino-tecnico-dados-causas-e-solucoes-praticas\/#O_Papel_da_Inteligencia_Artificial_na_Retencao_de_Alunos\" >O Papel da Intelig\u00eancia Artificial na Reten\u00e7\u00e3o de Alunos<\/a><ul class='ez-toc-list-level-3' ><li class='ez-toc-heading-level-3'><a class=\"ez-toc-link ez-toc-heading-31\" href=\"https:\/\/elabi.com.br\/br\/blog\/evasao-no-ensino-tecnico-dados-causas-e-solucoes-praticas\/#Analise_Preditiva_para_Identificacao_de_Riscos\" >An\u00e1lise Preditiva para Identifica\u00e7\u00e3o de Riscos<\/a><\/li><li class='ez-toc-page-1 ez-toc-heading-level-3'><a class=\"ez-toc-link ez-toc-heading-32\" href=\"https:\/\/elabi.com.br\/br\/blog\/evasao-no-ensino-tecnico-dados-causas-e-solucoes-praticas\/#Vantagem_da_Antecipacao_de_30_a_60_Dias\" >Vantagem da Antecipa\u00e7\u00e3o de 30 a 60 Dias<\/a><\/li><li class='ez-toc-page-1 ez-toc-heading-level-3'><a class=\"ez-toc-link ez-toc-heading-33\" href=\"https:\/\/elabi.com.br\/br\/blog\/evasao-no-ensino-tecnico-dados-causas-e-solucoes-praticas\/#Automacao_de_Intervencoes_Personalizadas\" >Automa\u00e7\u00e3o de Interven\u00e7\u00f5es Personalizadas<\/a><\/li><li class='ez-toc-page-1 ez-toc-heading-level-3'><a class=\"ez-toc-link ez-toc-heading-34\" href=\"https:\/\/elabi.com.br\/br\/blog\/evasao-no-ensino-tecnico-dados-causas-e-solucoes-praticas\/#Integracao_com_Sistemas_Academicos_Existentes\" >Integra\u00e7\u00e3o com Sistemas Acad\u00eamicos Existentes<\/a><\/li><li class='ez-toc-page-1 ez-toc-heading-level-3'><a class=\"ez-toc-link ez-toc-heading-35\" href=\"https:\/\/elabi.com.br\/br\/blog\/evasao-no-ensino-tecnico-dados-causas-e-solucoes-praticas\/#Retorno_sobre_Investimento_Mensuravel\" >Retorno sobre Investimento Mensur\u00e1vel<\/a><\/li><\/ul><\/li><li class='ez-toc-page-1 ez-toc-heading-level-2'><a class=\"ez-toc-link ez-toc-heading-36\" href=\"https:\/\/elabi.com.br\/br\/blog\/evasao-no-ensino-tecnico-dados-causas-e-solucoes-praticas\/#Construindo_um_Futuro_com_Menos_Evasao_no_Ensino_Tecnico\" >Construindo um Futuro com Menos Evas\u00e3o no Ensino T\u00e9cnico<\/a><ul class='ez-toc-list-level-3' ><li class='ez-toc-heading-level-3'><a class=\"ez-toc-link ez-toc-heading-37\" href=\"https:\/\/elabi.com.br\/br\/blog\/evasao-no-ensino-tecnico-dados-causas-e-solucoes-praticas\/#Proximos_Passos_para_sua_Instituicao\" >Pr\u00f3ximos Passos para sua Institui\u00e7\u00e3o<\/a><\/li><\/ul><\/li><\/ul><\/nav><\/div>\n<h2 class=\"wp-block-heading\"><span class=\"ez-toc-section\" id=\"O_Cenario_Atual_da_Evasao_no_Ensino_Tecnico_Brasileiro\"><\/span>O Cen\u00e1rio Atual da Evas\u00e3o no Ensino T\u00e9cnico Brasileiro<span class=\"ez-toc-section-end\"><\/span><\/h2>\n\n\n\n<h3 class=\"wp-block-heading\"><span class=\"ez-toc-section\" id=\"Dados_e_Estatisticas_por_Tipo_de_Instituicao\"><\/span>Dados e Estat\u00edsticas por Tipo de Institui\u00e7\u00e3o<span class=\"ez-toc-section-end\"><\/span><\/h3>\n\n\n\n<p>Os n\u00fameros do&nbsp;<a href=\"https:\/\/www.gov.br\/inep\/pt-br\" target=\"_blank\" rel=\"noopener\">Instituto Nacional de Estudos e Pesquisas Educacionais An\u00edsio Teixeira (INEP)<\/a>&nbsp;revelam um panorama preocupante sobre o&nbsp;<strong>abandono no ensino profissionalizante<\/strong>. Nos institutos federais de educa\u00e7\u00e3o, ci\u00eancia e tecnologia, a taxa m\u00e9dia de evas\u00e3o gira em torno de 25%, com varia\u00e7\u00f5es significativas entre regi\u00f5es e cursos espec\u00edficos.<\/p>\n\n\n\n<p>No Sistema S \u2014 que inclui SENAI, SENAC, SENAR e outras institui\u00e7\u00f5es \u2014 os \u00edndices de&nbsp;<strong>evas\u00e3o SENAI<\/strong>&nbsp;e&nbsp;<strong>evas\u00e3o SENAC<\/strong>&nbsp;variam conforme a modalidade. Cursos de qualifica\u00e7\u00e3o profissional apresentam abandono de at\u00e9 35%, enquanto cursos t\u00e9cnicos subsequentes registram aproximadamente 28% de evas\u00e3o, segundo relat\u00f3rios dessas institui\u00e7\u00f5es.<\/p>\n\n\n\n<h3 class=\"wp-block-heading\"><span class=\"ez-toc-section\" id=\"Variacoes_Regionais_e_por_Modalidade\"><\/span>Varia\u00e7\u00f5es Regionais e por Modalidade<span class=\"ez-toc-section-end\"><\/span><\/h3>\n\n\n\n<p>As disparidades regionais na&nbsp;<strong>evas\u00e3o em institutos federais<\/strong>&nbsp;s\u00e3o expressivas. Estados das regi\u00f5es Norte e Nordeste enfrentam taxas superiores \u00e0s verificadas no Sul e Sudeste, reflexo direto de diferen\u00e7as socioecon\u00f4micas e de infraestrutura educacional. Goi\u00e1s, por exemplo, registrou em anos recentes taxas pr\u00f3ximas a 40% em algumas redes estaduais de ensino t\u00e9cnico, enquanto Santa Catarina mant\u00e9m \u00edndices mais controlados, ao redor de 20%.<\/p>\n\n\n\n<p>A modalidade do curso influencia diretamente a&nbsp;<strong>perman\u00eancia estudantil no ensino t\u00e9cnico<\/strong>. Cursos integrados ao ensino m\u00e9dio, destinados principalmente a adolescentes, apresentam desafios distintos dos subsequentes, voltados para adultos que j\u00e1 conclu\u00edram o ensino m\u00e9dio. Os integrados sofrem mais com quest\u00f5es vocacionais e imaturidade na escolha profissional, enquanto os subsequentes s\u00e3o mais impactados pela necessidade de conciliar estudo, trabalho e responsabilidades familiares.<\/p>\n\n\n\n<h3 class=\"wp-block-heading\"><span class=\"ez-toc-section\" id=\"O_Impacto_do_Pronatec\"><\/span>O Impacto do Pronatec<span class=\"ez-toc-section-end\"><\/span><\/h3>\n\n\n\n<p>O Programa Nacional de Acesso ao Ensino T\u00e9cnico e Emprego (Pronatec), que ofereceu milh\u00f5es de vagas entre 2011 e 2018, enfrentou \u00edndices de conclus\u00e3o que n\u00e3o ultrapassaram 60% em diversos cursos. Esse dado evidencia que a simples amplia\u00e7\u00e3o de vagas, sem estruturas adequadas de acompanhamento e&nbsp;<strong>reten\u00e7\u00e3o de alunos<\/strong>, n\u00e3o garante a perman\u00eancia estudantil.<\/p>\n\n\n\n<h2 class=\"wp-block-heading\"><span class=\"ez-toc-section\" id=\"Causas_Especificas_da_Evasao_no_Ensino_Tecnico\"><\/span>Causas Espec\u00edficas da Evas\u00e3o no Ensino T\u00e9cnico<span class=\"ez-toc-section-end\"><\/span><\/h2>\n\n\n\n<h3 class=\"wp-block-heading\"><span class=\"ez-toc-section\" id=\"Fatores_Economicos_A_Principal_Causa_de_Abandono\"><\/span>Fatores Econ\u00f4micos: A Principal Causa de Abandono<span class=\"ez-toc-section-end\"><\/span><\/h3>\n\n\n\n<p>A dimens\u00e3o financeira representa o principal motivo de&nbsp;<strong>evas\u00e3o no ensino t\u00e9cnico<\/strong>. Grande parte dos estudantes prov\u00e9m de fam\u00edlias de baixa renda, onde cada membro precisa contribuir para o sustento dom\u00e9stico. Quando surge uma oportunidade de trabalho \u2014 ainda que prec\u00e1ria e sem rela\u00e7\u00e3o com a forma\u00e7\u00e3o t\u00e9cnica \u2014 muitos jovens s\u00e3o compelidos a priorizar a renda imediata em detrimento da conclus\u00e3o do curso.<\/p>\n\n\n\n<h4 class=\"wp-block-heading\"><span class=\"ez-toc-section\" id=\"O_Dilema_do_Estagio_Obrigatorio\"><\/span>O Dilema do Est\u00e1gio Obrigat\u00f3rio<span class=\"ez-toc-section-end\"><\/span><\/h4>\n\n\n\n<p>A obrigatoriedade de est\u00e1gio em diversos cursos t\u00e9cnicos cria outro dilema para a&nbsp;<strong>reten\u00e7\u00e3o de alunos em cursos t\u00e9cnicos<\/strong>. Muitas empresas oferecem est\u00e1gios n\u00e3o remunerados ou com bolsas insuficientes, inviabilizando a participa\u00e7\u00e3o de estudantes que j\u00e1 trabalham ou precisam de renda. Os custos indiretos \u2014 transporte, alimenta\u00e7\u00e3o, materiais espec\u00edficos como ferramentas, EPIs ou uniformes \u2014 podem consumir uma parcela significativa do or\u00e7amento familiar.<\/p>\n\n\n\n<h4 class=\"wp-block-heading\"><span class=\"ez-toc-section\" id=\"Expectativa_versus_Realidade_Salarial\"><\/span>Expectativa versus Realidade Salarial<span class=\"ez-toc-section-end\"><\/span><\/h4>\n\n\n\n<p>H\u00e1 tamb\u00e9m uma quest\u00e3o de expectativa versus realidade no mercado de trabalho. Muitos ingressam no ensino t\u00e9cnico acreditando em retorno financeiro r\u00e1pido ap\u00f3s a forma\u00e7\u00e3o, mas descobrem que o mercado nem sempre valoriza imediatamente o t\u00e9cnico rec\u00e9m-formado, gerando frustra\u00e7\u00e3o e questionamento sobre a validade do esfor\u00e7o investido.<\/p>\n\n\n\n<h3 class=\"wp-block-heading\"><span class=\"ez-toc-section\" id=\"Fatores_Pedagogicos_que_Contribuem_para_a_Evasao\"><\/span>Fatores Pedag\u00f3gicos que Contribuem para a Evas\u00e3o<span class=\"ez-toc-section-end\"><\/span><\/h3>\n\n\n\n<h4 class=\"wp-block-heading\"><span class=\"ez-toc-section\" id=\"Defasagem_na_Educacao_Basica\"><\/span>Defasagem na Educa\u00e7\u00e3o B\u00e1sica<span class=\"ez-toc-section-end\"><\/span><\/h4>\n\n\n\n<p>A defasagem em conte\u00fados da educa\u00e7\u00e3o b\u00e1sica constitui um dos maiores desafios pedag\u00f3gicos. Estudantes chegam aos cursos t\u00e9cnicos com lacunas importantes em matem\u00e1tica, portugu\u00eas e ci\u00eancias \u2014 fundamentos essenciais para disciplinas como eletrot\u00e9cnica, mec\u00e2nica, qu\u00edmica ou programa\u00e7\u00e3o. Sem um nivelamento efetivo no in\u00edcio do curso, esses alunos acumulam dificuldades que se tornam insuper\u00e1veis.<\/p>\n\n\n\n<h4 class=\"wp-block-heading\"><span class=\"ez-toc-section\" id=\"Metodologias_de_Ensino_Desatualizadas\"><\/span>Metodologias de Ensino Desatualizadas<span class=\"ez-toc-section-end\"><\/span><\/h4>\n\n\n\n<p>As metodologias de ensino frequentemente permanecem tradicionais \u2014 aulas expositivas, pouca pr\u00e1tica, avalia\u00e7\u00f5es te\u00f3ricas \u2014 enquanto o perfil do estudante contempor\u00e2neo demanda abordagens mais ativas, pr\u00e1ticas e conectadas com aplica\u00e7\u00f5es reais. Cursos t\u00e9cnicos que n\u00e3o oferecem viv\u00eancia laboratorial ou simula\u00e7\u00f5es pr\u00e1ticas perdem capacidade de engajar os estudantes, aumentando as&nbsp;<strong>causas da evas\u00e3o em cursos t\u00e9cnicos<\/strong>.<\/p>\n\n\n\n<h4 class=\"wp-block-heading\"><span class=\"ez-toc-section\" id=\"Ausencia_de_Recuperacao_Paralela\"><\/span>Aus\u00eancia de Recupera\u00e7\u00e3o Paralela<span class=\"ez-toc-section-end\"><\/span><\/h4>\n\n\n\n<p>A falta de pol\u00edticas de recupera\u00e7\u00e3o paralela ou de monitoria em disciplinas cr\u00edticas deixa os estudantes sem rede de apoio quando surgem as primeiras dificuldades. Esse cen\u00e1rio cria um efeito cascata de reprova\u00e7\u00f5es e desmotiva\u00e7\u00e3o, contribuindo significativamente para o&nbsp;<strong>abandono no ensino profissionalizante<\/strong>.<\/p>\n\n\n\n<h3 class=\"wp-block-heading\"><span class=\"ez-toc-section\" id=\"Fatores_Vocacionais_e_a_Escolha_Equivocada\"><\/span>Fatores Vocacionais e a Escolha Equivocada<span class=\"ez-toc-section-end\"><\/span><\/h3>\n\n\n\n<p>A escolha do curso t\u00e9cnico sem orienta\u00e7\u00e3o profissional adequada \u00e9 extremamente comum entre jovens brasileiros. Muitos adolescentes decidem baseados em informa\u00e7\u00f5es superficiais, influ\u00eancia de amigos ou press\u00e3o familiar, sem compreender verdadeiramente o que a profiss\u00e3o exige ou oferece. Quando confrontados com a realidade das disciplinas e das perspectivas de carreira, percebem que suas expectativas n\u00e3o se alinham com a voca\u00e7\u00e3o necess\u00e1ria.<\/p>\n\n\n\n<p>O desconhecimento sobre a rotina e as demandas da profiss\u00e3o escolhida gera frustra\u00e7\u00f5es que levam \u00e0&nbsp;<strong>evas\u00e3o escolar no ensino t\u00e9cnico<\/strong>. Um estudante de enfermagem que n\u00e3o estava preparado para lidar com situa\u00e7\u00f5es de sofrimento e morte, ou um de eletrot\u00e9cnica que descobre ter dificuldades com trabalhos em altura, pode abandonar o curso ao perceber a incompatibilidade vocacional.<\/p>\n\n\n\n<h3 class=\"wp-block-heading\"><span class=\"ez-toc-section\" id=\"Fatores_Institucionais_que_Impactam_a_Retencao\"><\/span>Fatores Institucionais que Impactam a Reten\u00e7\u00e3o<span class=\"ez-toc-section-end\"><\/span><\/h3>\n\n\n\n<h4 class=\"wp-block-heading\"><span class=\"ez-toc-section\" id=\"Infraestrutura_Inadequada\"><\/span>Infraestrutura Inadequada<span class=\"ez-toc-section-end\"><\/span><\/h4>\n\n\n\n<p>A infraestrutura inadequada compromete gravemente a qualidade da forma\u00e7\u00e3o t\u00e9cnica. Laborat\u00f3rios desatualizados, equipamentos quebrados ou insuficientes, bibliotecas prec\u00e1rias e aus\u00eancia de recursos tecnol\u00f3gicos reduzem o aprendizado a teorias desconectadas da pr\u00e1tica profissional, desmotivando os estudantes e contribuindo para as altas taxas de&nbsp;<strong>evas\u00e3o em institutos federais<\/strong>&nbsp;e outras redes.<\/p>\n\n\n\n<h4 class=\"wp-block-heading\"><span class=\"ez-toc-section\" id=\"Qualificacao_do_Corpo_Docente\"><\/span>Qualifica\u00e7\u00e3o do Corpo Docente<span class=\"ez-toc-section-end\"><\/span><\/h4>\n\n\n\n<p>A qualifica\u00e7\u00e3o do corpo docente tamb\u00e9m impacta diretamente a perman\u00eancia estudantil. Professores sem forma\u00e7\u00e3o pedag\u00f3gica adequada ou desatualizados quanto \u00e0s pr\u00e1ticas do mercado t\u00eam dificuldade em tornar o conte\u00fado relevante e envolvente. A falta de suporte psicopedag\u00f3gico deixa quest\u00f5es emocionais, familiares e de aprendizagem sem acolhimento apropriado.<\/p>\n\n\n\n<h4 class=\"wp-block-heading\"><span class=\"ez-toc-section\" id=\"Desconexao_com_o_Mercado_de_Trabalho\"><\/span>Desconex\u00e3o com o Mercado de Trabalho<span class=\"ez-toc-section-end\"><\/span><\/h4>\n\n\n\n<p>Curr\u00edculos desconectados das necessidades reais do mercado de trabalho geram questionamentos sobre a utilidade do curso. Quando egressos relatam dificuldades de inser\u00e7\u00e3o profissional ou empregadores criticam a forma\u00e7\u00e3o recebida, a reputa\u00e7\u00e3o da institui\u00e7\u00e3o sofre e a motiva\u00e7\u00e3o dos estudantes atuais diminui, perpetuando o ciclo de&nbsp;<strong>evas\u00e3o no ensino t\u00e9cnico<\/strong>.<\/p>\n\n\n\n<h3 class=\"wp-block-heading\"><span class=\"ez-toc-section\" id=\"Fatores_Sociais_e_Pessoais\"><\/span>Fatores Sociais e Pessoais<span class=\"ez-toc-section-end\"><\/span><\/h3>\n\n\n\n<p>Quest\u00f5es pessoais e familiares exercem peso consider\u00e1vel nas decis\u00f5es de abandono. A gravidez na adolesc\u00eancia, especialmente em cursos integrados, pode interromper a trajet\u00f3ria educacional por falta de apoio institucional para conciliar maternidade e estudos. Mudan\u00e7as de cidade ou estado por motivos familiares impossibilitam a continuidade quando n\u00e3o h\u00e1 transfer\u00eancia vi\u00e1vel.<\/p>\n\n\n\n<p>Problemas de sa\u00fade mental \u2014 ansiedade, depress\u00e3o, s\u00edndrome do impostor \u2014 v\u00eam crescendo entre jovens e s\u00e3o frequentemente negligenciados nas institui\u00e7\u00f5es de ensino t\u00e9cnico. A aus\u00eancia de redes de apoio adequadas transforma dificuldades tempor\u00e1rias em abandonos definitivos.<\/p>\n\n\n\n<h2 class=\"wp-block-heading\"><span class=\"ez-toc-section\" id=\"Perfil_do_Aluno_em_Risco_de_Evasao_no_Ensino_Tecnico\"><\/span>Perfil do Aluno em Risco de Evas\u00e3o no Ensino T\u00e9cnico<span class=\"ez-toc-section-end\"><\/span><\/h2>\n\n\n\n<h3 class=\"wp-block-heading\"><span class=\"ez-toc-section\" id=\"Caracteristicas_Demograficas\"><\/span>Caracter\u00edsticas Demogr\u00e1ficas<span class=\"ez-toc-section-end\"><\/span><\/h3>\n\n\n\n<p>Pesquisas realizadas em institutos federais e escolas do Sistema S revelam que o estudante t\u00edpico em risco de&nbsp;<strong>evas\u00e3o no ensino t\u00e9cnico<\/strong>&nbsp;possui caracter\u00edsticas recorrentes. Geralmente \u00e9 jovem, entre 16 e 24 anos, proveniente de escola p\u00fablica, com renda familiar de at\u00e9 tr\u00eas sal\u00e1rios m\u00ednimos. Muitos s\u00e3o os primeiros da fam\u00edlia a buscar educa\u00e7\u00e3o profissional.<\/p>\n\n\n\n<h3 class=\"wp-block-heading\"><span class=\"ez-toc-section\" id=\"Momentos_Criticos_de_Abandono\"><\/span>Momentos Cr\u00edticos de Abandono<span class=\"ez-toc-section-end\"><\/span><\/h3>\n\n\n\n<p>O momento cr\u00edtico de&nbsp;<strong>evas\u00e3o escolar no ensino t\u00e9cnico<\/strong>&nbsp;concentra-se no primeiro semestre ou ao final do primeiro ano, quando as dificuldades acad\u00eamicas se acumulam, as expectativas iniciais se chocam com a realidade e a novidade do ambiente j\u00e1 passou. Outro pico ocorre quando se aproxima o per\u00edodo de est\u00e1gio obrigat\u00f3rio, pela dificuldade de conciliar com trabalho ou pela indisponibilidade de vagas adequadas.<\/p>\n\n\n\n<h3 class=\"wp-block-heading\"><span class=\"ez-toc-section\" id=\"Sinais_Comportamentais_Pre-Evasao\"><\/span>Sinais Comportamentais Pr\u00e9-Evas\u00e3o<span class=\"ez-toc-section-end\"><\/span><\/h3>\n\n\n\n<p>Os padr\u00f5es comportamentais que antecedem o abandono s\u00e3o identific\u00e1veis e podem auxiliar na&nbsp;<strong>reten\u00e7\u00e3o de alunos em cursos t\u00e9cnicos<\/strong>:<\/p>\n\n\n\n<ul class=\"wp-block-list\">\n<li>Queda progressiva na frequ\u00eancia \u00e0s aulas<\/li>\n\n\n\n<li>Redu\u00e7\u00e3o no acesso a ambientes virtuais de aprendizagem<\/li>\n\n\n\n<li>Deteriora\u00e7\u00e3o do desempenho em avalia\u00e7\u00f5es<\/li>\n\n\n\n<li>Menor participa\u00e7\u00e3o em atividades pr\u00e1ticas<\/li>\n\n\n\n<li>Isolamento social dentro da institui\u00e7\u00e3o<\/li>\n<\/ul>\n\n\n\n<p>Esses sinais, quando monitorados sistematicamente, permitem interven\u00e7\u00f5es preventivas antes que a evas\u00e3o se concretize.<\/p>\n\n\n\n<h3 class=\"wp-block-heading\"><span class=\"ez-toc-section\" id=\"Diferencas_entre_Perfis_de_Estudantes\"><\/span>Diferen\u00e7as entre Perfis de Estudantes<span class=\"ez-toc-section-end\"><\/span><\/h3>\n\n\n\n<p>H\u00e1 diferen\u00e7as importantes entre perfis. Nos cursos integrados, a&nbsp;<strong>evas\u00e3o no ensino t\u00e9cnico<\/strong>&nbsp;relaciona-se mais com imaturidade vocacional, dificuldades de adapta\u00e7\u00e3o e press\u00f5es sociais. Nos subsequentes, predominam quest\u00f5es financeiras e de concilia\u00e7\u00e3o com responsabilidades adultas. Estudantes mais velhos tendem a persistir mais quando encontram relev\u00e2ncia imediata do conte\u00fado para sua vida profissional.<\/p>\n\n\n\n<h2 class=\"wp-block-heading\"><span class=\"ez-toc-section\" id=\"Como_Reduzir_a_Evasao_no_Ensino_Tecnico_Solucoes_Praticas\"><\/span>Como Reduzir a Evas\u00e3o no Ensino T\u00e9cnico: Solu\u00e7\u00f5es Pr\u00e1ticas<span class=\"ez-toc-section-end\"><\/span><\/h2>\n\n\n\n<h3 class=\"wp-block-heading\"><span class=\"ez-toc-section\" id=\"Estrategias_de_Prevencao_Institucional\"><\/span>Estrat\u00e9gias de Preven\u00e7\u00e3o Institucional<span class=\"ez-toc-section-end\"><\/span><\/h3>\n\n\n\n<p>Programas estruturados de acolhimento no primeiro semestre fazem diferen\u00e7a mensur\u00e1vel na&nbsp;<strong>reten\u00e7\u00e3o de alunos<\/strong>. Semanas de integra\u00e7\u00e3o, apresenta\u00e7\u00e3o da infraestrutura, conex\u00e3o com veteranos e esclarecimento de expectativas ajudam na adapta\u00e7\u00e3o inicial. Orienta\u00e7\u00e3o profissional continuada \u2014 n\u00e3o apenas no ingresso \u2014 permite ajustes de percurso e tomadas de decis\u00e3o mais conscientes.<\/p>\n\n\n\n<p>Sistemas de monitoria e refor\u00e7o escolar em disciplinas cr\u00edticas como matem\u00e1tica, f\u00edsica e portugu\u00eas t\u00e9cnico reduzem a reprova\u00e7\u00e3o e aumentam a confian\u00e7a dos estudantes. A flexibiliza\u00e7\u00e3o de hor\u00e1rios, quando vi\u00e1vel, permite que trabalhadores cursem disciplinas em turnos alternativos ou em formatos semipresenciais, contribuindo para&nbsp;<strong>como reduzir a evas\u00e3o no ensino t\u00e9cnico<\/strong>.<\/p>\n\n\n\n<h3 class=\"wp-block-heading\"><span class=\"ez-toc-section\" id=\"Suporte_Financeiro_para_Permanencia\"><\/span>Suporte Financeiro para Perman\u00eancia<span class=\"ez-toc-section-end\"><\/span><\/h3>\n\n\n\n<p>Bolsas de perman\u00eancia, aux\u00edlios para transporte e alimenta\u00e7\u00e3o, fornecimento de materiais did\u00e1ticos e uniformes removem barreiras econ\u00f4micas concretas. Parcerias com empresas para oferta de est\u00e1gios remunerados criam uma ponte entre forma\u00e7\u00e3o e mercado, al\u00e9m de prover sustento financeiro durante o curso.<\/p>\n\n\n\n<p>Algumas institui\u00e7\u00f5es desenvolvem programas de microcr\u00e9dito educacional ou trabalham com cooperativas para viabilizar aquisi\u00e7\u00e3o de ferramentas e equipamentos necess\u00e1rios, reduzindo o impacto financeiro imediato sobre as fam\u00edlias e diminuindo as taxas de&nbsp;<strong>abandono no ensino profissionalizante<\/strong>.<\/p>\n\n\n\n<h3 class=\"wp-block-heading\"><span class=\"ez-toc-section\" id=\"Acompanhamento_Pedagogico_Individualizado\"><\/span>Acompanhamento Pedag\u00f3gico Individualizado<span class=\"ez-toc-section-end\"><\/span><\/h3>\n\n\n\n<p>A identifica\u00e7\u00e3o precoce de estudantes em risco de&nbsp;<strong>evas\u00e3o no ensino t\u00e9cnico<\/strong>&nbsp;permite interven\u00e7\u00f5es direcionadas antes que a situa\u00e7\u00e3o se torne irrevers\u00edvel. Tutoria individualizada, reuni\u00f5es peri\u00f3dicas com coordenadores pedag\u00f3gicos e acompanhamento de frequ\u00eancia e desempenho criam uma rede de apoio efetiva.<\/p>\n\n\n\n<p>Metodologias ativas \u2014 aprendizagem baseada em projetos, problemas reais, simula\u00e7\u00f5es \u2014 tornam o aprendizado mais significativo e engajador. Processos de recupera\u00e7\u00e3o paralela, ao inv\u00e9s de apenas avalia\u00e7\u00f5es de segunda chamada, oferecem caminhos alternativos de aprendizagem adequados a diferentes estilos de estudantes.<\/p>\n\n\n\n<h3 class=\"wp-block-heading\"><span class=\"ez-toc-section\" id=\"Conexao_Estrategica_com_o_Mercado_de_Trabalho\"><\/span>Conex\u00e3o Estrat\u00e9gica com o Mercado de Trabalho<span class=\"ez-toc-section-end\"><\/span><\/h3>\n\n\n\n<p>Parcerias estrat\u00e9gicas com empresas do setor proporcionam visitas t\u00e9cnicas, palestras com profissionais atuantes, participa\u00e7\u00e3o em projetos reais e networking valioso para os estudantes. Feiras de est\u00e1gio e emprego dentro da institui\u00e7\u00e3o aproximam oferta e demanda de m\u00e3o de obra qualificada.<\/p>\n\n\n\n<p>Programas de mentoria com ex-alunos bem-sucedidos inspiram os estudantes atuais e demonstram concretamente as possibilidades de carreira. Essas conex\u00f5es humanizam as trajet\u00f3rias profissionais e tornam os objetivos mais tang\u00edveis, reduzindo significativamente a&nbsp;<strong>evas\u00e3o SENAI<\/strong>,&nbsp;<strong>evas\u00e3o SENAC<\/strong>&nbsp;e em outras institui\u00e7\u00f5es.<\/p>\n\n\n\n<h3 class=\"wp-block-heading\"><span class=\"ez-toc-section\" id=\"Tecnologia_e_Dados_para_Prevencao_da_Evasao\"><\/span>Tecnologia e Dados para Preven\u00e7\u00e3o da Evas\u00e3o<span class=\"ez-toc-section-end\"><\/span><\/h3>\n\n\n\n<p>Sistemas de alerta precoce baseados em intelig\u00eancia artificial representam um salto qualitativo na gest\u00e3o da&nbsp;<strong>evas\u00e3o no ensino t\u00e9cnico<\/strong>. Ao analisar padr\u00f5es de comportamento \u2014 frequ\u00eancia, notas, acesso a plataformas, participa\u00e7\u00e3o em atividades \u2014 esses sistemas identificam estudantes em risco com 30 a 60 dias de anteced\u00eancia, permitindo interven\u00e7\u00f5es preventivas ao inv\u00e9s de rea\u00e7\u00f5es tardias.<\/p>\n\n\n\n<p>O monitoramento cont\u00ednuo de indicadores-chave e a automa\u00e7\u00e3o de interven\u00e7\u00f5es personalizadas \u2014 como mensagens de incentivo, convoca\u00e7\u00f5es para tutoria, contato com respons\u00e1veis \u2014 escalam o cuidado individual sem sobrecarregar equipes pedag\u00f3gicas. A&nbsp;<a href=\"https:\/\/elabi.com.br\/\">an\u00e1lise preditiva na educa\u00e7\u00e3o<\/a>&nbsp;transforma dados dispersos em intelig\u00eancia acion\u00e1vel.<\/p>\n\n\n\n<h2 class=\"wp-block-heading\"><span class=\"ez-toc-section\" id=\"O_Papel_da_Inteligencia_Artificial_na_Retencao_de_Alunos\"><\/span>O Papel da Intelig\u00eancia Artificial na Reten\u00e7\u00e3o de Alunos<span class=\"ez-toc-section-end\"><\/span><\/h2>\n\n\n\n<h3 class=\"wp-block-heading\"><span class=\"ez-toc-section\" id=\"Analise_Preditiva_para_Identificacao_de_Riscos\"><\/span>An\u00e1lise Preditiva para Identifica\u00e7\u00e3o de Riscos<span class=\"ez-toc-section-end\"><\/span><\/h3>\n\n\n\n<p>A an\u00e1lise preditiva baseada em intelig\u00eancia artificial identifica padr\u00f5es invis\u00edveis ao olhar humano. Enquanto um coordenador pedag\u00f3gico consegue acompanhar de perto algumas dezenas de alunos, um sistema inteligente monitora centenas ou milhares simultaneamente, sinalizando riscos espec\u00edficos de&nbsp;<strong>evas\u00e3o no ensino t\u00e9cnico<\/strong>:<\/p>\n\n\n\n<ul class=\"wp-block-list\">\n<li>Um estudante que sempre foi pontual mas faltou tr\u00eas vezes em duas semanas<\/li>\n\n\n\n<li>Outro que deixou de acessar o ambiente virtual h\u00e1 10 dias<\/li>\n\n\n\n<li>Um terceiro cuja m\u00e9dia caiu abruptamente em disciplinas-chave<\/li>\n<\/ul>\n\n\n\n<h3 class=\"wp-block-heading\"><span class=\"ez-toc-section\" id=\"Vantagem_da_Antecipacao_de_30_a_60_Dias\"><\/span>Vantagem da Antecipa\u00e7\u00e3o de 30 a 60 Dias<span class=\"ez-toc-section-end\"><\/span><\/h3>\n\n\n\n<p>A vantagem de antecipar problemas 30 a 60 dias antes da evas\u00e3o efetiva reside na possibilidade de interven\u00e7\u00e3o enquanto ainda h\u00e1 v\u00ednculo e motiva\u00e7\u00e3o. Uma conversa no momento certo, uma bolsa oferecida a tempo, um refor\u00e7o direcionado podem fazer a diferen\u00e7a entre perman\u00eancia e abandono no&nbsp;<strong>ensino profissionalizante<\/strong>.<\/p>\n\n\n\n<h3 class=\"wp-block-heading\"><span class=\"ez-toc-section\" id=\"Automacao_de_Intervencoes_Personalizadas\"><\/span>Automa\u00e7\u00e3o de Interven\u00e7\u00f5es Personalizadas<span class=\"ez-toc-section-end\"><\/span><\/h3>\n\n\n\n<p>A automa\u00e7\u00e3o de interven\u00e7\u00f5es por meio de playbooks personalizados garante que nenhum alerta seja ignorado. Se um estudante apresenta padr\u00e3o de risco financeiro, aciona-se protocolo espec\u00edfico: verifica\u00e7\u00e3o de elegibilidade para aux\u00edlios, contato do servi\u00e7o social, informa\u00e7\u00f5es sobre programas de est\u00e1gio. Se o risco \u00e9 acad\u00eamico, oferta-se monitoria, material complementar, reagendamento de orienta\u00e7\u00f5es.<\/p>\n\n\n\n<p>A comunica\u00e7\u00e3o multicanal \u2014 WhatsApp, e-mail, SMS \u2014 atende os estudantes onde eles est\u00e3o, aumentando significativamente a taxa de resposta. O envolvimento coordenado de diferentes atores \u2014 coordenadores, professores, psic\u00f3logos, at\u00e9 empregadores parceiros \u2014 cria uma rede de suporte efetiva para&nbsp;<strong>reten\u00e7\u00e3o de alunos em cursos t\u00e9cnicos<\/strong>.<\/p>\n\n\n\n<h3 class=\"wp-block-heading\"><span class=\"ez-toc-section\" id=\"Integracao_com_Sistemas_Academicos_Existentes\"><\/span>Integra\u00e7\u00e3o com Sistemas Acad\u00eamicos Existentes<span class=\"ez-toc-section-end\"><\/span><\/h3>\n\n\n\n<p>Plataformas como o eLabi integram-se nativamente com ambientes virtuais de aprendizagem como Moodle, coletando automaticamente dados de frequ\u00eancia, notas, acesso a materiais e participa\u00e7\u00e3o em f\u00f3runs. Essa vis\u00e3o unificada do estudante elimina trabalho manual de consolida\u00e7\u00e3o de informa\u00e7\u00f5es e permite decis\u00f5es baseadas em dados completos e atualizados.<\/p>\n\n\n\n<p>Para institui\u00e7\u00f5es de ensino t\u00e9cnico, onde os recursos humanos s\u00e3o frequentemente limitados e as demandas operacionais intensas, a&nbsp;<strong>tecnologia educacional<\/strong>&nbsp;representa n\u00e3o um luxo, mas uma ferramenta essencial para escalar o cuidado com cada estudante.<\/p>\n\n\n\n<h3 class=\"wp-block-heading\"><span class=\"ez-toc-section\" id=\"Retorno_sobre_Investimento_Mensuravel\"><\/span>Retorno sobre Investimento Mensur\u00e1vel<span class=\"ez-toc-section-end\"><\/span><\/h3>\n\n\n\n<p>O retorno sobre investimento em&nbsp;<strong>IA na educa\u00e7\u00e3o<\/strong>&nbsp;\u00e9 mensur\u00e1vel: cada aluno retido representa um investimento formativo preservado, uma mensalidade mantida (no caso de institui\u00e7\u00f5es privadas) e, principalmente, um profissional qualificado entregue \u00e0 sociedade. Institui\u00e7\u00f5es que implementam sistemas preditivos observam redu\u00e7\u00f5es de 15% a 40% nas taxas de&nbsp;<strong>evas\u00e3o no ensino t\u00e9cnico<\/strong>.<\/p>\n\n\n\n<h2 class=\"wp-block-heading\"><span class=\"ez-toc-section\" id=\"Construindo_um_Futuro_com_Menos_Evasao_no_Ensino_Tecnico\"><\/span>Construindo um Futuro com Menos Evas\u00e3o no Ensino T\u00e9cnico<span class=\"ez-toc-section-end\"><\/span><\/h2>\n\n\n\n<p>A&nbsp;<strong>evas\u00e3o no ensino t\u00e9cnico<\/strong>&nbsp;n\u00e3o \u00e9 uma fatalidade inevit\u00e1vel, mas um problema complexo que demanda respostas coordenadas e baseadas em dados. A combina\u00e7\u00e3o de pol\u00edticas institucionais s\u00f3lidas \u2014 suporte financeiro, acompanhamento pedag\u00f3gico, infraestrutura adequada \u2014 com tecnologias inteligentes de monitoramento e interven\u00e7\u00e3o cria condi\u00e7\u00f5es reais para reverter os \u00edndices atuais.<\/p>\n\n\n\n<p>Gestores de institui\u00e7\u00f5es de ensino t\u00e9cnico enfrentam press\u00f5es m\u00faltiplas: resultados educacionais, sustentabilidade financeira, presta\u00e7\u00e3o de contas a mantenedoras ou \u00f3rg\u00e3os p\u00fablicos. Investir em&nbsp;<strong>reten\u00e7\u00e3o de alunos<\/strong>&nbsp;n\u00e3o \u00e9 apenas cumprir uma miss\u00e3o educacional, \u00e9 garantir efici\u00eancia no uso de recursos e reputa\u00e7\u00e3o institucional.<\/p>\n\n\n\n<p>A tecnologia oferece hoje o que era imposs\u00edvel h\u00e1 poucos anos: antecipar riscos, personalizar interven\u00e7\u00f5es e acompanhar centenas de estudantes simultaneamente com a mesma aten\u00e7\u00e3o que antes se dedicava a poucos. Institui\u00e7\u00f5es que adotam essa abordagem preventiva, baseada em&nbsp;<strong>gest\u00e3o educacional<\/strong>&nbsp;com dados e automa\u00e7\u00e3o inteligente, observam redu\u00e7\u00f5es significativas na evas\u00e3o e melhorias consistentes em seus indicadores educacionais.<\/p>\n\n\n\n<h3 class=\"wp-block-heading\"><span class=\"ez-toc-section\" id=\"Proximos_Passos_para_sua_Instituicao\"><\/span>Pr\u00f3ximos Passos para sua Institui\u00e7\u00e3o<span class=\"ez-toc-section-end\"><\/span><\/h3>\n\n\n\n<p>Se voc\u00ea \u00e9 gestor de uma institui\u00e7\u00e3o de ensino t\u00e9cnico, instituto federal, escola do Sistema S ou rede estadual de educa\u00e7\u00e3o profissionalizante, o momento de agir \u00e9 agora. A&nbsp;<strong>evas\u00e3o no ensino t\u00e9cnico<\/strong>&nbsp;tem solu\u00e7\u00e3o, e come\u00e7ar com pequenas a\u00e7\u00f5es j\u00e1 gera impacto:<\/p>\n\n\n\n<ol class=\"wp-block-list\">\n<li><strong>Mapeie seus indicadores atuais<\/strong>: qual a taxa real de evas\u00e3o? Em que momento ela ocorre?<\/li>\n\n\n\n<li><strong>Identifique os principais motivos<\/strong>: realize pesquisas com evadidos e com alunos em risco<\/li>\n\n\n\n<li><strong>Implemente a\u00e7\u00f5es de acolhimento<\/strong>: especialmente no primeiro semestre<\/li>\n\n\n\n<li><strong>Estruture suporte financeiro<\/strong>: mesmo pequenos aux\u00edlios fazem diferen\u00e7a<\/li>\n\n\n\n<li><strong>Adote tecnologia de an\u00e1lise preditiva<\/strong>: antecipe problemas antes que se tornem abandono<\/li>\n<\/ol>\n\n\n\n<p><strong>Descubra como a eLabi ajuda institui\u00e7\u00f5es de ensino t\u00e9cnico a identificar estudantes em risco de evas\u00e3o com 30 a 60 dias de anteced\u00eancia e implementar interven\u00e7\u00f5es automatizadas e personalizadas.<\/strong>&nbsp;Nossa plataforma integra-se nativamente com Moodle e outros sistemas acad\u00eamicos, transformando dados em a\u00e7\u00f5es concretas de&nbsp;<strong>reten\u00e7\u00e3o de alunos em cursos t\u00e9cnicos<\/strong>.<\/p>\n\n\n\n<p><a href=\"https:\/\/elabi.com.br\/br\/agendar-demo.html\">Agende uma demonstra\u00e7\u00e3o gratuita<\/a>\u00a0e conhe\u00e7a cases de sucesso em institui\u00e7\u00f5es t\u00e9cnicas brasileiras que reduziram significativamente suas taxas de\u00a0<strong>evas\u00e3o no ensino t\u00e9cnico<\/strong>.<\/p>\n\n\n\n<hr class=\"wp-block-separator has-alpha-channel-opacity\"\/>\n\n\n\n<p><strong>Sobre o autor:<\/strong>&nbsp;Este artigo foi desenvolvido pela equipe eLabi, especializada em solu\u00e7\u00f5es de intelig\u00eancia artificial para preven\u00e7\u00e3o de evas\u00e3o e reten\u00e7\u00e3o estudantil no ensino t\u00e9cnico e superior brasileiro.<\/p>\n\n\n\n<p><strong>Leia tamb\u00e9m:<\/strong><\/p>\n\n\n\n<ul class=\"wp-block-list\">\n<li><a href=\"#\">Indicadores de Evas\u00e3o Estudantil: Como Identificar Alunos em Risco<\/a><\/li>\n\n\n\n<li><a href=\"#\">IA na Educa\u00e7\u00e3o: Como a Tecnologia Est\u00e1 Transformando a Reten\u00e7\u00e3o de Alunos<\/a><\/li>\n\n\n\n<li><a href=\"#\">Sistema S: Desafios e Oportunidades na Educa\u00e7\u00e3o Profissionalizante<\/a><\/li>\n<\/ul>\n","protected":false},"excerpt":{"rendered":"<p>Evas\u00e3o no ensino t\u00e9cnico atinge 30-40% no Brasil. Descubra as causas espec\u00edficas, perfil do aluno evadido e solu\u00e7\u00f5es pr\u00e1ticas com dados e IA para reter estudantes.<\/p>\n","protected":false},"author":1,"featured_media":36,"comment_status":"open","ping_status":"open","sticky":false,"template":"","format":"standard","meta":{"footnotes":""},"categories":[1],"tags":[25,36,33,29,34,32,31,23,26,28,27,8,19,21,30,37,24,6,35,38],"class_list":["post-33","post","type-post","status-publish","format-standard","has-post-thumbnail","hentry","category-blog","tag-abandono-ensino-profissionalizante","tag-analise-preditiva-educacao","tag-causas-evasao-curso-tecnico","tag-como-reduzir-evasao-ensino-tecnico","tag-educacao-profissionalizante","tag-ensino-tecnico","tag-evasao-ensino-tecnico","tag-evasao-escolar-ensino-tecnico","tag-evasao-institutos-federais","tag-evasao-senac","tag-evasao-senai","tag-gestao-educacional","tag-ia-na-educacao","tag-indicadores-educacionais","tag-permanencia-estudantil-ensino-tecnico","tag-pronatec","tag-retencao-alunos-curso-tecnico","tag-retencao-de-alunos","tag-sistema-s","tag-tecnologia-educacional"],"_links":{"self":[{"href":"https:\/\/elabi.com.br\/br\/blog\/wp-json\/wp\/v2\/posts\/33","targetHints":{"allow":["GET"]}}],"collection":[{"href":"https:\/\/elabi.com.br\/br\/blog\/wp-json\/wp\/v2\/posts"}],"about":[{"href":"https:\/\/elabi.com.br\/br\/blog\/wp-json\/wp\/v2\/types\/post"}],"author":[{"embeddable":true,"href":"https:\/\/elabi.com.br\/br\/blog\/wp-json\/wp\/v2\/users\/1"}],"replies":[{"embeddable":true,"href":"https:\/\/elabi.com.br\/br\/blog\/wp-json\/wp\/v2\/comments?post=33"}],"version-history":[{"count":4,"href":"https:\/\/elabi.com.br\/br\/blog\/wp-json\/wp\/v2\/posts\/33\/revisions"}],"predecessor-version":[{"id":180,"href":"https:\/\/elabi.com.br\/br\/blog\/wp-json\/wp\/v2\/posts\/33\/revisions\/180"}],"wp:featuredmedia":[{"embeddable":true,"href":"https:\/\/elabi.com.br\/br\/blog\/wp-json\/wp\/v2\/media\/36"}],"wp:attachment":[{"href":"https:\/\/elabi.com.br\/br\/blog\/wp-json\/wp\/v2\/media?parent=33"}],"wp:term":[{"taxonomy":"category","embeddable":true,"href":"https:\/\/elabi.com.br\/br\/blog\/wp-json\/wp\/v2\/categories?post=33"},{"taxonomy":"post_tag","embeddable":true,"href":"https:\/\/elabi.com.br\/br\/blog\/wp-json\/wp\/v2\/tags?post=33"}],"curies":[{"name":"wp","href":"https:\/\/api.w.org\/{rel}","templated":true}]}}