{"id":22,"date":"2026-01-19T08:44:44","date_gmt":"2026-01-19T11:44:44","guid":{"rendered":"https:\/\/elabi.com.br\/br\/blog\/?p=22"},"modified":"2026-01-25T18:43:01","modified_gmt":"2026-01-25T21:43:01","slug":"evasao-estudantil-no-brasil-guia-completo-2026","status":"publish","type":"post","link":"https:\/\/elabi.com.br\/br\/blog\/evasao-estudantil-no-brasil-guia-completo-2026\/","title":{"rendered":"Evas\u00e3o Estudantil no Brasil: Guia Completo 2026"},"content":{"rendered":"\n<p>A evas\u00e3o estudantil \u00e9 um dos desafios mais cr\u00edticos enfrentados pelo sistema educacional brasileiro. Em 2024, dados do Censo da Educa\u00e7\u00e3o Superior revelaram que a taxa de evas\u00e3o no ensino superior brasileiro permanece alarmante: aproximadamente 1 em cada 3 alunos abandona o curso antes da conclus\u00e3o. No ensino m\u00e9dio, a situa\u00e7\u00e3o n\u00e3o \u00e9 diferente, com taxas que chegam a 6,5% ao ano, representando mais de 470 mil jovens que deixam os estudos anualmente.<\/p>\n\n\n\n<p>O impacto vai muito al\u00e9m dos n\u00fameros. Para as institui\u00e7\u00f5es privadas, cada aluno que evade representa uma perda m\u00e9dia de R$ 40 mil a R$ 120 mil em receita ao longo do curso. Para as institui\u00e7\u00f5es p\u00fablicas, significa investimento p\u00fablico desperdi\u00e7ado e metas de forma\u00e7\u00e3o n\u00e3o atingidas. Para os estudantes, representa sonhos interrompidos e oportunidades perdidas que impactar\u00e3o sua renda por toda a vida.<\/p>\n\n\n\n<p>Este guia completo re\u00fane os dados mais atualizados sobre evas\u00e3o estudantil no Brasil, analisa suas causas multifatoriais, quantifica suas consequ\u00eancias e, principalmente, apresenta estrat\u00e9gias baseadas em evid\u00eancias para identificar alunos em risco e implementar interven\u00e7\u00f5es eficazes. Como plataforma especializada em predi\u00e7\u00e3o e preven\u00e7\u00e3o de evas\u00e3o, a eLabi compilou experi\u00eancia pr\u00e1tica com IES p\u00fablicas e privadas para criar o material mais abrangente j\u00e1 produzido sobre o tema em portugu\u00eas.<\/p>\n\n\n\n<div id=\"ez-toc-container\" class=\"ez-toc-v2_0_80 counter-hierarchy ez-toc-counter ez-toc-grey ez-toc-container-direction\">\n<div class=\"ez-toc-title-container\">\n<p class=\"ez-toc-title\" style=\"cursor:inherit\">Conte\u00fado da p\u00e1gina<\/p>\n<span class=\"ez-toc-title-toggle\"><a href=\"#\" class=\"ez-toc-pull-right ez-toc-btn ez-toc-btn-xs ez-toc-btn-default ez-toc-toggle\" aria-label=\"Alternar tabela de conte\u00fado\"><span class=\"ez-toc-js-icon-con\"><span class=\"\"><span class=\"eztoc-hide\" style=\"display:none;\">Toggle<\/span><span class=\"ez-toc-icon-toggle-span\"><svg style=\"fill: #999;color:#999\" xmlns=\"http:\/\/www.w3.org\/2000\/svg\" class=\"list-377408\" width=\"20px\" height=\"20px\" viewBox=\"0 0 24 24\" fill=\"none\"><path d=\"M6 6H4v2h2V6zm14 0H8v2h12V6zM4 11h2v2H4v-2zm16 0H8v2h12v-2zM4 16h2v2H4v-2zm16 0H8v2h12v-2z\" fill=\"currentColor\"><\/path><\/svg><svg style=\"fill: #999;color:#999\" class=\"arrow-unsorted-368013\" xmlns=\"http:\/\/www.w3.org\/2000\/svg\" width=\"10px\" height=\"10px\" viewBox=\"0 0 24 24\" version=\"1.2\" baseProfile=\"tiny\"><path d=\"M18.2 9.3l-6.2-6.3-6.2 6.3c-.2.2-.3.4-.3.7s.1.5.3.7c.2.2.4.3.7.3h11c.3 0 .5-.1.7-.3.2-.2.3-.5.3-.7s-.1-.5-.3-.7zM5.8 14.7l6.2 6.3 6.2-6.3c.2-.2.3-.5.3-.7s-.1-.5-.3-.7c-.2-.2-.4-.3-.7-.3h-11c-.3 0-.5.1-.7.3-.2.2-.3.5-.3.7s.1.5.3.7z\"\/><\/svg><\/span><\/span><\/span><\/a><\/span><\/div>\n<nav><ul class='ez-toc-list ez-toc-list-level-1 ' ><li class='ez-toc-page-1 ez-toc-heading-level-2'><a class=\"ez-toc-link ez-toc-heading-1\" href=\"https:\/\/elabi.com.br\/br\/blog\/evasao-estudantil-no-brasil-guia-completo-2026\/#O_Que_e_Evasao_Estudantil\" >O Que \u00e9 Evas\u00e3o Estudantil<\/a><\/li><li class='ez-toc-page-1 ez-toc-heading-level-2'><a class=\"ez-toc-link ez-toc-heading-2\" href=\"https:\/\/elabi.com.br\/br\/blog\/evasao-estudantil-no-brasil-guia-completo-2026\/#Panorama_da_Evasao_no_Brasil\" >Panorama da Evas\u00e3o no Brasil<\/a><ul class='ez-toc-list-level-3' ><li class='ez-toc-heading-level-3'><a class=\"ez-toc-link ez-toc-heading-3\" href=\"https:\/\/elabi.com.br\/br\/blog\/evasao-estudantil-no-brasil-guia-completo-2026\/#Ensino_Fundamental_e_Medio\" >Ensino Fundamental e M\u00e9dio<\/a><\/li><li class='ez-toc-page-1 ez-toc-heading-level-3'><a class=\"ez-toc-link ez-toc-heading-4\" href=\"https:\/\/elabi.com.br\/br\/blog\/evasao-estudantil-no-brasil-guia-completo-2026\/#Ensino_Tecnico\" >Ensino T\u00e9cnico<\/a><\/li><li class='ez-toc-page-1 ez-toc-heading-level-3'><a class=\"ez-toc-link ez-toc-heading-5\" href=\"https:\/\/elabi.com.br\/br\/blog\/evasao-estudantil-no-brasil-guia-completo-2026\/#Ensino_Superior\" >Ensino Superior<\/a><\/li><\/ul><\/li><li class='ez-toc-page-1 ez-toc-heading-level-2'><a class=\"ez-toc-link ez-toc-heading-6\" href=\"https:\/\/elabi.com.br\/br\/blog\/evasao-estudantil-no-brasil-guia-completo-2026\/#Causas_da_Evasao_Estudantil\" >Causas da Evas\u00e3o Estudantil<\/a><ul class='ez-toc-list-level-3' ><li class='ez-toc-heading-level-3'><a class=\"ez-toc-link ez-toc-heading-7\" href=\"https:\/\/elabi.com.br\/br\/blog\/evasao-estudantil-no-brasil-guia-completo-2026\/#Causas_Financeiras\" >Causas Financeiras<\/a><\/li><li class='ez-toc-page-1 ez-toc-heading-level-3'><a class=\"ez-toc-link ez-toc-heading-8\" href=\"https:\/\/elabi.com.br\/br\/blog\/evasao-estudantil-no-brasil-guia-completo-2026\/#Causas_Academicas\" >Causas Acad\u00eamicas<\/a><\/li><li class='ez-toc-page-1 ez-toc-heading-level-3'><a class=\"ez-toc-link ez-toc-heading-9\" href=\"https:\/\/elabi.com.br\/br\/blog\/evasao-estudantil-no-brasil-guia-completo-2026\/#Causas_Institucionais\" >Causas Institucionais<\/a><\/li><li class='ez-toc-page-1 ez-toc-heading-level-3'><a class=\"ez-toc-link ez-toc-heading-10\" href=\"https:\/\/elabi.com.br\/br\/blog\/evasao-estudantil-no-brasil-guia-completo-2026\/#Causas_Pessoais_e_Sociais\" >Causas Pessoais e Sociais<\/a><\/li><li class='ez-toc-page-1 ez-toc-heading-level-3'><a class=\"ez-toc-link ez-toc-heading-11\" href=\"https:\/\/elabi.com.br\/br\/blog\/evasao-estudantil-no-brasil-guia-completo-2026\/#Causas_Vocacionais\" >Causas Vocacionais<\/a><\/li><li class='ez-toc-page-1 ez-toc-heading-level-3'><a class=\"ez-toc-link ez-toc-heading-12\" href=\"https:\/\/elabi.com.br\/br\/blog\/evasao-estudantil-no-brasil-guia-completo-2026\/#Causas_Externas\" >Causas Externas<\/a><\/li><\/ul><\/li><li class='ez-toc-page-1 ez-toc-heading-level-2'><a class=\"ez-toc-link ez-toc-heading-13\" href=\"https:\/\/elabi.com.br\/br\/blog\/evasao-estudantil-no-brasil-guia-completo-2026\/#Consequencias_da_Evasao\" >Consequ\u00eancias da Evas\u00e3o<\/a><ul class='ez-toc-list-level-3' ><li class='ez-toc-heading-level-3'><a class=\"ez-toc-link ez-toc-heading-14\" href=\"https:\/\/elabi.com.br\/br\/blog\/evasao-estudantil-no-brasil-guia-completo-2026\/#Para_as_Instituicoes_de_Ensino\" >Para as Institui\u00e7\u00f5es de Ensino<\/a><\/li><li class='ez-toc-page-1 ez-toc-heading-level-3'><a class=\"ez-toc-link ez-toc-heading-15\" href=\"https:\/\/elabi.com.br\/br\/blog\/evasao-estudantil-no-brasil-guia-completo-2026\/#Para_os_Estudantes\" >Para os Estudantes<\/a><\/li><li class='ez-toc-page-1 ez-toc-heading-level-3'><a class=\"ez-toc-link ez-toc-heading-16\" href=\"https:\/\/elabi.com.br\/br\/blog\/evasao-estudantil-no-brasil-guia-completo-2026\/#Para_a_Sociedade\" >Para a Sociedade<\/a><\/li><\/ul><\/li><li class='ez-toc-page-1 ez-toc-heading-level-2'><a class=\"ez-toc-link ez-toc-heading-17\" href=\"https:\/\/elabi.com.br\/br\/blog\/evasao-estudantil-no-brasil-guia-completo-2026\/#Como_Identificar_Alunos_em_Risco_de_Evasao\" >Como Identificar Alunos em Risco de Evas\u00e3o<\/a><ul class='ez-toc-list-level-3' ><li class='ez-toc-heading-level-3'><a class=\"ez-toc-link ez-toc-heading-18\" href=\"https:\/\/elabi.com.br\/br\/blog\/evasao-estudantil-no-brasil-guia-completo-2026\/#Indicadores_Comportamentais\" >Indicadores Comportamentais<\/a><\/li><li class='ez-toc-page-1 ez-toc-heading-level-3'><a class=\"ez-toc-link ez-toc-heading-19\" href=\"https:\/\/elabi.com.br\/br\/blog\/evasao-estudantil-no-brasil-guia-completo-2026\/#Indicadores_Academicos\" >Indicadores Acad\u00eamicos<\/a><\/li><li class='ez-toc-page-1 ez-toc-heading-level-3'><a class=\"ez-toc-link ez-toc-heading-20\" href=\"https:\/\/elabi.com.br\/br\/blog\/evasao-estudantil-no-brasil-guia-completo-2026\/#Indicadores_Financeiros\" >Indicadores Financeiros<\/a><\/li><li class='ez-toc-page-1 ez-toc-heading-level-3'><a class=\"ez-toc-link ez-toc-heading-21\" href=\"https:\/\/elabi.com.br\/br\/blog\/evasao-estudantil-no-brasil-guia-completo-2026\/#Indicadores_de_Engajamento_Digital_EAD\" >Indicadores de Engajamento Digital (EAD)<\/a><\/li><li class='ez-toc-page-1 ez-toc-heading-level-3'><a class=\"ez-toc-link ez-toc-heading-22\" href=\"https:\/\/elabi.com.br\/br\/blog\/evasao-estudantil-no-brasil-guia-completo-2026\/#Modelo_Preditivo\" >Modelo Preditivo<\/a><\/li><li class='ez-toc-page-1 ez-toc-heading-level-3'><a class=\"ez-toc-link ez-toc-heading-23\" href=\"https:\/\/elabi.com.br\/br\/blog\/evasao-estudantil-no-brasil-guia-completo-2026\/#Checklist_de_Sinais_de_Alerta\" >Checklist de Sinais de Alerta<\/a><\/li><\/ul><\/li><li class='ez-toc-page-1 ez-toc-heading-level-2'><a class=\"ez-toc-link ez-toc-heading-24\" href=\"https:\/\/elabi.com.br\/br\/blog\/evasao-estudantil-no-brasil-guia-completo-2026\/#Estrategias_Eficazes_de_Combate_a_Evasao\" >Estrat\u00e9gias Eficazes de Combate \u00e0 Evas\u00e3o<\/a><ul class='ez-toc-list-level-3' ><li class='ez-toc-heading-level-3'><a class=\"ez-toc-link ez-toc-heading-25\" href=\"https:\/\/elabi.com.br\/br\/blog\/evasao-estudantil-no-brasil-guia-completo-2026\/#Estrategias_Preventivas\" >Estrat\u00e9gias Preventivas<\/a><ul class='ez-toc-list-level-4' ><li class='ez-toc-heading-level-4'><a class=\"ez-toc-link ez-toc-heading-26\" href=\"https:\/\/elabi.com.br\/br\/blog\/evasao-estudantil-no-brasil-guia-completo-2026\/#Fase_Pre-Matricula\" >Fase Pr\u00e9-Matr\u00edcula<\/a><\/li><li class='ez-toc-page-1 ez-toc-heading-level-4'><a class=\"ez-toc-link ez-toc-heading-27\" href=\"https:\/\/elabi.com.br\/br\/blog\/evasao-estudantil-no-brasil-guia-completo-2026\/#Primeiras_Semanas_Onboarding\" >Primeiras Semanas (Onboarding)<\/a><\/li><\/ul><\/li><li class='ez-toc-page-1 ez-toc-heading-level-3'><a class=\"ez-toc-link ez-toc-heading-28\" href=\"https:\/\/elabi.com.br\/br\/blog\/evasao-estudantil-no-brasil-guia-completo-2026\/#Estrategias_de_Monitoramento\" >Estrat\u00e9gias de Monitoramento<\/a><\/li><li class='ez-toc-page-1 ez-toc-heading-level-3'><a class=\"ez-toc-link ez-toc-heading-29\" href=\"https:\/\/elabi.com.br\/br\/blog\/evasao-estudantil-no-brasil-guia-completo-2026\/#Estrategias_de_Intervencao\" >Estrat\u00e9gias de Interven\u00e7\u00e3o<\/a><ul class='ez-toc-list-level-4' ><li class='ez-toc-heading-level-4'><a class=\"ez-toc-link ez-toc-heading-30\" href=\"https:\/\/elabi.com.br\/br\/blog\/evasao-estudantil-no-brasil-guia-completo-2026\/#Intervencoes_Academicas\" >Interven\u00e7\u00f5es Acad\u00eamicas<\/a><\/li><li class='ez-toc-page-1 ez-toc-heading-level-4'><a class=\"ez-toc-link ez-toc-heading-31\" href=\"https:\/\/elabi.com.br\/br\/blog\/evasao-estudantil-no-brasil-guia-completo-2026\/#Intervencoes_Financeiras\" >Interven\u00e7\u00f5es Financeiras<\/a><\/li><li class='ez-toc-page-1 ez-toc-heading-level-4'><a class=\"ez-toc-link ez-toc-heading-32\" href=\"https:\/\/elabi.com.br\/br\/blog\/evasao-estudantil-no-brasil-guia-completo-2026\/#Intervencoes_Psicossociais\" >Interven\u00e7\u00f5es Psicossociais<\/a><\/li><li class='ez-toc-page-1 ez-toc-heading-level-4'><a class=\"ez-toc-link ez-toc-heading-33\" href=\"https:\/\/elabi.com.br\/br\/blog\/evasao-estudantil-no-brasil-guia-completo-2026\/#Intervencoes_Personalizadas\" >Interven\u00e7\u00f5es Personalizadas<\/a><\/li><\/ul><\/li><li class='ez-toc-page-1 ez-toc-heading-level-3'><a class=\"ez-toc-link ez-toc-heading-34\" href=\"https:\/\/elabi.com.br\/br\/blog\/evasao-estudantil-no-brasil-guia-completo-2026\/#Automacao_Inteligente_de_Intervencoes\" >Automa\u00e7\u00e3o Inteligente de Interven\u00e7\u00f5es<\/a><\/li><li class='ez-toc-page-1 ez-toc-heading-level-3'><a class=\"ez-toc-link ez-toc-heading-35\" href=\"https:\/\/elabi.com.br\/br\/blog\/evasao-estudantil-no-brasil-guia-completo-2026\/#Casos_de_Sucesso\" >Casos de Sucesso<\/a><\/li><\/ul><\/li><li class='ez-toc-page-1 ez-toc-heading-level-2'><a class=\"ez-toc-link ez-toc-heading-36\" href=\"https:\/\/elabi.com.br\/br\/blog\/evasao-estudantil-no-brasil-guia-completo-2026\/#Papel_da_Tecnologia_na_Retencao_Estudantil\" >Papel da Tecnologia na Reten\u00e7\u00e3o Estudantil<\/a><ul class='ez-toc-list-level-3' ><li class='ez-toc-heading-level-3'><a class=\"ez-toc-link ez-toc-heading-37\" href=\"https:\/\/elabi.com.br\/br\/blog\/evasao-estudantil-no-brasil-guia-completo-2026\/#Limitacoes_da_Abordagem_Manual\" >Limita\u00e7\u00f5es da Abordagem Manual<\/a><\/li><li class='ez-toc-page-1 ez-toc-heading-level-3'><a class=\"ez-toc-link ez-toc-heading-38\" href=\"https:\/\/elabi.com.br\/br\/blog\/evasao-estudantil-no-brasil-guia-completo-2026\/#Como_a_IA_Pode_Ajudar\" >Como a IA Pode Ajudar<\/a><\/li><li class='ez-toc-page-1 ez-toc-heading-level-3'><a class=\"ez-toc-link ez-toc-heading-39\" href=\"https:\/\/elabi.com.br\/br\/blog\/evasao-estudantil-no-brasil-guia-completo-2026\/#Integracoes_Necessarias\" >Integra\u00e7\u00f5es Necess\u00e1rias<\/a><\/li><li class='ez-toc-page-1 ez-toc-heading-level-3'><a class=\"ez-toc-link ez-toc-heading-40\" href=\"https:\/\/elabi.com.br\/br\/blog\/evasao-estudantil-no-brasil-guia-completo-2026\/#Apresentacao_do_eLabi\" >Apresenta\u00e7\u00e3o do eLabi<\/a><\/li><li class='ez-toc-page-1 ez-toc-heading-level-3'><a class=\"ez-toc-link ez-toc-heading-41\" href=\"https:\/\/elabi.com.br\/br\/blog\/evasao-estudantil-no-brasil-guia-completo-2026\/#Tom_Educativo\" >Tom Educativo<\/a><\/li><\/ul><\/li><li class='ez-toc-page-1 ez-toc-heading-level-2'><a class=\"ez-toc-link ez-toc-heading-42\" href=\"https:\/\/elabi.com.br\/br\/blog\/evasao-estudantil-no-brasil-guia-completo-2026\/#Politicas_Publicas_e_Regulamentacao\" >Pol\u00edticas P\u00fablicas e Regulamenta\u00e7\u00e3o<\/a><\/li><li class='ez-toc-page-1 ez-toc-heading-level-2'><a class=\"ez-toc-link ez-toc-heading-43\" href=\"https:\/\/elabi.com.br\/br\/blog\/evasao-estudantil-no-brasil-guia-completo-2026\/#Perguntas_Frequentes\" >Perguntas Frequentes<\/a><\/li><li class='ez-toc-page-1 ez-toc-heading-level-2'><a class=\"ez-toc-link ez-toc-heading-44\" href=\"https:\/\/elabi.com.br\/br\/blog\/evasao-estudantil-no-brasil-guia-completo-2026\/#Conclusao\" >Conclus\u00e3o<\/a><\/li><li class='ez-toc-page-1 ez-toc-heading-level-2'><a class=\"ez-toc-link ez-toc-heading-45\" href=\"https:\/\/elabi.com.br\/br\/blog\/evasao-estudantil-no-brasil-guia-completo-2026\/#Referencias_e_Fontes\" >Refer\u00eancias e Fontes<\/a><ul class='ez-toc-list-level-3' ><li class='ez-toc-heading-level-3'><a class=\"ez-toc-link ez-toc-heading-46\" href=\"https:\/\/elabi.com.br\/br\/blog\/evasao-estudantil-no-brasil-guia-completo-2026\/#Dados_Oficiais\" >Dados Oficiais<\/a><\/li><li class='ez-toc-page-1 ez-toc-heading-level-3'><a class=\"ez-toc-link ez-toc-heading-47\" href=\"https:\/\/elabi.com.br\/br\/blog\/evasao-estudantil-no-brasil-guia-completo-2026\/#Estudos_e_Pesquisas\" >Estudos e Pesquisas<\/a><\/li><li class='ez-toc-page-1 ez-toc-heading-level-3'><a class=\"ez-toc-link ez-toc-heading-48\" href=\"https:\/\/elabi.com.br\/br\/blog\/evasao-estudantil-no-brasil-guia-completo-2026\/#Politicas_Publicas\" >Pol\u00edticas P\u00fablicas<\/a><\/li><\/ul><\/li><\/ul><\/nav><\/div>\n<h2 class=\"wp-block-heading\"><span class=\"ez-toc-section\" id=\"O_Que_e_Evasao_Estudantil\"><\/span>O Que \u00e9 Evas\u00e3o Estudantil<span class=\"ez-toc-section-end\"><\/span><\/h2>\n\n\n\n<p>Antes de mergulhar nos dados e solu\u00e7\u00f5es, \u00e9 fundamental estabelecer defini\u00e7\u00f5es precisas. A terminologia em torno da evas\u00e3o estudantil frequentemente gera confus\u00e3o entre gestores educacionais, dificultando tanto a mensura\u00e7\u00e3o adequada quanto a compara\u00e7\u00e3o de indicadores entre institui\u00e7\u00f5es.<\/p>\n\n\n\n<p><strong>Evas\u00e3o<\/strong> refere-se ao afastamento definitivo do aluno de seu curso ou institui\u00e7\u00e3o sem conclu\u00ed-lo. \u00c9 importante diferenci\u00e1-la do <strong>abandono<\/strong>, que tecnicamente indica a sa\u00edda durante o ano letivo em andamento, e do <strong>trancamento<\/strong>, que \u00e9 uma interrup\u00e7\u00e3o tempor\u00e1ria formalizada, com possibilidade de retorno. Na pr\u00e1tica brasileira, no entanto, os termos evas\u00e3o e abandono s\u00e3o frequentemente usados como sin\u00f4nimos, especialmente na educa\u00e7\u00e3o b\u00e1sica.<\/p>\n\n\n\n<p>O INEP (Instituto Nacional de Estudos e Pesquisas Educacionais An\u00edsio Teixeira) trabalha com tr\u00eas tipos principais de evas\u00e3o no ensino superior:<\/p>\n\n\n\n<p><strong>Evas\u00e3o de curso<\/strong> ocorre quando o estudante se desliga do curso de origem, mas continua estudando em outra gradua\u00e7\u00e3o na mesma institui\u00e7\u00e3o. Um aluno de Engenharia Civil que muda para Arquitetura na mesma faculdade, por exemplo, representa evas\u00e3o de curso, mas n\u00e3o de institui\u00e7\u00e3o.<\/p>\n\n\n\n<p><strong>Evas\u00e3o de institui\u00e7\u00e3o<\/strong> acontece quando o aluno deixa completamente a IES, podendo ou n\u00e3o continuar seus estudos em outra institui\u00e7\u00e3o. Este \u00e9 o tipo de evas\u00e3o que mais preocupa gestores de institui\u00e7\u00f5es privadas, pois representa perda direta de receita.<\/p>\n\n\n\n<p><strong>Evas\u00e3o do sistema educacional<\/strong> \u00e9 a mais grave: o estudante abandona definitivamente o ensino superior, sem se matricular em nenhuma outra IES. Representa perda de capital humano qualificado para o pa\u00eds.<\/p>\n\n\n\n<p>No ensino fundamental e m\u00e9dio, a nomenclatura utilizada pelo INEP \u00e9 <strong>taxa de abandono<\/strong>, que mede o percentual de alunos que deixam a escola durante o ano letivo sem conclu\u00ed-lo, diferenciando-se da <strong>taxa de n\u00e3o conclus\u00e3o<\/strong>, que inclui tamb\u00e9m os reprovados.<\/p>\n\n\n\n<p>O momento da evas\u00e3o \u00e9 t\u00e3o importante quanto o tipo. Estudos demonstram que existe um <strong>per\u00edodo cr\u00edtico<\/strong> nos primeiros meses de qualquer n\u00edvel educacional. No ensino superior, aproximadamente 40% das evas\u00f5es ocorrem no primeiro ano do curso, especialmente nos primeiros seis meses. Este fen\u00f4meno n\u00e3o \u00e9 exclusivo do Brasil, sendo observado mundialmente e relacionado ao choque de adapta\u00e7\u00e3o, quest\u00f5es vocacionais n\u00e3o resolvidas e dificuldades acad\u00eamicas iniciais.<\/p>\n\n\n\n<p>O impacto da evas\u00e3o tamb\u00e9m difere significativamente entre institui\u00e7\u00f5es p\u00fablicas e privadas. Nas IES privadas, a evas\u00e3o representa perda direta de receita, vagas ociosas dif\u00edceis de repor e custos de capta\u00e7\u00e3o desperdi\u00e7ados. O investimento em marketing para atrair um novo aluno pode ultrapassar R$ 2.000, tornando cada evas\u00e3o evit\u00e1vel extremamente valiosa. J\u00e1 nas IES p\u00fablicas, a preocupa\u00e7\u00e3o central \u00e9 o desperd\u00edcio de recursos p\u00fablicos e o n\u00e3o cumprimento da miss\u00e3o institucional de formar profissionais. Uma vaga ociosa em universidade p\u00fablica representa oportunidade negada a outro cidad\u00e3o que poderia estar estudando.<\/p>\n\n\n\n<p>Compreender essas nuances conceituais \u00e9 o primeiro passo para mensurar adequadamente o problema, comunicar-se com clareza sobre indicadores e implementar estrat\u00e9gias direcionadas para cada tipo espec\u00edfico de evas\u00e3o.<\/p>\n\n\n\n<h2 class=\"wp-block-heading\"><span class=\"ez-toc-section\" id=\"Panorama_da_Evasao_no_Brasil\"><\/span>Panorama da Evas\u00e3o no Brasil<span class=\"ez-toc-section-end\"><\/span><\/h2>\n\n\n\n<h3 class=\"wp-block-heading\"><span class=\"ez-toc-section\" id=\"Ensino_Fundamental_e_Medio\"><\/span>Ensino Fundamental e M\u00e9dio<span class=\"ez-toc-section-end\"><\/span><\/h3>\n\n\n\n<p>A educa\u00e7\u00e3o b\u00e1sica brasileira apresenta desafios distintos em cada etapa. No ensino fundamental, as taxas de abandono s\u00e3o relativamente baixas nos anos iniciais (1\u00ba ao 5\u00ba ano), situando-se em torno de 0,5% a 0,8% segundo dados mais recentes do Censo Escolar. A situa\u00e7\u00e3o muda drasticamente nos anos finais (6\u00ba ao 9\u00ba ano), onde as taxas sobem para 1,5% a 2,5%.<\/p>\n\n\n\n<p>O ensino m\u00e9dio concentra o problema mais grave da educa\u00e7\u00e3o b\u00e1sica. A taxa de abandono em 2023 foi de 6,5%, representando cerca de 470 mil jovens que deixaram a escola sem concluir o ano letivo. Embora represente melhora em rela\u00e7\u00e3o aos 7,1% de 2022, o n\u00famero ainda \u00e9 alarmante quando comparado a pa\u00edses desenvolvidos, onde taxas acima de 2% j\u00e1 s\u00e3o consideradas cr\u00edticas.<\/p>\n\n\n\n<p>As <strong>desigualdades regionais<\/strong> s\u00e3o marcantes. Estados do Norte e Nordeste apresentam taxas de abandono no ensino m\u00e9dio que podem chegar a 9-11%, enquanto estados do Sul e Sudeste conseguem manter indicadores entre 4-6%. Par\u00e1, Amazonas e Alagoas historicamente figuram entre os estados com maiores taxas de abandono escolar.<\/p>\n\n\n\n<p>A pandemia de COVID-19 deixou cicatrizes profundas. Entre 2019 e 2021, estima-se que mais de 240 mil estudantes abandonaram a escola sem retornar. O impacto foi especialmente severo em fam\u00edlias de baixa renda, que enfrentaram dificuldades de acesso \u00e0 internet, necessidade de trabalhar e crise econ\u00f4mica familiar. Mesmo em 2024-2025, ainda observamos efeitos residuais, com estudantes que retornaram apresentando defasagem significativa de aprendizagem.<\/p>\n\n\n\n<h3 class=\"wp-block-heading\"><span class=\"ez-toc-section\" id=\"Ensino_Tecnico\"><\/span>Ensino T\u00e9cnico<span class=\"ez-toc-section-end\"><\/span><\/h3>\n\n\n\n<p>O ensino t\u00e9cnico brasileiro enfrenta taxas de evas\u00e3o especialmente preocupantes, variando entre 30% e 50% dependendo da modalidade. Dados da Rede Federal de Educa\u00e7\u00e3o Profissional, Cient\u00edfica e Tecnol\u00f3gica indicam que a evas\u00e3o m\u00e9dia nos Institutos Federais situa-se em torno de 38%.<\/p>\n\n\n\n<p>Existe diferen\u00e7a significativa entre modalidades. O <strong>ensino t\u00e9cnico integrado<\/strong> ao ensino m\u00e9dio, onde o aluno cursa forma\u00e7\u00e3o geral e t\u00e9cnica simultaneamente, apresenta taxas de evas\u00e3o ligeiramente menores (32-38%) comparado ao <strong>t\u00e9cnico subsequente<\/strong>, voltado para quem j\u00e1 concluiu o ensino m\u00e9dio (40-50%). Esta diferen\u00e7a relaciona-se ao perfil do aluno: no subsequente, h\u00e1 maior propor\u00e7\u00e3o de trabalhadores que enfrentam dificuldade de conciliar estudo e trabalho.<\/p>\n\n\n\n<p>Entre os cursos t\u00e9cnicos, <strong>Inform\u00e1tica, Administra\u00e7\u00e3o e Eletrot\u00e9cnica<\/strong> frequentemente aparecem entre aqueles com maiores taxas de evas\u00e3o, enquanto <strong>Enfermagem, Seguran\u00e7a do Trabalho e An\u00e1lises Cl\u00ednicas<\/strong> tendem a apresentar taxas menores, possivelmente pela clareza da aplica\u00e7\u00e3o profissional e empregabilidade imediata.<\/p>\n\n\n\n<h3 class=\"wp-block-heading\"><span class=\"ez-toc-section\" id=\"Ensino_Superior\"><\/span>Ensino Superior<span class=\"ez-toc-section-end\"><\/span><\/h3>\n\n\n\n<p>O ensino superior concentra os dados mais robustos sobre evas\u00e3o no Brasil, gra\u00e7as ao Censo da Educa\u00e7\u00e3o Superior realizado anualmente pelo INEP.<\/p>\n\n\n\n<p>A <strong>taxa geral de evas\u00e3o<\/strong> no ensino superior brasileiro em 2023 foi de aproximadamente 31%, mantendo-se em patamar similar aos \u00faltimos anos. Isso significa que, em m\u00e9dia, cerca de 1 em cada 3 alunos que ingressam no ensino superior n\u00e3o concluem seus cursos.<\/p>\n\n\n\n<p>A diferen\u00e7a entre <strong>IES p\u00fablicas e privadas<\/strong> \u00e9 reveladora. As institui\u00e7\u00f5es p\u00fablicas apresentam taxa m\u00e9dia de evas\u00e3o de 25-28%, enquanto nas privadas este n\u00famero salta para 32-38%. Esta diferen\u00e7a relaciona-se primordialmente a quest\u00f5es financeiras: enquanto estudantes de IES p\u00fablicas n\u00e3o pagam mensalidades, alunos de institui\u00e7\u00f5es privadas enfrentam dificuldades de manter pagamentos ao longo dos 4-5 anos de curso, especialmente em cen\u00e1rios de crise econ\u00f4mica ou desemprego familiar.<\/p>\n\n\n\n<p>A modalidade <strong>presencial versus EAD<\/strong> tamb\u00e9m apresenta diferen\u00e7as marcantes. Cursos presenciais t\u00eam evas\u00e3o m\u00e9dia de 27-30%, enquanto cursos 100% a dist\u00e2ncia chegam a 38-42%. O EAD, apesar de oferecer flexibilidade, exige maior autodisciplina e estudantes frequentemente subestimam a dedica\u00e7\u00e3o necess\u00e1ria. A sensa\u00e7\u00e3o de isolamento e a dificuldade de criar v\u00ednculos com institui\u00e7\u00e3o e colegas tamb\u00e9m contribuem para o abandono.<\/p>\n\n\n\n<p>Quanto \u00e0s <strong>\u00e1reas de conhecimento<\/strong>, Ci\u00eancias Exatas e Tecnologia lideram as taxas de evas\u00e3o (40-45%), seguidas por Humanidades (35-40%) e Ci\u00eancias da Sa\u00fade (20-25%). Engenharias, Ci\u00eancia da Computa\u00e7\u00e3o e Matem\u00e1tica\/F\u00edsica s\u00e3o cursos historicamente desafiadores, com alta reprova\u00e7\u00e3o inicial que desencadeia ciclo de desmotiva\u00e7\u00e3o. J\u00e1 Medicina, Odontologia e Enfermagem apresentam taxas muito inferiores, em parte pela alta competitividade inicial (filtro de entrada) e clareza da profiss\u00e3o.<\/p>\n\n\n\n<p>O <strong>primeiro ano \u00e9 cr\u00edtico<\/strong>. Aproximadamente 40% de todas as evas\u00f5es ocorrem nos primeiros 12 meses de curso, com pico nos primeiros 6 meses. Este per\u00edodo concentra choques de adapta\u00e7\u00e3o (transi\u00e7\u00e3o ensino m\u00e9dio-superior), quest\u00f5es vocacionais (&#8220;n\u00e3o era o que eu esperava&#8221;), dificuldades acad\u00eamicas com conte\u00fados iniciais desafiadores e problemas financeiros que rapidamente se transformam em inadimpl\u00eancia.<\/p>\n\n\n\n<figure class=\"wp-block-table\"><table class=\"has-fixed-layout\"><thead><tr><th>N\u00edvel\/Modalidade<\/th><th>Taxa de Evas\u00e3o<\/th><th>Observa\u00e7\u00f5es<\/th><\/tr><\/thead><tbody><tr><td>Ensino Fundamental (anos iniciais)<\/td><td>0,5-0,8%<\/td><td>Taxa de abandono anual<\/td><\/tr><tr><td>Ensino Fundamental (anos finais)<\/td><td>1,5-2,5%<\/td><td>Aumenta significativamente<\/td><\/tr><tr><td>Ensino M\u00e9dio<\/td><td>6,5%<\/td><td>Principal gargalo da educa\u00e7\u00e3o b\u00e1sica<\/td><\/tr><tr><td>Ensino T\u00e9cnico Integrado<\/td><td>32-38%<\/td><td>Menor entre as modalidades t\u00e9cnicas<\/td><\/tr><tr><td>Ensino T\u00e9cnico Subsequente<\/td><td>40-50%<\/td><td>Conflito estudo-trabalho<\/td><\/tr><tr><td>Superior P\u00fablico<\/td><td>25-28%<\/td><td>Menor impacto financeiro<\/td><\/tr><tr><td>Superior Privado<\/td><td>32-38%<\/td><td>Quest\u00f5es financeiras centrais<\/td><\/tr><tr><td>Superior Presencial<\/td><td>27-30%<\/td><td>Maior engajamento<\/td><\/tr><tr><td>Superior EAD<\/td><td>38-42%<\/td><td>Desafios de autodisciplina<\/td><\/tr><\/tbody><\/table><\/figure>\n\n\n\n<p>Estes dados, compilados do Censo da Educa\u00e7\u00e3o Superior 2023, Censo Escolar 2023 e relat\u00f3rios SEMESP 2024-2025, revelam um sistema educacional que ainda perde quantidade significativa de estudantes em todos os n\u00edveis, com impactos profundos para indiv\u00edduos e sociedade.<\/p>\n\n\n\n<h2 class=\"wp-block-heading\"><span class=\"ez-toc-section\" id=\"Causas_da_Evasao_Estudantil\"><\/span>Causas da Evas\u00e3o Estudantil<span class=\"ez-toc-section-end\"><\/span><\/h2>\n\n\n\n<p>A evas\u00e3o estudantil raramente tem uma \u00fanica causa. Na maioria dos casos, m\u00faltiplos fatores se acumulam e interagem, criando contexto no qual o estudante sente que abandonar \u00e9 a \u00fanica op\u00e7\u00e3o vi\u00e1vel. Compreender esta natureza multifatorial \u00e9 essencial para desenvolver estrat\u00e9gias eficazes de preven\u00e7\u00e3o.<\/p>\n\n\n\n<h3 class=\"wp-block-heading\"><span class=\"ez-toc-section\" id=\"Causas_Financeiras\"><\/span>Causas Financeiras<span class=\"ez-toc-section-end\"><\/span><\/h3>\n\n\n\n<p>Nas institui\u00e7\u00f5es privadas de ensino superior, <strong>quest\u00f5es financeiras representam 40-50% dos motivos declarados<\/strong> para evas\u00e3o, segundo pesquisa da Hoper Educa\u00e7\u00e3o. A dificuldade de manter os pagamentos mensais ao longo de 4-5 anos \u00e9 desafio significativo para fam\u00edlias brasileiras, especialmente considerando que a renda familiar m\u00e9dia de estudantes de IES privadas situa-se entre 3 e 8 sal\u00e1rios m\u00ednimos.<\/p>\n\n\n\n<p>A <strong>inadimpl\u00eancia \u00e9 preditor poderoso<\/strong> de evas\u00e3o. Estudos demonstram que alunos com 3 ou mais mensalidades em atraso t\u00eam probabilidade 65-75% maior de evadir comparado a adimplentes. O que geralmente come\u00e7a como dificuldade tempor\u00e1ria rapidamente se transforma em d\u00edvida insustent\u00e1vel, criando constrangimento que afasta o aluno da institui\u00e7\u00e3o mesmo antes de eventual desligamento formal.<\/p>\n\n\n\n<p>A <strong>necessidade de trabalhar<\/strong> para complementar renda familiar afeta especialmente alunos de IES p\u00fablicas e ensino m\u00e9dio. Jovens de 15-17 anos que trabalham t\u00eam taxa de abandono escolar 4 vezes maior que seus pares que se dedicam exclusivamente aos estudos. No ensino superior noturno, a concilia\u00e7\u00e3o entre trabalho e estudo \u00e9 expectativa, mas longas jornadas de trabalho (8h+) tornam praticamente invi\u00e1vel acompanhar adequadamente as aulas e realizar atividades acad\u00eamicas.<\/p>\n\n\n\n<p>Al\u00e9m das mensalidades, <strong>custos indiretos<\/strong> como transporte, alimenta\u00e7\u00e3o, materiais did\u00e1ticos e moradia (para alunos de outras cidades) representam barreira significativa. Em grandes centros urbanos, apenas o transporte pode consumir R$ 300-500 mensais, valor proibitivo para muitas fam\u00edlias.<\/p>\n\n\n\n<h3 class=\"wp-block-heading\"><span class=\"ez-toc-section\" id=\"Causas_Academicas\"><\/span>Causas Acad\u00eamicas<span class=\"ez-toc-section-end\"><\/span><\/h3>\n\n\n\n<p><strong>Dificuldades de aprendizagem<\/strong> e defasagem na forma\u00e7\u00e3o b\u00e1sica s\u00e3o causas estruturais importantes. O Brasil enfrenta crise de aprendizagem: dados do SAEB (Sistema de Avalia\u00e7\u00e3o da Educa\u00e7\u00e3o B\u00e1sica) mostram que apenas 4% dos alunos concluintes do ensino m\u00e9dio t\u00eam n\u00edvel adequado em Matem\u00e1tica. Quando estes estudantes chegam ao ensino superior, especialmente em cursos de Exatas, encontram disciplinas como C\u00e1lculo e F\u00edsica para as quais n\u00e3o t\u00eam base adequada.<\/p>\n\n\n\n<p><strong>Reprova\u00e7\u00f5es sucessivas<\/strong> criam ciclo vicioso devastador. Reprovar em disciplina causa desmotiva\u00e7\u00e3o, que frequentemente leva \u00e0 reprova\u00e7\u00e3o em outras mat\u00e9rias no semestre seguinte, aumentando exponencialmente o risco de evas\u00e3o. Dados mostram que alunos com 2 ou mais reprova\u00e7\u00f5es no primeiro ano t\u00eam probabilidade 80% maior de evadir.<\/p>\n\n\n\n<p>A <strong>desmotiva\u00e7\u00e3o com o curso escolhido<\/strong> \u00e9 especialmente prevalente no primeiro ano. Muitos estudantes escolhem cursos sem informa\u00e7\u00e3o adequada sobre conte\u00fado, metodologia e perspectivas profissionais. A descoberta de que &#8220;n\u00e3o \u00e9 o que eu imaginava&#8221; frequentemente leva ao abandono, especialmente quando combinada com dificuldades acad\u00eamicas iniciais.<\/p>\n\n\n\n<p><strong>Metodologias inadequadas<\/strong> tamb\u00e9m contribuem. Aulas exclusivamente expositivas, professores despreparados pedagogicamente e falta de conex\u00e3o entre conte\u00fados te\u00f3ricos e aplica\u00e7\u00f5es pr\u00e1ticas reduzem engajamento e motiva\u00e7\u00e3o, especialmente em gera\u00e7\u00f5es acostumadas a aprendizagem mais din\u00e2mica e interativa.<\/p>\n\n\n\n<h3 class=\"wp-block-heading\"><span class=\"ez-toc-section\" id=\"Causas_Institucionais\"><\/span>Causas Institucionais<span class=\"ez-toc-section-end\"><\/span><\/h3>\n\n\n\n<p>A <strong>experi\u00eancia do estudante<\/strong> (student experience) nas primeiras semanas \u00e9 cr\u00edtica. Institui\u00e7\u00f5es que n\u00e3o oferecem programa estruturado de acolhimento, orienta\u00e7\u00e3o e integra\u00e7\u00e3o deixam calouros perdidos e desorientados. A falta de clareza sobre funcionamento da institui\u00e7\u00e3o, dificuldade de fazer amizades e aus\u00eancia de senso de pertencimento s\u00e3o preditores fortes de evas\u00e3o prematura.<\/p>\n\n\n\n<p><strong>Infraestrutura inadequada<\/strong> afeta percep\u00e7\u00e3o de qualidade. Bibliotecas defasadas, laborat\u00f3rios mal equipados, salas de aula desconfort\u00e1veis e falta de espa\u00e7os de conviv\u00eancia comunicam ao aluno que o investimento n\u00e3o vale a pena.<\/p>\n\n\n\n<p>A <strong>dist\u00e2ncia entre resid\u00eancia e institui\u00e7\u00e3o<\/strong> \u00e9 fator pr\u00e1tico importante, especialmente quando combinada com transporte p\u00fablico ineficiente. Deslocamentos superiores a 1h30 por trajeto tornam-se desgastantes, reduzindo tempo para estudos e aumentando custos.<\/p>\n\n\n\n<p>A <strong>qualidade percebida do ensino<\/strong> \u00e9 determinante. Professores desmotivados, que n\u00e3o dominam conte\u00fado ou carecem de habilidades pedag\u00f3gicas, destroem a credibilidade da institui\u00e7\u00e3o. Pesquisas indicam que a rela\u00e7\u00e3o professor-aluno \u00e9 um dos fatores mais mencionados por estudantes que decidem permanecer ou sair.<\/p>\n\n\n\n<h3 class=\"wp-block-heading\"><span class=\"ez-toc-section\" id=\"Causas_Pessoais_e_Sociais\"><\/span>Causas Pessoais e Sociais<span class=\"ez-toc-section-end\"><\/span><\/h3>\n\n\n\n<p><strong>Gravidez n\u00e3o planejada<\/strong> afeta especialmente jovens mulheres no ensino m\u00e9dio e nos primeiros anos do superior. A necessidade de cuidar do beb\u00ea, custos adicionais e falta de apoio institucional (como creches) tornam invi\u00e1vel continuar estudando para muitas m\u00e3es jovens.<\/p>\n\n\n\n<p><strong>Problemas de sa\u00fade mental<\/strong> t\u00eam se tornado causa crescente de evas\u00e3o. Ansiedade, depress\u00e3o e outros transtornos psicol\u00f3gicos afetam desempenho acad\u00eamico, motiva\u00e7\u00e3o e capacidade de lidar com press\u00f5es. A pandemia agravou significativamente esta quest\u00e3o, com aumento de 30-40% em relatos de sofrimento ps\u00edquico entre estudantes.<\/p>\n\n\n\n<p><strong>Quest\u00f5es familiares<\/strong> como separa\u00e7\u00e3o dos pais, doen\u00e7a de familiar, necessidade de cuidar de parentes ou conflitos dom\u00e9sticos criam ambiente inst\u00e1vel que dificulta concentra\u00e7\u00e3o e dedica\u00e7\u00e3o aos estudos.<\/p>\n\n\n\n<p>A <strong>falta de apoio familiar<\/strong> tamb\u00e9m \u00e9 relevante. Estudantes cujas fam\u00edlias valorizam educa\u00e7\u00e3o e os apoiam emocional e praticamente t\u00eam taxas significativamente menores de evas\u00e3o. Quando pais questionam valor do curso, pressionam por trabalho imediato ou n\u00e3o compreendem as exig\u00eancias acad\u00eamicas, o estudante fica vulner\u00e1vel.<\/p>\n\n\n\n<p><strong>Dificuldades de adapta\u00e7\u00e3o<\/strong> s\u00e3o especialmente intensas para calouros, estudantes de primeira gera\u00e7\u00e3o universit\u00e1ria (primeiros da fam\u00edlia a cursar superior) e alunos de outras cidades. O choque cultural, a transi\u00e7\u00e3o para maior autonomia e a saudade de casa criam per\u00edodo de vulnerabilidade nos primeiros meses.<\/p>\n\n\n\n<h3 class=\"wp-block-heading\"><span class=\"ez-toc-section\" id=\"Causas_Vocacionais\"><\/span>Causas Vocacionais<span class=\"ez-toc-section-end\"><\/span><\/h3>\n\n\n\n<p>A <strong>escolha errada do curso<\/strong> \u00e9 respons\u00e1vel por parcela significativa das evas\u00f5es no primeiro ano. O Brasil tem cultura de escolha vocacional precoce, aos 16-17 anos, frequentemente baseada em informa\u00e7\u00f5es limitadas. Muitos estudantes escolhem cursos por press\u00e3o familiar, prest\u00edgio social ou idealiza\u00e7\u00e3o da profiss\u00e3o, descobrindo apenas depois que n\u00e3o se identificam com conte\u00fado ou perspectivas.<\/p>\n\n\n\n<p>A <strong>falta de informa\u00e7\u00e3o sobre a profiss\u00e3o<\/strong> contribui para expectativas irrealistas. Estudantes de Direito surpresos pela quantidade de leitura, de Engenharia pela intensidade matem\u00e1tica, ou de Medicina pela rotina hospitalar frequentemente abandonam ao descobrir a realidade do curso.<\/p>\n\n\n\n<p>O <strong>mercado de trabalho da \u00e1rea<\/strong> tamb\u00e9m influencia. Cursos com baixa empregabilidade ou remunera\u00e7\u00e3o muito abaixo das expectativas levam estudantes a questionar o investimento de tempo e recursos. A percep\u00e7\u00e3o de que &#8220;n\u00e3o h\u00e1 futuro nesta \u00e1rea&#8221; corr\u00f3i motiva\u00e7\u00e3o gradualmente.<\/p>\n\n\n\n<h3 class=\"wp-block-heading\"><span class=\"ez-toc-section\" id=\"Causas_Externas\"><\/span>Causas Externas<span class=\"ez-toc-section-end\"><\/span><\/h3>\n\n\n\n<p><strong>Crises econ\u00f4micas<\/strong> afetam diretamente capacidade de pagamento das fam\u00edlias e disponibilidade de empregos. Durante recess\u00f5es, taxas de evas\u00e3o aumentam significativamente, especialmente em institui\u00e7\u00f5es privadas.<\/p>\n\n\n\n<p>Os <strong>efeitos persistentes da pandemia<\/strong> ainda s\u00e3o observados em 2024-2025. Al\u00e9m da crise econ\u00f4mica que afetou milh\u00f5es de fam\u00edlias, houve impacto na sa\u00fade mental, defasagem de aprendizagem e mudan\u00e7a de prioridades. Estudantes que conclu\u00edram ensino m\u00e9dio durante a pandemia chegaram ao superior com lacunas significativas de conhecimento.<\/p>\n\n\n\n<p>O <strong>mercado de trabalho aquecido<\/strong> paradoxalmente pode aumentar evas\u00e3o. Quando h\u00e1 muitas oportunidades de emprego, especialmente em \u00e1reas que n\u00e3o exigem diploma, jovens podem optar por trabalhar imediatamente ao inv\u00e9s de investir anos em forma\u00e7\u00e3o. Setores como tecnologia, que contratam profissionais sem gradua\u00e7\u00e3o completa, competem diretamente com institui\u00e7\u00f5es de ensino.<\/p>\n\n\n\n<p><strong>\u00c9 crucial compreender que causas se acumulam<\/strong>. Um aluno pode estar lidando simultaneamente com dificuldades financeiras, baixo desempenho acad\u00eamico e problemas familiares. Quando m\u00faltiplos fatores se combinam, o risco de evas\u00e3o aumenta exponencialmente. Por isso, estrat\u00e9gias de reten\u00e7\u00e3o precisam ser multifacetadas e personalizadas.<\/p>\n\n\n\n<h2 class=\"wp-block-heading\"><span class=\"ez-toc-section\" id=\"Consequencias_da_Evasao\"><\/span>Consequ\u00eancias da Evas\u00e3o<span class=\"ez-toc-section-end\"><\/span><\/h2>\n\n\n\n<h3 class=\"wp-block-heading\"><span class=\"ez-toc-section\" id=\"Para_as_Instituicoes_de_Ensino\"><\/span>Para as Institui\u00e7\u00f5es de Ensino<span class=\"ez-toc-section-end\"><\/span><\/h3>\n\n\n\n<p>O <strong>impacto financeiro<\/strong> da evas\u00e3o \u00e9 devastador para institui\u00e7\u00f5es privadas. Considerando mensalidade m\u00e9dia de R$ 800 e curso de 4 anos, cada aluno que evade no segundo ano representa perda de receita de aproximadamente R$ 38.400. Em institui\u00e7\u00e3o com 5.000 alunos e taxa de evas\u00e3o de 30%, isso significa perda anual de cerca de R$ 57,6 milh\u00f5es em receita potencial.<\/p>\n\n\n\n<p>As <strong>vagas ociosas<\/strong> geradas pela evas\u00e3o s\u00e3o especialmente problem\u00e1ticas. Diferentemente de outros neg\u00f3cios onde estoque n\u00e3o vendido pode ser reaproveitado, uma vaga ociosa em sala de aula representa capacidade perdida permanentemente. Reposi\u00e7\u00e3o dessas vagas \u00e9 desafiadora: processos seletivos complementares tendem a atrair alunos de menor qualifica\u00e7\u00e3o e maior risco de evas\u00e3o, perpetuando o problema.<\/p>\n\n\n\n<p>Os <strong>custos de capta\u00e7\u00e3o desperdi\u00e7ados<\/strong> agravam a situa\u00e7\u00e3o. O CAC (Custo de Aquisi\u00e7\u00e3o de Cliente) no setor educacional pode variar de R$ 1.500 a R$ 3.000 por aluno, incluindo marketing, publicidade, equipes comerciais e vestibulares. Quando um aluno evade no primeiro ano, todo este investimento \u00e9 perdido sem retorno.<\/p>\n\n\n\n<p>A <strong>reputa\u00e7\u00e3o institucional<\/strong> tamb\u00e9m \u00e9 afetada. Institui\u00e7\u00f5es com altas taxas de evas\u00e3o desenvolvem percep\u00e7\u00e3o negativa no mercado. Candidatos e suas fam\u00edlias questionam a qualidade do ensino, empregadores duvidam da forma\u00e7\u00e3o oferecida e o MEC pode intensificar fiscaliza\u00e7\u00e3o. Em plataformas de avalia\u00e7\u00e3o como Reclame Aqui e redes sociais, relatos de insatisfa\u00e7\u00e3o de ex-alunos afetam decis\u00f5es de novos candidatos.<\/p>\n\n\n\n<p><strong>C\u00e1lculo do custo m\u00e9dio de um aluno evadido:<\/strong><\/p>\n\n\n\n<ul class=\"wp-block-list\">\n<li>Receita perdida: R$ 800\/m\u00eas \u00d7 24 meses restantes = R$ 19.200<\/li>\n\n\n\n<li>CAC desperdi\u00e7ado: R$ 2.000<\/li>\n\n\n\n<li>Custo de reposi\u00e7\u00e3o (se houver): R$ 1.500<\/li>\n\n\n\n<li><strong>Total: R$ 22.700<\/strong> (considerando evas\u00e3o no segundo ano)<\/li>\n<\/ul>\n\n\n\n<p>Para IES p\u00fablicas, embora n\u00e3o haja perda de receita direta, existe <strong>desperd\u00edcio de recursos p\u00fablicos<\/strong>. O custo anual por aluno em universidade federal pode superar R$ 40.000. Cada evas\u00e3o representa investimento p\u00fablico que n\u00e3o gerou o retorno social esperado: um profissional qualificado.<\/p>\n\n\n\n<h3 class=\"wp-block-heading\"><span class=\"ez-toc-section\" id=\"Para_os_Estudantes\"><\/span>Para os Estudantes<span class=\"ez-toc-section-end\"><\/span><\/h3>\n\n\n\n<p>A <strong>perda de tempo e investimento<\/strong> \u00e9 irrevers\u00edvel. Um aluno que estuda 2 anos antes de evadir investiu aproximadamente 2.400 horas de sua vida, al\u00e9m de recursos financeiros que podem chegar a R$ 20-50 mil em IES privadas. Este tempo poderia ter sido investido em outra forma\u00e7\u00e3o mais adequada ao seu perfil.<\/p>\n\n\n\n<p>O impacto na <strong>autoestima e sa\u00fade mental<\/strong> \u00e9 significativo. Evadir \u00e9 frequentemente vivenciado como fracasso pessoal, gerando sentimentos de inadequa\u00e7\u00e3o, vergonha e frustra\u00e7\u00e3o. Muitos ex-alunos desenvolvem resist\u00eancia a tentar novamente, perdendo oportunidades de forma\u00e7\u00e3o futuras.<\/p>\n\n\n\n<p>As <strong>consequ\u00eancias na renda futura<\/strong> s\u00e3o mensur\u00e1veis e dram\u00e1ticas. Dados do IBGE mostram que trabalhadores com ensino superior completo ganham, em m\u00e9dia, 2,5 a 3 vezes mais que aqueles com apenas ensino m\u00e9dio. Ao longo de 40 anos de vida profissional, a diferen\u00e7a pode ultrapassar R$ 2 milh\u00f5es. Mesmo considerando que o estudante evadido possa eventualmente concluir outra forma\u00e7\u00e3o, cada ano perdido representa atraso na progress\u00e3o de carreira.<\/p>\n\n\n\n<p>As <strong>d\u00edvidas educacionais sem retorno<\/strong> afetam especialmente quem financiou estudos via FIES ou cr\u00e9dito privado. Alunos que evadem continuam tendo que pagar d\u00edvida contra\u00edda, mas sem o diploma que permitiria sal\u00e1rios maiores para honrar compromisso.<\/p>\n\n\n\n<h3 class=\"wp-block-heading\"><span class=\"ez-toc-section\" id=\"Para_a_Sociedade\"><\/span>Para a Sociedade<span class=\"ez-toc-section-end\"><\/span><\/h3>\n\n\n\n<p>A <strong>perda de capital humano qualificado<\/strong> compromete desenvolvimento econ\u00f4mico. O Brasil j\u00e1 enfrenta d\u00e9ficit de profissionais qualificados em \u00e1reas cr\u00edticas como Engenharia, Tecnologia, Sa\u00fade e Educa\u00e7\u00e3o. Cada estudante que evade reduz disponibilidade de profissionais necess\u00e1rios para crescimento do pa\u00eds.<\/p>\n\n\n\n<p>O <strong>impacto no desenvolvimento econ\u00f4mico<\/strong> \u00e9 substancial. Pa\u00edses com maior escolaridade m\u00e9dia apresentam PIB per capita significativamente superior. Na\u00e7\u00f5es desenvolvidas t\u00eam 40-50% da popula\u00e7\u00e3o com ensino superior, enquanto o Brasil mal atinge 20%.<\/p>\n\n\n\n<p>A evas\u00e3o contribui para <strong>perpetua\u00e7\u00e3o de desigualdades<\/strong>. Estudantes de fam\u00edlias mais pobres t\u00eam taxas de evas\u00e3o significativamente maiores, criando ciclo onde falta de educa\u00e7\u00e3o mant\u00e9m fam\u00edlias em situa\u00e7\u00e3o de vulnerabilidade por gera\u00e7\u00f5es. A educa\u00e7\u00e3o \u00e9 o principal mecanismo de mobilidade social, e a evas\u00e3o bloqueia este caminho.<\/p>\n\n\n\n<p>Os <strong>custos p\u00fablicos desperdi\u00e7ados<\/strong> em IES p\u00fablicas representam recursos que poderiam beneficiar outros cidad\u00e3os. Cada vaga ociosa gerada por evas\u00e3o \u00e9 oportunidade negada a outro estudante que poderia estar se formando e contribuindo para a sociedade.<\/p>\n\n\n\n<h2 class=\"wp-block-heading\"><span class=\"ez-toc-section\" id=\"Como_Identificar_Alunos_em_Risco_de_Evasao\"><\/span>Como Identificar Alunos em Risco de Evas\u00e3o<span class=\"ez-toc-section-end\"><\/span><\/h2>\n\n\n\n<p>A preven\u00e7\u00e3o eficaz da evas\u00e3o come\u00e7a com <strong>identifica\u00e7\u00e3o precoce<\/strong> de alunos em situa\u00e7\u00e3o de risco. Quanto mais cedo a institui\u00e7\u00e3o detecta sinais de alerta, maiores as chances de intervir com sucesso. A janela ideal \u00e9 de 30 a 60 dias de anteced\u00eancia do abandono efetivo.<\/p>\n\n\n\n<h3 class=\"wp-block-heading\"><span class=\"ez-toc-section\" id=\"Indicadores_Comportamentais\"><\/span>Indicadores Comportamentais<span class=\"ez-toc-section-end\"><\/span><\/h3>\n\n\n\n<p><strong>Faltas crescentes<\/strong> s\u00e3o o sinal mais vis\u00edvel e consistente. Um aluno que come\u00e7a a faltar 1-2 vezes por semana, especialmente se anteriormente tinha frequ\u00eancia regular, est\u00e1 sinalizando desengajamento. Padr\u00e3o de faltas \u00e0s segundas-feiras ou sextas-feiras pode indicar dificuldade de conciliar estudo e trabalho.<\/p>\n\n\n\n<p>A <strong>diminui\u00e7\u00e3o de engajamento em aulas<\/strong> se manifesta de formas sutis: aluno que deixa de fazer perguntas, n\u00e3o participa mais de discuss\u00f5es, senta-se no fundo da sala, usa celular constantemente ou demonstra desaten\u00e7\u00e3o. Professores atentos frequentemente notam mudan\u00e7a de postura antes que indicadores quantitativos apare\u00e7am.<\/p>\n\n\n\n<p><strong>N\u00e3o participa\u00e7\u00e3o em atividades extracurriculares<\/strong> \u00e9 sinal relevante. Estudantes que abandonam grupos de estudo, deixam de participar de eventos institucionais ou se afastam de projetos de extens\u00e3o est\u00e3o reduzindo v\u00ednculos com a institui\u00e7\u00e3o, facilitando eventual decis\u00e3o de sair.<\/p>\n\n\n\n<p>O <strong>isolamento social<\/strong> precede frequentemente a evas\u00e3o. Aluno que para de interagir com colegas, n\u00e3o participa de trabalhos em grupo quando poss\u00edvel e evita espa\u00e7os de conviv\u00eancia est\u00e1 perdendo uma das principais \u00e2ncoras que mant\u00eam estudantes na institui\u00e7\u00e3o: os relacionamentos.<\/p>\n\n\n\n<p><strong>Queda no desempenho acad\u00eamico<\/strong>, especialmente quando abrupta, indica que algo mudou na vida do estudante. Aluno com m\u00e9dia 8,0 que repentinamente obt\u00e9m 4,0-5,0 pode estar enfrentando problemas pessoais, financeiros ou de sa\u00fade que exigem aten\u00e7\u00e3o.<\/p>\n\n\n\n<h3 class=\"wp-block-heading\"><span class=\"ez-toc-section\" id=\"Indicadores_Academicos\"><\/span>Indicadores Acad\u00eamicos<span class=\"ez-toc-section-end\"><\/span><\/h3>\n\n\n\n<p><strong>Notas em decl\u00ednio progressivo<\/strong> demonstram dificuldade crescente de acompanhar conte\u00fados. Se n\u00e3o h\u00e1 interven\u00e7\u00e3o, a tend\u00eancia \u00e9 de agravamento at\u00e9 ponto onde recupera\u00e7\u00e3o parece imposs\u00edvel para o estudante.<\/p>\n\n\n\n<p><strong>Reprova\u00e7\u00f5es<\/strong>, especialmente m\u00faltiplas no mesmo semestre ou em disciplinas b\u00e1sicas do primeiro ano, s\u00e3o preditores extremamente fortes de evas\u00e3o. Dados mostram que alunos com 2+ reprova\u00e7\u00f5es no primeiro ano t\u00eam taxa de evas\u00e3o superior a 60%.<\/p>\n\n\n\n<p><strong>N\u00e3o entrega de trabalhos<\/strong> indica desist\u00eancia pr\u00e1tica antes da desist\u00eancia formal. Quando estudante para de entregar atividades avaliativas, especialmente aquelas com peso significativo na nota, demonstra que j\u00e1 mentalmente abandonou o curso.<\/p>\n\n\n\n<p><strong>Baixa frequ\u00eancia em avalia\u00e7\u00f5es<\/strong> &#8211; especialmente faltar a provas &#8211; \u00e9 indicador cr\u00edtico. Diferente de faltas em aulas regulares, aus\u00eancia em momentos avaliativos sugere que o aluno n\u00e3o se preparou ou n\u00e3o v\u00ea mais sentido em tentar.<\/p>\n\n\n\n<p><strong>Desempenho abaixo da m\u00e9dia da turma<\/strong> consistente pode indicar tanto defasagem de forma\u00e7\u00e3o b\u00e1sica quanto falta de identifica\u00e7\u00e3o com o curso. Comparar desempenho individual com m\u00e9dia da turma ajuda identificar alunos que est\u00e3o genuinamente com dificuldade versus momentos de baixo desempenho coletivo.<\/p>\n\n\n\n<h3 class=\"wp-block-heading\"><span class=\"ez-toc-section\" id=\"Indicadores_Financeiros\"><\/span>Indicadores Financeiros<span class=\"ez-toc-section-end\"><\/span><\/h3>\n\n\n\n<p><strong>Inadimpl\u00eancia<\/strong> \u00e9 o preditor mais forte em IES privadas. Estudos da eLabi demonstram que alunos com 60+ dias de atraso t\u00eam probabilidade 5 vezes maior de evadir nos pr\u00f3ximos 90 dias comparado a alunos adimplentes.<\/p>\n\n\n\n<p><strong>Atrasos recorrentes<\/strong>, mesmo quando o aluno eventualmente quita, indicam instabilidade financeira familiar que pode deteriorar. O padr\u00e3o de &#8220;sempre paga, mas sempre atrasado&#8221; precede frequentemente inadimpl\u00eancia mais severa.<\/p>\n\n\n\n<p><strong>Solicita\u00e7\u00f5es de renegocia\u00e7\u00e3o<\/strong> s\u00e3o oportunidades valiosas de interven\u00e7\u00e3o, mas tamb\u00e9m sinais de alerta. Quando estudante ou fam\u00edlia procura institui\u00e7\u00e3o para renegociar, est\u00e1 explicitamente comunicando dificuldade de manter pagamentos no modelo atual.<\/p>\n\n\n\n<p><strong>Pedidos de bolsa ou desconto<\/strong> indicam que o valor pago est\u00e1 se tornando insustent\u00e1vel. Institui\u00e7\u00f5es que n\u00e3o t\u00eam programas flex\u00edveis de apoio financeiro frequentemente perdem estes alunos para concorrentes ou para evas\u00e3o.<\/p>\n\n\n\n<h3 class=\"wp-block-heading\"><span class=\"ez-toc-section\" id=\"Indicadores_de_Engajamento_Digital_EAD\"><\/span>Indicadores de Engajamento Digital (EAD)<span class=\"ez-toc-section-end\"><\/span><\/h3>\n\n\n\n<p>Para cursos online ou h\u00edbridos, indicadores digitais s\u00e3o especialmente valiosos:<\/p>\n\n\n\n<p><strong>Tempo na plataforma<\/strong> decrescente demonstra desengajamento. Aluno que acessava 10 horas semanais e passou para 2-3 horas est\u00e1 claramente reduzindo dedica\u00e7\u00e3o.<\/p>\n\n\n\n<p><strong>Acesso a materiais<\/strong> menos frequente, especialmente quando aluno deixa de baixar apostilas ou assistir videoaulas obrigat\u00f3rias, precede quase sempre problemas de desempenho.<\/p>\n\n\n\n<p><strong>Participa\u00e7\u00e3o em f\u00f3runs<\/strong> e atividades ass\u00edncronas \u00e9 indicador de engajamento com conte\u00fado e com comunidade de aprendizagem. Sil\u00eancio prolongado em ambientes que exigem participa\u00e7\u00e3o sinaliza risco.<\/p>\n\n\n\n<p><strong>Realiza\u00e7\u00e3o de atividades online<\/strong> com padr\u00e3o de procrastina\u00e7\u00e3o crescente (entregas sempre no \u00faltimo minuto, quando antes eram antecipadas) indica dificuldade de organiza\u00e7\u00e3o ou perda de prioridade do curso.<\/p>\n\n\n\n<h3 class=\"wp-block-heading\"><span class=\"ez-toc-section\" id=\"Modelo_Preditivo\"><\/span>Modelo Preditivo<span class=\"ez-toc-section-end\"><\/span><\/h3>\n\n\n\n<p>A <strong>an\u00e1lise preditiva de evas\u00e3o<\/strong> utiliza intelig\u00eancia artificial para combinar m\u00faltiplos indicadores simultaneamente, identificando padr\u00f5es complexos que seriam imposs\u00edveis de detectar manualmente.<\/p>\n\n\n\n<p>O conceito central \u00e9 trabalhar com <strong>janela de 30-60 dias de anteced\u00eancia<\/strong>. Diferente de identificar alunos que j\u00e1 est\u00e3o evadindo (o que \u00e9 trivial), sistemas preditivos identificam alunos que ainda est\u00e3o formalmente ativos mas apresentam alta probabilidade de evadir no futuro pr\u00f3ximo. Esta anteced\u00eancia \u00e9 crucial porque oferece tempo para interven\u00e7\u00f5es eficazes.<\/p>\n\n\n\n<p>A <strong>combina\u00e7\u00e3o de m\u00faltiplos indicadores<\/strong> \u00e9 mais poderosa que an\u00e1lise isolada. Um aluno com nota baixa isoladamente n\u00e3o necessariamente evadir\u00e1. Mas quando nota baixa aparece combinada com aumento de faltas, inadimpl\u00eancia recente e redu\u00e7\u00e3o de participa\u00e7\u00e3o em aulas, a probabilidade de evas\u00e3o aumenta exponencialmente.<\/p>\n\n\n\n<p><strong>Como funciona a tecnologia de IA nesse contexto:<\/strong> Algoritmos de machine learning s\u00e3o treinados com dados hist\u00f3ricos de milhares de alunos (aqueles que evadiram e aqueles que permaneceram), identificando padr\u00f5es e pesos relativos de cada indicador. O modelo aprende, por exemplo, que falta em disciplina X tem peso maior que falta em disciplina Y para predi\u00e7\u00e3o de evas\u00e3o, ou que inadimpl\u00eancia acima de 60 dias tem impacto desproporcional.<\/p>\n\n\n\n<p>Plataformas como a eLabi integram-se nativamente a sistemas acad\u00eamicos (especialmente Moodle) e financeiros, coletando dados automaticamente e gerando alertas quando alunos cruzam limiares de risco. Coordenadores recebem dashboards priorizados, focando aten\u00e7\u00e3o nos casos mais cr\u00edticos.<\/p>\n\n\n\n<h3 class=\"wp-block-heading\"><span class=\"ez-toc-section\" id=\"Checklist_de_Sinais_de_Alerta\"><\/span>Checklist de Sinais de Alerta<span class=\"ez-toc-section-end\"><\/span><\/h3>\n\n\n\n<p><strong>Sinais Cr\u00edticos (interven\u00e7\u00e3o imediata):<\/strong><\/p>\n\n\n\n<ul class=\"wp-block-list\">\n<li>[ ] 3+ mensalidades em atraso<\/li>\n\n\n\n<li>[ ] 2+ reprova\u00e7\u00f5es no semestre atual<\/li>\n\n\n\n<li>[ ] Frequ\u00eancia abaixo de 50% no \u00faltimo m\u00eas<\/li>\n\n\n\n<li>[ ] N\u00e3o comparecimento a provas<\/li>\n<\/ul>\n\n\n\n<p><strong>Sinais de Aten\u00e7\u00e3o (monitoramento intensivo):<\/strong><\/p>\n\n\n\n<ul class=\"wp-block-list\">\n<li>[ ] Notas em queda por 2+ bimestres consecutivos<\/li>\n\n\n\n<li>[ ] Aumento de faltas (varia\u00e7\u00e3o &gt;50% vs. per\u00edodo anterior)<\/li>\n\n\n\n<li>[ ] Inadimpl\u00eancia entre 30-60 dias<\/li>\n\n\n\n<li>[ ] Solicita\u00e7\u00e3o de trancamento ou transfer\u00eancia<\/li>\n<\/ul>\n\n\n\n<p><strong>Sinais de Risco Moderado (acompanhamento):<\/strong><\/p>\n\n\n\n<ul class=\"wp-block-list\">\n<li>[ ] Desempenho consistentemente abaixo da m\u00e9dia da turma<\/li>\n\n\n\n<li>[ ] Baixa participa\u00e7\u00e3o em atividades n\u00e3o obrigat\u00f3rias<\/li>\n\n\n\n<li>[ ] Reclama\u00e7\u00f5es sobre curso ou institui\u00e7\u00e3o<\/li>\n\n\n\n<li>[ ] Isolamento social percebido<\/li>\n<\/ul>\n\n\n\n<figure class=\"wp-block-table\"><table class=\"has-fixed-layout\"><thead><tr><th>Fase do Risco<\/th><th>Caracter\u00edsticas<\/th><th>Probabilidade de Evas\u00e3o<\/th><th>A\u00e7\u00f5es Recomendadas<\/th><\/tr><\/thead><tbody><tr><td><strong>Preven\u00e7\u00e3o<\/strong><\/td><td>Aluno est\u00e1vel, sem sinais<\/td><td>&lt;5%<\/td><td>A\u00e7\u00f5es institucionais gerais<\/td><\/tr><tr><td><strong>Aten\u00e7\u00e3o<\/strong><\/td><td>1-2 sinais isolados<\/td><td>15-25%<\/td><td>Monitoramento ativo<\/td><\/tr><tr><td><strong>Risco Moderado<\/strong><\/td><td>3-4 sinais ou padr\u00e3o persistente<\/td><td>40-60%<\/td><td>Interven\u00e7\u00e3o personalizada<\/td><\/tr><tr><td><strong>Risco Alto<\/strong><\/td><td>5+ sinais ou cr\u00edticos<\/td><td>70-85%<\/td><td>Interven\u00e7\u00e3o urgente multidisciplinar<\/td><\/tr><\/tbody><\/table><\/figure>\n\n\n\n<p><strong>Quanto antes identificar, maior a chance de reverter.<\/strong> Dados da eLabi mostram que interven\u00e7\u00f5es realizadas quando aluno ainda est\u00e1 em fase de &#8220;risco moderado&#8221; t\u00eam taxa de sucesso de 60-70%, enquanto interven\u00e7\u00f5es em fase de &#8220;risco alto&#8221; t\u00eam taxa de apenas 25-35%. O tempo \u00e9 fator cr\u00edtico.<\/p>\n\n\n\n<h2 class=\"wp-block-heading\"><span class=\"ez-toc-section\" id=\"Estrategias_Eficazes_de_Combate_a_Evasao\"><\/span>Estrat\u00e9gias Eficazes de Combate \u00e0 Evas\u00e3o<span class=\"ez-toc-section-end\"><\/span><\/h2>\n\n\n\n<h3 class=\"wp-block-heading\"><span class=\"ez-toc-section\" id=\"Estrategias_Preventivas\"><\/span>Estrat\u00e9gias Preventivas<span class=\"ez-toc-section-end\"><\/span><\/h3>\n\n\n\n<h4 class=\"wp-block-heading\"><span class=\"ez-toc-section\" id=\"Fase_Pre-Matricula\"><\/span>Fase Pr\u00e9-Matr\u00edcula<span class=\"ez-toc-section-end\"><\/span><\/h4>\n\n\n\n<p>A preven\u00e7\u00e3o da evas\u00e3o come\u00e7a antes mesmo do aluno ingressar. <strong>Orienta\u00e7\u00e3o vocacional adequada<\/strong> reduz significativamente arrependimento da escolha do curso, uma das principais causas de evas\u00e3o no primeiro ano. Institui\u00e7\u00f5es podem oferecer testes vocacionais, sess\u00f5es de orienta\u00e7\u00e3o com psic\u00f3logos e conversas com profissionais atuantes nas \u00e1reas de interesse.<\/p>\n\n\n\n<p><strong>Informa\u00e7\u00f5es claras sobre o curso<\/strong> devem incluir grade curricular detalhada, metodologia de ensino, carga hor\u00e1ria real de dedica\u00e7\u00e3o esperada, perfil de egressos e perspectivas profissionais realistas. V\u00eddeos com depoimentos de alunos atuais e ex-alunos humanizam informa\u00e7\u00e3o e reduzem expectativas irrealistas.<\/p>\n\n\n\n<p>O <strong>processo seletivo alinhado com perfil<\/strong> pode incluir al\u00e9m de prova de conhecimentos, avalia\u00e7\u00e3o de maturidade vocacional e condi\u00e7\u00f5es de perman\u00eancia. Alguns cursos especialmente desafiadores beneficiam-se de filtros mais rigorosos que, embora reduzam capta\u00e7\u00e3o inicial, diminuem drasticamente evas\u00e3o posterior.<\/p>\n\n\n\n<h4 class=\"wp-block-heading\"><span class=\"ez-toc-section\" id=\"Primeiras_Semanas_Onboarding\"><\/span>Primeiras Semanas (Onboarding)<span class=\"ez-toc-section-end\"><\/span><\/h4>\n\n\n\n<p>As <strong>primeiras 4-8 semanas<\/strong> s\u00e3o o per\u00edodo mais cr\u00edtico. Um <strong>programa de acolhimento estruturado<\/strong> deve incluir:<\/p>\n\n\n\n<ul class=\"wp-block-list\">\n<li><strong>Semana de integra\u00e7\u00e3o<\/strong> com atividades sociais, apresenta\u00e7\u00e3o de todos os servi\u00e7os institucionais, tour completo pela infraestrutura e din\u00e2micas de quebra-gelo entre calouros<\/li>\n\n\n\n<li><strong>Mentoria de veteranos<\/strong> onde alunos do 3\u00ba-4\u00ba ano acompanham grupos de 5-8 calouros, oferecendo suporte pr\u00e1tico, dicas de sobreviv\u00eancia e criando conex\u00e3o social imediata<\/li>\n\n\n\n<li><strong>Nivelamento acad\u00eamico<\/strong> especialmente em Matem\u00e1tica, Portugu\u00eas e metodologia de estudo, identificando e corrigindo lacunas antes que se tornem reprova\u00e7\u00f5es<\/li>\n\n\n\n<li><strong>Apresenta\u00e7\u00e3o de expectativas claras<\/strong> sobre dedica\u00e7\u00e3o necess\u00e1ria, padr\u00f5es acad\u00eamicos e recursos de apoio dispon\u00edveis<\/li>\n<\/ul>\n\n\n\n<p>Dados mostram que institui\u00e7\u00f5es com programas robustos de onboarding reduzem evas\u00e3o no primeiro ano em 25-40%. O investimento em 4-8 semanas iniciais tem retorno extraordin\u00e1rio.<\/p>\n\n\n\n<h3 class=\"wp-block-heading\"><span class=\"ez-toc-section\" id=\"Estrategias_de_Monitoramento\"><\/span>Estrat\u00e9gias de Monitoramento<span class=\"ez-toc-section-end\"><\/span><\/h3>\n\n\n\n<p><strong>Sistema de acompanhamento cont\u00ednuo<\/strong> n\u00e3o pode depender exclusivamente de observa\u00e7\u00e3o casual de professores. Institui\u00e7\u00f5es m\u00e9dias e grandes necessitam de sistemas estruturados que coletam, agregam e analisam dados automaticamente.<\/p>\n\n\n\n<p><strong>Reuni\u00f5es peri\u00f3dicas de an\u00e1lise<\/strong> devem ocorrer pelo menos mensalmente, reunindo coordena\u00e7\u00e3o, setor financeiro e psicopedag\u00f3gico para revisar alunos sinalizados como risco. Estas reuni\u00f5es devem resultar em planos de a\u00e7\u00e3o concretos, n\u00e3o apenas em discuss\u00e3o do problema.<\/p>\n\n\n\n<p><strong>Identifica\u00e7\u00e3o precoce de riscos<\/strong> exige que indicadores sejam monitorados em tempo real ou com periodicidade semanal no m\u00e1ximo. Esperar fim do bimestre para detectar problema \u00e9 tarde demais &#8211; neste ponto, aluno pode j\u00e1 ter tomado decis\u00e3o de evadir.<\/p>\n\n\n\n<p><strong>Cria\u00e7\u00e3o de comit\u00ea de reten\u00e7\u00e3o<\/strong> multidisciplinar, incluindo representantes de coordena\u00e7\u00e3o pedag\u00f3gica, financeiro, secretaria acad\u00eamica e apoio estudantil, garante vis\u00e3o hol\u00edstica do problema e respostas coordenadas.<\/p>\n\n\n\n<h3 class=\"wp-block-heading\"><span class=\"ez-toc-section\" id=\"Estrategias_de_Intervencao\"><\/span>Estrat\u00e9gias de Interven\u00e7\u00e3o<span class=\"ez-toc-section-end\"><\/span><\/h3>\n\n\n\n<h4 class=\"wp-block-heading\"><span class=\"ez-toc-section\" id=\"Intervencoes_Academicas\"><\/span>Interven\u00e7\u00f5es Acad\u00eamicas<span class=\"ez-toc-section-end\"><\/span><\/h4>\n\n\n\n<p><strong>Monitoria e tutoria<\/strong> oferecidas proativamente (n\u00e3o apenas sob demanda) para alunos com dificuldade em disciplinas cr\u00edticas demonstram apoio institucional. Programas de monitoria onde monitores recebem bolsa ou cr\u00e9dito acad\u00eamico s\u00e3o sustent\u00e1veis e eficazes.<\/p>\n\n\n\n<p><strong>Aulas de refor\u00e7o<\/strong> em t\u00f3picos onde reprova\u00e7\u00e3o \u00e9 historicamente alta (C\u00e1lculo, F\u00edsica, Qu\u00edmica Org\u00e2nica) podem ser incorporadas \u00e0 grade ou oferecidas como atividade complementar. O formato intensivo em per\u00edodos de recesso tamb\u00e9m funciona bem.<\/p>\n\n\n\n<p><strong>Metodologias ativas<\/strong> como aprendizagem baseada em problemas, sala de aula invertida e projetos pr\u00e1ticos aumentam engajamento e reten\u00e7\u00e3o de conte\u00fado, reduzindo sensa\u00e7\u00e3o de irrelev\u00e2ncia que frequentemente leva \u00e0 desmotiva\u00e7\u00e3o.<\/p>\n\n\n\n<p><strong>Flexibiliza\u00e7\u00e3o de hor\u00e1rios<\/strong> para alunos que trabalham &#8211; oferecendo disciplinas em m\u00faltiplos hor\u00e1rios, permitindo regime de estudo personalizado ou adotando modelos h\u00edbridos &#8211; pode ser diferen\u00e7a entre perman\u00eancia e evas\u00e3o.<\/p>\n\n\n\n<p><strong>Apoio psicopedag\u00f3gico<\/strong> deve estar dispon\u00edvel e acess\u00edvel. Muitos alunos com dificuldade acad\u00eamica n\u00e3o t\u00eam problema de capacidade, mas sim de m\u00e9todo de estudo, organiza\u00e7\u00e3o de tempo ou ansiedade de desempenho. Psicopedagogos podem transformar trajet\u00f3ria acad\u00eamica com interven\u00e7\u00f5es relativamente simples.<\/p>\n\n\n\n<h4 class=\"wp-block-heading\"><span class=\"ez-toc-section\" id=\"Intervencoes_Financeiras\"><\/span>Interven\u00e7\u00f5es Financeiras<span class=\"ez-toc-section-end\"><\/span><\/h4>\n\n\n\n<p><strong>Programas de bolsa e desconto<\/strong> estrat\u00e9gicos s\u00e3o investimento, n\u00e3o custo. Perder 30% da mensalidade \u00e9 infinitamente melhor que perder 100% com evas\u00e3o. Institui\u00e7\u00f5es podem criar escalas progressivas de desconto baseadas em desempenho acad\u00eamico, incentivando melhora.<\/p>\n\n\n\n<p><strong>Renegocia\u00e7\u00e3o proativa<\/strong> de d\u00edvidas antes que se tornem impag\u00e1veis mant\u00e9m aluno na institui\u00e7\u00e3o. Oferecer parcelamento alongado, descontos para quita\u00e7\u00e3o ou mesmo perd\u00e3o parcial de juros demonstra flexibilidade que aluno valoriza.<\/p>\n\n\n\n<p><strong>Parcerias para empregabilidade<\/strong> conectam alunos a oportunidades de est\u00e1gio e emprego, reduzindo press\u00e3o financeira. Programas de job placement interno, onde a institui\u00e7\u00e3o media contato com empresas parceiras, beneficiam aluno e fortalecem reputa\u00e7\u00e3o institucional.<\/p>\n\n\n\n<p><strong>Cr\u00e9dito estudantil<\/strong> al\u00e9m do FIES, algumas institui\u00e7\u00f5es desenvolvem programas pr\u00f3prios de financiamento com condi\u00e7\u00f5es adaptadas \u00e0 realidade local. O risco de inadimpl\u00eancia existe, mas pode ser menor que perda por evas\u00e3o.<\/p>\n\n\n\n<h4 class=\"wp-block-heading\"><span class=\"ez-toc-section\" id=\"Intervencoes_Psicossociais\"><\/span>Interven\u00e7\u00f5es Psicossociais<span class=\"ez-toc-section-end\"><\/span><\/h4>\n\n\n\n<p><strong>Apoio psicol\u00f3gico<\/strong> \u00e9 cada vez mais essencial. Disponibilizar psic\u00f3logos para atendimento gratuito ou subsidiado, criar grupos de apoio para ansiedade e desenvolver programas de sa\u00fade mental preventiva responde a necessidade crescente de suporte emocional.<\/p>\n\n\n\n<p><strong>Orienta\u00e7\u00e3o de carreira<\/strong> ajuda alunos indecisos a reconectar-se com prop\u00f3sito do curso. Mostrar trajet\u00f3rias profissionais diversas, conectar com ex-alunos de sucesso e oferecer experi\u00eancias pr\u00e1ticas atrav\u00e9s de est\u00e1gios e visitas t\u00e9cnicas revigora motiva\u00e7\u00e3o.<\/p>\n\n\n\n<p><strong>Programas de perman\u00eancia<\/strong> especificamente voltados para grupos vulner\u00e1veis &#8211; cotistas, primeira gera\u00e7\u00e3o universit\u00e1ria, estudantes de baixa renda &#8211; oferecem suporte hol\u00edstico incluindo orienta\u00e7\u00e3o acad\u00eamica, apoio financeiro e acolhimento social.<\/p>\n\n\n\n<p><strong>Cria\u00e7\u00e3o de senso de pertencimento<\/strong> atrav\u00e9s de eventos sociais, competi\u00e7\u00f5es interclasses, grupos de interesse e projetos colaborativos constr\u00f3i identidade e conex\u00e3o emocional com institui\u00e7\u00e3o. Estudantes que se sentem parte de comunidade resistem muito mais a abandonar.<\/p>\n\n\n\n<h4 class=\"wp-block-heading\"><span class=\"ez-toc-section\" id=\"Intervencoes_Personalizadas\"><\/span>Interven\u00e7\u00f5es Personalizadas<span class=\"ez-toc-section-end\"><\/span><\/h4>\n\n\n\n<p><strong>Contato direto coordena\u00e7\u00e3o-aluno<\/strong> \u00e9 insubstitu\u00edvel. Liga\u00e7\u00e3o telef\u00f4nica ou reuni\u00e3o individual com coordenador quando aluno demonstra risco comunica que &#8220;voc\u00ea importa para n\u00f3s&#8221;. Este gesto frequentemente \u00e9 decisivo.<\/p>\n\n\n\n<p><strong>Planos individuais de perman\u00eancia<\/strong> constru\u00eddos colaborativamente com aluno consideram circunst\u00e2ncias espec\u00edficas. Um aluno com dificuldade financeira pode precisar de bolsa e flexibiliza\u00e7\u00e3o de pagamento. Outro com dificuldade acad\u00eamica pode precisar de tutoria e redu\u00e7\u00e3o tempor\u00e1ria de carga hor\u00e1ria.<\/p>\n\n\n\n<p><strong>Acompanhamento caso a caso<\/strong> para alunos de alto risco exige que um profissional (coordenador, psicopedagogo, tutor) mantenha contato regular, monitore evolu\u00e7\u00e3o e ajuste estrat\u00e9gias conforme necess\u00e1rio.<\/p>\n\n\n\n<p><strong>Envolvimento da fam\u00edlia<\/strong> quando aplic\u00e1vel e apropriado (especialmente para alunos mais jovens) pode mobilizar apoio adicional. Reuni\u00e3o com pais para discutir dificuldades e plano de perman\u00eancia frequentemente resulta em maior suporte familiar.<\/p>\n\n\n\n<h3 class=\"wp-block-heading\"><span class=\"ez-toc-section\" id=\"Automacao_Inteligente_de_Intervencoes\"><\/span>Automa\u00e7\u00e3o Inteligente de Interven\u00e7\u00f5es<span class=\"ez-toc-section-end\"><\/span><\/h3>\n\n\n\n<p>Enquanto interven\u00e7\u00f5es personalizadas s\u00e3o eficazes, o desafio \u00e9 escalabilidade. Institui\u00e7\u00f5es com 3.000, 5.000 ou 10.000 alunos n\u00e3o podem ter equipe suficientemente grande para monitorar e intervir manualmente em todos os casos.<\/p>\n\n\n\n<p><strong>Playbooks de interven\u00e7\u00e3o<\/strong> s\u00e3o sequ\u00eancias predefinidas de a\u00e7\u00f5es acionadas automaticamente quando aluno atinge determinados crit\u00e9rios de risco. Por exemplo:<\/p>\n\n\n\n<ul class=\"wp-block-list\">\n<li>Aluno com 2 faltas consecutivas \u2192 email autom\u00e1tico do professor perguntando se est\u00e1 tudo bem<\/li>\n\n\n\n<li>Aluno com 15 dias de inadimpl\u00eancia \u2192 SMS com link para renegocia\u00e7\u00e3o<\/li>\n\n\n\n<li>Aluno com nota &lt;4,0 em primeira prova \u2192 convite autom\u00e1tico para monitoria da disciplina<\/li>\n\n\n\n<li>Aluno com 3 sinais de risco combinados \u2192 alerta para coordena\u00e7\u00e3o para contato direto<\/li>\n<\/ul>\n\n\n\n<p><strong>Acionamentos autom\u00e1ticos baseados em gatilhos<\/strong> garantem que nenhum aluno em risco passe despercebido. O sistema monitora continuamente e age imediatamente quando limiar \u00e9 cruzado, sem depender de revis\u00e3o manual peri\u00f3dica.<\/p>\n\n\n\n<p><strong>Personaliza\u00e7\u00e3o em escala<\/strong> \u00e9 poss\u00edvel porque comunica\u00e7\u00f5es podem ser customizadas dinamicamente. Email menciona especificamente disciplina onde aluno est\u00e1 faltando, per\u00edodo exato de inadimpl\u00eancia ou pr\u00f3ximas datas de avalia\u00e7\u00e3o. Automa\u00e7\u00e3o n\u00e3o precisa ser gen\u00e9rica.<\/p>\n\n\n\n<p><strong>Mensurabilidade de resultados<\/strong> \u00e9 vantagem crucial. Sistemas automatizados registram cada interven\u00e7\u00e3o, resposta do aluno e resultado final, permitindo an\u00e1lise de efetividade. Institui\u00e7\u00e3o descobre, por exemplo, que emails t\u00eam taxa de resposta de 15% enquanto SMS t\u00eam 35%, refinando estrat\u00e9gia.<\/p>\n\n\n\n<p><strong>Como a tecnologia potencializa a equipe (n\u00e3o substitui):<\/strong> Automa\u00e7\u00e3o n\u00e3o elimina necessidade de intera\u00e7\u00e3o humana. Pelo contr\u00e1rio, libera tempo da equipe para focar em casos mais complexos que exigem aten\u00e7\u00e3o personalizada. Enquanto sistema lida com centenas de alertas menores automaticamente, coordenadores podem dedicar-se aos 20-30 casos cr\u00edticos que necessitam interven\u00e7\u00e3o presencial.<\/p>\n\n\n\n<h3 class=\"wp-block-heading\"><span class=\"ez-toc-section\" id=\"Casos_de_Sucesso\"><\/span>Casos de Sucesso<span class=\"ez-toc-section-end\"><\/span><\/h3>\n\n\n\n<p><strong>Caso 1: Instituto Federal do Paran\u00e1 &#8211; Campus Londrina<\/strong> Implementou programa estruturado de combate \u00e0 evas\u00e3o incluindo acolhimento inicial de 2 semanas, sistema de mentoria estudantil e monitoramento mensal de frequ\u00eancia e desempenho. Criaram &#8220;Comiss\u00e3o de Perman\u00eancia&#8221; multidisciplinar que se re\u00fane quinzenalmente. <strong>Resultado:<\/strong> Redu\u00e7\u00e3o de evas\u00e3o de 38% para 24% em cursos t\u00e9cnicos subsequentes em 3 anos.<\/p>\n\n\n\n<p><strong>Caso 2: Faculdade particular de Medicina no interior de S\u00e3o Paulo<\/strong> Enfrentava taxa de 8-10% de evas\u00e3o nos dois primeiros anos (alta para Medicina). Implementaram programa de apoio psicol\u00f3gico obrigat\u00f3rio no primeiro semestre, grupos de estudo facilitados por monitores e sistema de alertas quando aluno faltava 2+ aulas. Criaram tamb\u00e9m programa de integra\u00e7\u00e3o com comunidade m\u00e9dica local, conectando calouros com profissionais atuantes. <strong>Resultado:<\/strong> Evas\u00e3o nos 2 primeiros anos caiu para 2-3%, economia de mais de R$ 2 milh\u00f5es anuais em vagas n\u00e3o preenchidas.<\/p>\n\n\n\n<p><strong>Caso 3: Rede de faculdades EAD com atua\u00e7\u00e3o nacional<\/strong> Alta taxa de evas\u00e3o (42%) era principal desafio. Implementaram an\u00e1lise preditiva integrando dados de acesso \u00e0 plataforma, participa\u00e7\u00e3o em f\u00f3runs e desempenho em atividades. Criaram playbooks automatizados: aluno que n\u00e3o acessa plataforma por 7 dias recebe SMS e email; ap\u00f3s 14 dias, tutor entra em contato; ap\u00f3s 21 dias, coordenador liga. <strong>Resultado:<\/strong> Redu\u00e7\u00e3o de evas\u00e3o para 34% no primeiro ano, representando reten\u00e7\u00e3o de 1.200 alunos adicionais e R$ 14,4 milh\u00f5es em receita preservada.<\/p>\n\n\n\n<p><strong>Quadro Comparativo: Estrat\u00e9gias Tradicionais vs. Inteligentes<\/strong><\/p>\n\n\n\n<figure class=\"wp-block-table\"><table class=\"has-fixed-layout\"><thead><tr><th>Aspecto<\/th><th>Abordagem Tradicional<\/th><th>Abordagem Inteligente<\/th><\/tr><\/thead><tbody><tr><td><strong>Identifica\u00e7\u00e3o<\/strong><\/td><td>Reativa (aluno j\u00e1 est\u00e1 evadindo)<\/td><td>Preditiva (30-60 dias anteced\u00eancia)<\/td><\/tr><tr><td><strong>Monitoramento<\/strong><\/td><td>Manual, baseado em observa\u00e7\u00e3o<\/td><td>Automatizado, baseado em dados<\/td><\/tr><tr><td><strong>Interven\u00e7\u00e3o<\/strong><\/td><td>Gen\u00e9rica, mesma para todos<\/td><td>Personalizada por perfil de risco<\/td><\/tr><tr><td><strong>Escalabilidade<\/strong><\/td><td>Limitada (depende de equipe grande)<\/td><td>Alta (tecnologia + equipe focada)<\/td><\/tr><tr><td><strong>Mensura\u00e7\u00e3o<\/strong><\/td><td>Dif\u00edcil, subjetiva<\/td><td>Precisa, baseada em m\u00e9tricas<\/td><\/tr><tr><td><strong>Tempo de resposta<\/strong><\/td><td>Semanas<\/td><td>Dias ou horas<\/td><\/tr><tr><td><strong>Taxa de sucesso<\/strong><\/td><td>20-30%<\/td><td>50-70%<\/td><\/tr><\/tbody><\/table><\/figure>\n\n\n\n<h2 class=\"wp-block-heading\"><span class=\"ez-toc-section\" id=\"Papel_da_Tecnologia_na_Retencao_Estudantil\"><\/span>Papel da Tecnologia na Reten\u00e7\u00e3o Estudantil<span class=\"ez-toc-section-end\"><\/span><\/h2>\n\n\n\n<h3 class=\"wp-block-heading\"><span class=\"ez-toc-section\" id=\"Limitacoes_da_Abordagem_Manual\"><\/span>Limita\u00e7\u00f5es da Abordagem Manual<span class=\"ez-toc-section-end\"><\/span><\/h3>\n\n\n\n<p>Institui\u00e7\u00f5es que dependem exclusivamente de processos manuais para identificar e prevenir evas\u00e3o enfrentam limita\u00e7\u00f5es estruturais significativas.<\/p>\n\n\n\n<p><strong>Escalabilidade<\/strong> \u00e9 o problema mais \u00f3bvio. Coordenador pedag\u00f3gico respons\u00e1vel por 500-800 alunos n\u00e3o consegue fisicamente monitorar trajet\u00f3ria individual de cada um com frequ\u00eancia adequada. Revis\u00e3o manual de frequ\u00eancia, notas, situa\u00e7\u00e3o financeira e engajamento para centenas de alunos mensalmente consome tempo que n\u00e3o existe.<\/p>\n\n\n\n<p><strong>Tempo de rea\u00e7\u00e3o<\/strong> na abordagem manual \u00e9 inevitavelmente lento. Dados precisam ser extra\u00eddos de sistemas, compilados manualmente, analisados e ent\u00e3o discutidos em reuni\u00e3o antes que a\u00e7\u00e3o seja tomada. Este processo consome semanas, enquanto situa\u00e7\u00e3o do aluno deteriora. Quando interven\u00e7\u00e3o finalmente acontece, frequentemente \u00e9 tarde demais.<\/p>\n\n\n\n<p><strong>Subjetividade<\/strong> humana introduz vieses. Professor pode notar desengajamento de aluno que senta na frente, mas n\u00e3o perceber sinais similares em aluno quieto no fundo. Coordenador pode priorizar aluno com quem tem rela\u00e7\u00e3o pessoal sobre outro em igual situa\u00e7\u00e3o de risco. An\u00e1lise de dados elimina estes vieses, tratando todos os casos com mesmos crit\u00e9rios.<\/p>\n\n\n\n<p><strong>Sobrecarga das equipes<\/strong> \u00e9 real e insustent\u00e1vel. Quando coordenadores est\u00e3o sobrecarregados com gest\u00e3o de evas\u00e3o manual, outras fun\u00e7\u00f5es pedag\u00f3gicas importantes s\u00e3o negligenciadas. A rotina se torna reativa e estressante, levando a burnout e rotatividade de equipe.<\/p>\n\n\n\n<h3 class=\"wp-block-heading\"><span class=\"ez-toc-section\" id=\"Como_a_IA_Pode_Ajudar\"><\/span>Como a IA Pode Ajudar<span class=\"ez-toc-section-end\"><\/span><\/h3>\n\n\n\n<p><strong>An\u00e1lise de grandes volumes de dados<\/strong> \u00e9 imposs\u00edvel manualmente mas trivial para sistemas computacionais. IA processa simultaneamente dados de frequ\u00eancia, desempenho acad\u00eamico, situa\u00e7\u00e3o financeira, engajamento digital e hist\u00f3rico institucional de milhares de alunos, algo que levaria meses de trabalho humano.<\/p>\n\n\n\n<p><strong>Identifica\u00e7\u00e3o de padr\u00f5es invis\u00edveis ao olho humano<\/strong> \u00e9 talvez a contribui\u00e7\u00e3o mais valiosa. Machine learning descobre correla\u00e7\u00f5es n\u00e3o intuitivas, como &#8220;alunos que faltam especificamente \u00e0s ter\u00e7as-feiras em disciplina X t\u00eam 40% mais chance de evadir&#8221; ou &#8220;combina\u00e7\u00e3o de nota 5,5 com inadimpl\u00eancia de 20 dias aumenta risco em 300%&#8221;. Humanos n\u00e3o detectariam estes padr\u00f5es sem an\u00e1lise estat\u00edstica sofisticada.<\/p>\n\n\n\n<p><strong>Predi\u00e7\u00e3o com anteced\u00eancia<\/strong> de 30-60 dias permite interven\u00e7\u00e3o enquanto ainda h\u00e1 margem de a\u00e7\u00e3o. Sistema n\u00e3o apenas identifica alunos com problema j\u00e1 instalado, mas projeta quem provavelmente desenvolver\u00e1 problema no futuro pr\u00f3ximo baseado em trajet\u00f3ria atual.<\/p>\n\n\n\n<p><strong>Prioriza\u00e7\u00e3o de casos cr\u00edticos<\/strong> atrav\u00e9s de score de risco organiza trabalho da equipe. Coordenador v\u00ea dashboard onde alunos aparecem ordenados por probabilidade de evas\u00e3o, focando aten\u00e7\u00e3o nos 20-30 casos mais urgentes enquanto casos de risco menor s\u00e3o monitorados automaticamente.<\/p>\n\n\n\n<p><strong>Automa\u00e7\u00e3o de acompanhamentos<\/strong> rotineiros libera tempo humano para intera\u00e7\u00f5es complexas. Sistema envia automaticamente lembretes de prazos, convites para monitoria, solicita\u00e7\u00f5es de feedback e acompanhamentos p\u00f3s-interven\u00e7\u00e3o. Equipe pedag\u00f3gica interv\u00e9m apenas quando necess\u00e1rio contato humano qualificado.<\/p>\n\n\n\n<h3 class=\"wp-block-heading\"><span class=\"ez-toc-section\" id=\"Integracoes_Necessarias\"><\/span>Integra\u00e7\u00f5es Necess\u00e1rias<span class=\"ez-toc-section-end\"><\/span><\/h3>\n\n\n\n<p>Para funcionar adequadamente, plataforma de an\u00e1lise preditiva precisa integrar-se a m\u00faltiplos sistemas institucionais.<\/p>\n\n\n\n<p><strong>Sistemas acad\u00eamicos<\/strong> (SIA &#8211; Sistema de Informa\u00e7\u00e3o Acad\u00eamica) fornecem dados de matr\u00edcula, frequ\u00eancia, notas, hist\u00f3rico escolar e situa\u00e7\u00e3o acad\u00eamica. Integra\u00e7\u00e3o em tempo real garante que an\u00e1lises s\u00e3o sempre baseadas em informa\u00e7\u00e3o atualizada.<\/p>\n\n\n\n<p><strong>LMS &#8211; Learning Management Systems<\/strong> (Moodle, Canvas, Blackboard) em cursos online ou h\u00edbridos geram dados riqu\u00edssimos: tempo conectado, materiais acessados, participa\u00e7\u00e3o em f\u00f3runs, realiza\u00e7\u00e3o de atividades. Estes dados comportamentais s\u00e3o preditores extremamente eficazes de engajamento.<\/p>\n\n\n\n<p><strong>Sistemas financeiros<\/strong> prov\u00eam informa\u00e7\u00e3o sobre situa\u00e7\u00e3o de pagamento, inadimpl\u00eancia, renegocia\u00e7\u00f5es e hist\u00f3rico financeiro. Como inadimpl\u00eancia \u00e9 um dos preditores mais fortes de evas\u00e3o em IES privadas, esta integra\u00e7\u00e3o \u00e9 cr\u00edtica.<\/p>\n\n\n\n<p><strong>Plataformas de comunica\u00e7\u00e3o<\/strong> (email, SMS, WhatsApp) permitem que sistema n\u00e3o apenas analise mas tamb\u00e9m aja, enviando comunica\u00e7\u00f5es personalizadas automaticamente quando gatilhos s\u00e3o acionados.<\/p>\n\n\n\n<p><strong>Integra\u00e7\u00e3o via API<\/strong> \u00e9 prefer\u00edvel a importa\u00e7\u00e3o manual de dados, garantindo fluxo cont\u00ednuo de informa\u00e7\u00e3o bidirecional entre sistemas. Maturidade tecnol\u00f3gica da institui\u00e7\u00e3o determina complexidade poss\u00edvel de integra\u00e7\u00e3o.<\/p>\n\n\n\n<h3 class=\"wp-block-heading\"><span class=\"ez-toc-section\" id=\"Apresentacao_do_eLabi\"><\/span>Apresenta\u00e7\u00e3o do eLabi<span class=\"ez-toc-section-end\"><\/span><\/h3>\n\n\n\n<p>O <strong>eLabi<\/strong> \u00e9 plataforma brasileira especializada em predi\u00e7\u00e3o e preven\u00e7\u00e3o de evas\u00e3o estudantil atrav\u00e9s de intelig\u00eancia artificial, desenvolvida especificamente para realidade de institui\u00e7\u00f5es educacionais brasileiras p\u00fablicas e privadas.<\/p>\n\n\n\n<p><strong>Como funciona a plataforma:<\/strong><\/p>\n\n\n\n<ol class=\"wp-block-list\">\n<li><strong>Coleta autom\u00e1tica de dados<\/strong> atrav\u00e9s de integra\u00e7\u00f5es com sistemas institucionais (SIA, LMS, financeiro)<\/li>\n\n\n\n<li><strong>An\u00e1lise preditiva<\/strong> processando m\u00faltiplas vari\u00e1veis simultaneamente usando algoritmos de machine learning treinados com dados de milhares de estudantes brasileiros<\/li>\n\n\n\n<li><strong>Gera\u00e7\u00e3o de alertas priorizados<\/strong> identificando alunos em risco 30-60 dias antes da evas\u00e3o efetiva, com score de risco e recomenda\u00e7\u00f5es de a\u00e7\u00e3o<\/li>\n\n\n\n<li><strong>Acionamento autom\u00e1tico de playbooks<\/strong> de interven\u00e7\u00e3o personalizados baseados no perfil de risco (acad\u00eamico, financeiro, comportamental)<\/li>\n\n\n\n<li><strong>Acompanhamento de resultados<\/strong> mensurando efetividade de cada interven\u00e7\u00e3o e refinando continuamente o modelo<\/li>\n<\/ol>\n\n\n\n<p><strong>Integra\u00e7\u00e3o nativa com Moodle<\/strong> \u00e9 diferencial importante. Como Moodle \u00e9 o LMS mais usado em institui\u00e7\u00f5es brasileiras (especialmente p\u00fablicas), a integra\u00e7\u00e3o nativa permite implementa\u00e7\u00e3o r\u00e1pida e coleta autom\u00e1tica de dados comportamentais ricos sem configura\u00e7\u00e3o t\u00e9cnica complexa. A plataforma tamb\u00e9m integra-se com Canvas, Blackboard e sistemas acad\u00eamicos propriet\u00e1rios.<\/p>\n\n\n\n<p><strong>Predi\u00e7\u00e3o 30-60 dias<\/strong> com anteced\u00eancia oferece janela ideal para interven\u00e7\u00e3o efetiva. \u00c9 tempo suficiente para implementar a\u00e7\u00f5es e ver resultados, mas n\u00e3o t\u00e3o antecipado que predi\u00e7\u00f5es percam precis\u00e3o. Taxa de assertividade do modelo supera 82% (comparada a 45-50% de m\u00e9todos tradicionais baseados apenas em inadimpl\u00eancia).<\/p>\n\n\n\n<p><strong>Playbooks automatizados<\/strong> adaptados ao perfil de risco tornam interven\u00e7\u00e3o escal\u00e1vel. Aluno com risco predominantemente financeiro recebe comunica\u00e7\u00f5es sobre programas de bolsa e renegocia\u00e7\u00e3o. Aluno com risco acad\u00eamico recebe convites para monitoria e apoio psicopedag\u00f3gico. Aluno com m\u00faltiplos fatores recebe aten\u00e7\u00e3o priorit\u00e1ria da coordena\u00e7\u00e3o para interven\u00e7\u00e3o presencial.<\/p>\n\n\n\n<p><strong>Casos de uso diferenciados para p\u00fablico e privado:<\/strong><\/p>\n\n\n\n<p><em>Institui\u00e7\u00f5es p\u00fablicas<\/em> focam em maximizar taxas de conclus\u00e3o, cumprir metas institucionais e otimizar uso de recursos p\u00fablicos. eLabi ajuda identificar alunos que genuinamente precisam de apoio acad\u00eamico e psicossocial, direcionando programas de perman\u00eancia para quem mais beneficiar\u00e1.<\/p>\n\n\n\n<p><em>Institui\u00e7\u00f5es privadas<\/em> priorizam reten\u00e7\u00e3o de receita e sustentabilidade financeira. eLabi identifica alunos inadimplentes com alta probabilidade de recupera\u00e7\u00e3o (vale investir em renegocia\u00e7\u00e3o) versus aqueles com baixa probabilidade (melhor focar recursos em outros casos). Tamb\u00e9m apoia equipe comercial identificando momento ideal para abordagem de renova\u00e7\u00e3o.<\/p>\n\n\n\n<p><strong>Diferenciais competitivos<\/strong> incluem:<\/p>\n\n\n\n<ul class=\"wp-block-list\">\n<li>Desenvolvimento focado na realidade brasileira (tipos de cursos, perfil socioecon\u00f4mico dos estudantes, padr\u00f5es de evas\u00e3o locais)<\/li>\n\n\n\n<li>Modelo de precifica\u00e7\u00e3o acess\u00edvel mesmo para institui\u00e7\u00f5es de porte m\u00e9dio<\/li>\n\n\n\n<li>Implementa\u00e7\u00e3o r\u00e1pida (45-60 dias desde contrata\u00e7\u00e3o at\u00e9 opera\u00e7\u00e3o)<\/li>\n\n\n\n<li>Suporte em portugu\u00eas com entendimento profundo do setor educacional brasileiro<\/li>\n\n\n\n<li>Dados anonimizados e agregados que permitem benchmarking com pares do setor<\/li>\n<\/ul>\n\n\n\n<p><strong>Resultados mensurados em clientes:<\/strong><\/p>\n\n\n\n<ul class=\"wp-block-list\">\n<li>Redu\u00e7\u00e3o m\u00e9dia de evas\u00e3o de 18-25% no primeiro ano de uso<\/li>\n\n\n\n<li>ROI m\u00e9dio de 4:1 (cada R$ 1 investido retorna R$ 4 em receita preservada)<\/li>\n\n\n\n<li>Economia m\u00e9dia de 120-150 horas mensais de trabalho manual da equipe pedag\u00f3gica<\/li>\n\n\n\n<li>Aumento de 35% na efetividade de interven\u00e7\u00f5es (mais alunos salvos por interven\u00e7\u00e3o realizada)<\/li>\n<\/ul>\n\n\n\n<p>Institui\u00e7\u00f5es interessadas podem agendar <strong>demonstra\u00e7\u00e3o personalizada<\/strong> onde consultores eLabi analisam dados hist\u00f3ricos de evas\u00e3o, identificam perfil de risco predominante e simulam resultados esperados com implementa\u00e7\u00e3o da plataforma. <a href=\"http:\/\/elabi.com.br\/br\/agendar-demo.html\">Agende demonstra\u00e7\u00e3o<\/a><\/p>\n\n\n\n<h3 class=\"wp-block-heading\"><span class=\"ez-toc-section\" id=\"Tom_Educativo\"><\/span>Tom Educativo<span class=\"ez-toc-section-end\"><\/span><\/h3>\n\n\n\n<p>\u00c9 importante enfatizar: <strong>tecnologia \u00e9 ferramenta, n\u00e3o solu\u00e7\u00e3o m\u00e1gica<\/strong>. Plataformas como eLabi potencializam trabalho humano, mas n\u00e3o substituem relacionamentos, empatia e interven\u00e7\u00f5es personalizadas que apenas pessoas podem oferecer. O valor est\u00e1 em combinar melhor de ambos mundos: precis\u00e3o e escala da tecnologia com sensibilidade e julgamento humano.<\/p>\n\n\n\n<p>Institui\u00e7\u00f5es que j\u00e1 possuem equipes engajadas mas enfrentam limita\u00e7\u00f5es de escala beneficiam-se imensamente de tecnologia. Aquelas que n\u00e3o t\u00eam cultura de aten\u00e7\u00e3o ao aluno descobrem que tecnologia sozinha n\u00e3o resolve o problema &#8211; \u00e9 necess\u00e1rio primeiro construir compromisso institucional com reten\u00e7\u00e3o.<\/p>\n\n\n\n<h2 class=\"wp-block-heading\"><span class=\"ez-toc-section\" id=\"Politicas_Publicas_e_Regulamentacao\"><\/span>Pol\u00edticas P\u00fablicas e Regulamenta\u00e7\u00e3o<span class=\"ez-toc-section-end\"><\/span><\/h2>\n\n\n\n<p>O combate \u00e0 evas\u00e3o estudantil n\u00e3o \u00e9 responsabilidade apenas de institui\u00e7\u00f5es individuais. Pol\u00edticas p\u00fablicas desempenham papel fundamental, especialmente na educa\u00e7\u00e3o p\u00fablica e em programas de apoio a estudantes de baixa renda.<\/p>\n\n\n\n<p>O <strong>PNAES (Programa Nacional de Assist\u00eancia Estudantil)<\/strong>, criado em 2010, destina recursos a universidades e institutos federais para a\u00e7\u00f5es de assist\u00eancia estudantil. Com or\u00e7amento anual superior a R$ 1 bilh\u00e3o, o programa financia bolsas de alimenta\u00e7\u00e3o, moradia, transporte, creche, apoio pedag\u00f3gico e aten\u00e7\u00e3o \u00e0 sa\u00fade mental. Estudos demonstram que alunos beneficiados pelo PNAES t\u00eam taxas de evas\u00e3o 30-40% menores que alunos em situa\u00e7\u00e3o socioecon\u00f4mica similar sem apoio, evidenciando efetividade do programa. Desafio persistente \u00e9 insufici\u00eancia de recursos face \u00e0 demanda: apenas 30-40% dos alunos eleg\u00edveis conseguem ser atendidos.<\/p>\n\n\n\n<p><strong>Pol\u00edticas de perman\u00eancia em IES p\u00fablicas<\/strong> variam por institui\u00e7\u00e3o mas geralmente incluem programas de inicia\u00e7\u00e3o cient\u00edfica e extens\u00e3o remunerados, monitorias com bolsa, aux\u00edlios emergenciais e apoio psicopedag\u00f3gico. Universidades federais mais bem estruturadas desenvolveram programas sofisticados de acompanhamento de cotistas e estudantes de primeira gera\u00e7\u00e3o universit\u00e1ria, grupos com risco maior de evas\u00e3o.<\/p>\n\n\n\n<p>Quanto a <strong>regulamenta\u00e7\u00f5es do MEC sobre evas\u00e3o<\/strong>, embora n\u00e3o existam penalidades diretas por altas taxas de evas\u00e3o, o indicador afeta avalia\u00e7\u00f5es instituionais e pode influenciar credenciamento e recredenciamento. O <strong>\u00cdndice Geral de Cursos (IGC)<\/strong> e o <strong>Conceito Institucional (CI)<\/strong> consideram indiretamente evas\u00e3o atrav\u00e9s de indicadores como taxa de conclus\u00e3o e efici\u00eancia acad\u00eamica.<\/p>\n\n\n\n<p>Para institui\u00e7\u00f5es privadas, o <strong>\u00edndice de inadimpl\u00eancia e evas\u00e3o<\/strong> afeta capacidade de captar recursos no mercado financeiro, avaliar cr\u00e9dito e estabelecer parcerias. Mantenedoras precisam reportar estes indicadores em demonstra\u00e7\u00f5es financeiras, tornando-os p\u00fablicos para investidores.<\/p>\n\n\n\n<p><strong>Tend\u00eancias e perspectivas para 2026<\/strong> incluem maior press\u00e3o regulat\u00f3ria sobre IES com taxas de evas\u00e3o muito acima da m\u00e9dia do setor, especialmente ap\u00f3s impacto da pandemia. Discuss\u00f5es no Congresso sobre ampliar PNAES e criar programa similar para estudantes de institui\u00e7\u00f5es privadas de baixa renda ganham for\u00e7a. A <strong>Agenda 2030 da ONU<\/strong>, da qual Brasil \u00e9 signat\u00e1rio, estabelece meta de garantir educa\u00e7\u00e3o superior de qualidade e acess\u00edvel para todos, exigindo pol\u00edticas efetivas de combate \u00e0 evas\u00e3o.<\/p>\n\n\n\n<h2 class=\"wp-block-heading\"><span class=\"ez-toc-section\" id=\"Perguntas_Frequentes\"><\/span>Perguntas Frequentes<span class=\"ez-toc-section-end\"><\/span><\/h2>\n\n\n\n<p><strong>1. Qual a diferen\u00e7a entre evas\u00e3o e abandono escolar?<\/strong><\/p>\n\n\n\n<p>Tecnicamente, abandono refere-se \u00e0 sa\u00edda do aluno durante o ano letivo em andamento, enquanto evas\u00e3o \u00e9 termo mais amplo indicando o afastamento definitivo sem conclus\u00e3o do curso. Na pr\u00e1tica brasileira, especialmente na educa\u00e7\u00e3o b\u00e1sica, os termos s\u00e3o frequentemente usados como sin\u00f4nimos. No ensino superior, diferencia-se tamb\u00e9m o trancamento, que \u00e9 interrup\u00e7\u00e3o tempor\u00e1ria formalizada com possibilidade de retorno.<\/p>\n\n\n\n<p><strong>2. Qual a taxa de evas\u00e3o no ensino superior brasileiro?<\/strong><\/p>\n\n\n\n<p>A taxa m\u00e9dia de evas\u00e3o no ensino superior brasileiro \u00e9 de aproximadamente 31% segundo dados do Censo da Educa\u00e7\u00e3o Superior 2023. H\u00e1 diferen\u00e7a significativa entre IES p\u00fablicas (25-28%) e privadas (32-38%), e entre modalidades presencial (27-30%) e EAD (38-42%). Cerca de 40% das evas\u00f5es ocorrem no primeiro ano do curso.<\/p>\n\n\n\n<p><strong>3. Quais as principais causas da evas\u00e3o universit\u00e1ria?<\/strong><\/p>\n\n\n\n<p>As causas s\u00e3o multifatoriais e geralmente combinadas: dificuldades financeiras (40-50% dos casos em IES privadas), quest\u00f5es acad\u00eamicas (reprova\u00e7\u00f5es e dificuldade de aprendizagem), escolha errada de curso, necessidade de trabalhar, problemas pessoais e familiares, falta de identifica\u00e7\u00e3o com a institui\u00e7\u00e3o e desmotiva\u00e7\u00e3o. Raramente a evas\u00e3o resulta de apenas um fator isolado.<\/p>\n\n\n\n<p><strong>4. Como identificar um aluno em risco de evas\u00e3o?<\/strong><\/p>\n\n\n\n<p>Principais sinais incluem: aumento de faltas, queda no desempenho acad\u00eamico, inadimpl\u00eancia ou atrasos recorrentes, n\u00e3o entrega de trabalhos, isolamento social, aus\u00eancia em avalia\u00e7\u00f5es e redu\u00e7\u00e3o de engajamento em atividades. Sistemas preditivos combinam m\u00faltiplos indicadores, identificando alunos em risco 30-60 dias antes da evas\u00e3o efetiva, permitindo interven\u00e7\u00e3o oportuna.<\/p>\n\n\n\n<p><strong>5. Quanto custa para uma faculdade cada aluno evadido?<\/strong><\/p>\n\n\n\n<p>O custo varia conforme momento da evas\u00e3o. Para institui\u00e7\u00e3o privada com mensalidade de R$ 800, um aluno que evade no segundo ano representa perda de aproximadamente R$ 19.200 em receita futura, mais R$ 2.000 de custo de aquisi\u00e7\u00e3o desperdi\u00e7ado, totalizando cerca de R$ 22.700. Multiplicado por centenas de alunos, representa milh\u00f5es em receita perdida anualmente. Para IES p\u00fablicas, o custo por aluno pode superar R$ 40.000 anuais de recursos p\u00fablicos.<\/p>\n\n\n\n<p><strong>6. \u00c9 poss\u00edvel prever a evas\u00e3o com anteced\u00eancia?<\/strong><\/p>\n\n\n\n<p>Sim. Sistemas de an\u00e1lise preditiva baseados em intelig\u00eancia artificial conseguem identificar alunos em risco com 30-60 dias de anteced\u00eancia com taxa de assertividade superior a 80%. A predi\u00e7\u00e3o analisa m\u00faltiplos indicadores simultaneamente (acad\u00eamicos, financeiros, comportamentais e de engajamento), identificando padr\u00f5es que precedem a evas\u00e3o e permitindo interven\u00e7\u00e3o enquanto ainda h\u00e1 tempo de reverter a situa\u00e7\u00e3o.<\/p>\n\n\n\n<p><strong>7. Quais estrat\u00e9gias mais funcionam para reduzir evas\u00e3o?<\/strong><\/p>\n\n\n\n<p>Estrat\u00e9gias mais eficazes combinam m\u00faltiplas abordagens: programa estruturado de acolhimento nas primeiras semanas, identifica\u00e7\u00e3o precoce de alunos em risco atrav\u00e9s de monitoramento sistem\u00e1tico, interven\u00e7\u00f5es personalizadas (acad\u00eamicas, financeiras ou psicossociais conforme o caso), apoio psicopedag\u00f3gico e psicol\u00f3gico, programas de tutoria\/monitoria e flexibiliza\u00e7\u00e3o de pagamentos. Institui\u00e7\u00f5es com abordagem sist\u00eamica e uso de tecnologia preditiva conseguem reduzir evas\u00e3o em 20-30%.<\/p>\n\n\n\n<p><strong>8. Como a tecnologia pode ajudar na reten\u00e7\u00e3o estudantil?<\/strong><\/p>\n\n\n\n<p>Tecnologia permite an\u00e1lise de grandes volumes de dados, identifica\u00e7\u00e3o de padr\u00f5es invis\u00edveis ao olho humano, predi\u00e7\u00e3o antecipada de risco, prioriza\u00e7\u00e3o de casos cr\u00edticos e automa\u00e7\u00e3o de interven\u00e7\u00f5es rotineiras. Plataformas especializadas integram-se a sistemas acad\u00eamicos, LMS e financeiros, gerando alertas autom\u00e1ticos e acionando playbooks de interven\u00e7\u00e3o personalizados. Isso potencializa trabalho da equipe pedag\u00f3gica, que pode focar aten\u00e7\u00e3o em casos complexos enquanto tecnologia cuida de acompanhamentos rotineiros.<\/p>\n\n\n\n<p><strong>9. Qual o papel do professor na reten\u00e7\u00e3o de alunos?<\/strong><\/p>\n\n\n\n<p>Professores s\u00e3o linha de frente na identifica\u00e7\u00e3o de alunos em risco. S\u00e3o os primeiros a notar mudan\u00e7as comportamentais, queda de desempenho ou desengajamento. Professores que estabelecem rela\u00e7\u00e3o pr\u00f3xima com turma, demonstram interesse genu\u00edno pelo sucesso dos alunos, oferecem feedback construtivo e est\u00e3o dispon\u00edveis para apoio s\u00e3o fatores protetivos significativos contra evas\u00e3o. A qualidade da rela\u00e7\u00e3o professor-aluno frequentemente \u00e9 citada por estudantes como raz\u00e3o para permanecer ou sair.<\/p>\n\n\n\n<p><strong>10. Como calcular a taxa de evas\u00e3o da minha institui\u00e7\u00e3o?<\/strong><\/p>\n\n\n\n<p>F\u00f3rmula b\u00e1sica: Taxa de Evas\u00e3o = (N\u00famero de alunos evadidos \/ N\u00famero de alunos matriculados no in\u00edcio do per\u00edodo) \u00d7 100. Por exemplo, se sua IES tinha 1.000 alunos matriculados em janeiro e 150 evadiram ao longo do ano, taxa de evas\u00e3o anual = (150\/1.000) \u00d7 100 = 15%. \u00c9 importante calcular tamb\u00e9m evas\u00e3o por curso, por ano do curso e por modalidade para identificar onde o problema \u00e9 mais grave e direcionar interven\u00e7\u00f5es.<\/p>\n\n\n\n<p><\/p>\n\n\n\n<h2 class=\"wp-block-heading\"><span class=\"ez-toc-section\" id=\"Conclusao\"><\/span>Conclus\u00e3o<span class=\"ez-toc-section-end\"><\/span><\/h2>\n\n\n\n<p>A evas\u00e3o estudantil \u00e9 um dos desafios mais urgentes e custosos enfrentados pelo sistema educacional brasileiro. Com taxas que chegam a 31% no ensino superior e 6,5% no ensino m\u00e9dio, o problema afeta diretamente milh\u00f5es de estudantes, compromete sustentabilidade de institui\u00e7\u00f5es de ensino e desperdi\u00e7a capital humano essencial para desenvolvimento do pa\u00eds.<\/p>\n\n\n\n<p>Os dados apresentados neste guia demonstram inequivocamente que evas\u00e3o n\u00e3o \u00e9 fen\u00f4meno inevit\u00e1vel nem incontrol\u00e1vel. \u00c9 resultado de m\u00faltiplos fatores identific\u00e1veis &#8211; financeiros, acad\u00eamicos, institucionais, pessoais e vocacionais &#8211; que, quando adequadamente monitorados, permitem interven\u00e7\u00e3o eficaz.<\/p>\n\n\n\n<p>Tr\u00eas princ\u00edpios fundamentais emergiram ao longo deste guia:<\/p>\n\n\n\n<p><strong>Primeiro<\/strong>, a identifica\u00e7\u00e3o precoce \u00e9 absolutamente cr\u00edtica. Quanto mais cedo a institui\u00e7\u00e3o detecta sinais de risco, maiores as chances de reverter a trajet\u00f3ria do aluno. A janela ideal de 30-60 dias de anteced\u00eancia permite implementar interven\u00e7\u00f5es enquanto ainda h\u00e1 margem de a\u00e7\u00e3o.<\/p>\n\n\n\n<p><strong>Segundo<\/strong>, n\u00e3o existe solu\u00e7\u00e3o \u00fanica. Estrat\u00e9gias eficazes combinam preven\u00e7\u00e3o (acolhimento inicial, orienta\u00e7\u00e3o vocacional), monitoramento sistem\u00e1tico e interven\u00e7\u00f5es personalizadas adaptadas ao perfil de cada aluno. Abordagem que funciona para estudante com dificuldade financeira n\u00e3o funciona para aquele com problema acad\u00eamico ou vocacional.<\/p>\n\n\n\n<p><strong>Terceiro<\/strong>, tecnologia \u00e9 aliada poderosa mas n\u00e3o substitui relacionamento humano. Plataformas de an\u00e1lise preditiva potencializam trabalho das equipes pedag\u00f3gicas, permitindo escala e precis\u00e3o imposs\u00edveis manualmente. Mas a interven\u00e7\u00e3o final &#8211; a conversa que reconecta o aluno com seus objetivos, o apoio que restaura confian\u00e7a &#8211; permanece essencialmente humana.<\/p>\n\n\n\n<p>Para gestores educacionais, coordenadores pedag\u00f3gicos e mantenedores lendo este guia, os pr\u00f3ximos passos s\u00e3o claros:<\/p>\n\n\n\n<ol class=\"wp-block-list\">\n<li><strong>Diagnostique sua realidade<\/strong>: Calcule taxa de evas\u00e3o atual, identifique em quais cursos\/per\u00edodos \u00e9 mais grave e mapeie causas predominantes<\/li>\n\n\n\n<li><strong>Avalie sua capacidade atual<\/strong>: Qu\u00e3o eficazmente voc\u00ea identifica alunos em risco hoje? Quanto tempo leva entre detec\u00e7\u00e3o e interven\u00e7\u00e3o?<\/li>\n\n\n\n<li><strong>Implemente monitoramento sistem\u00e1tico<\/strong>: Se ainda dependem de observa\u00e7\u00e3o casual, estruture processo de coleta e an\u00e1lise de dados<\/li>\n\n\n\n<li><strong>Desenvolva protocolos de interven\u00e7\u00e3o<\/strong>: Defina claramente quem faz o qu\u00ea quando aluno \u00e9 identificado em risco<\/li>\n\n\n\n<li><strong>Considere tecnologia<\/strong>: Avalie se plataforma de an\u00e1lise preditiva pode resolver limita\u00e7\u00f5es de escala e tempo de rea\u00e7\u00e3o<\/li>\n\n\n\n<li><strong>Mensure resultados<\/strong>: Acompanhe n\u00e3o apenas taxa global de evas\u00e3o mas tamb\u00e9m efetividade de cada tipo de interven\u00e7\u00e3o<\/li>\n<\/ol>\n\n\n\n<p>A evas\u00e3o estudantil n\u00e3o ser\u00e1 eliminada completamente &#8211; sempre haver\u00e1 mudan\u00e7as leg\u00edtimas de trajet\u00f3ria, realoca\u00e7\u00f5es e descobertas vocacionais. Mas as taxas atuais de 30-40% est\u00e3o muito acima do necess\u00e1rio e do aceit\u00e1vel. Com estrat\u00e9gias baseadas em evid\u00eancias, tecnologia adequada e compromisso institucional, \u00e9 absolutamente poss\u00edvel reduzir evas\u00e3o em 20-30%, mudando a vida de milhares de estudantes e assegurando sustentabilidade de institui\u00e7\u00f5es educacionais.<\/p>\n\n\n\n<p>O custo de n\u00e3o agir \u00e9 alto demais &#8211; para alunos que perdem oportunidade de mudar suas vidas, para institui\u00e7\u00f5es que perdem receita e relev\u00e2ncia, e para o Brasil que perde o capital humano necess\u00e1rio para seu desenvolvimento.<\/p>\n\n\n\n<p><strong>Quer descobrir como o eLabi pode ajudar sua institui\u00e7\u00e3o a reduzir evas\u00e3o?<\/strong> Nossa equipe pode analisar seus dados hist\u00f3ricos, identificar seu perfil de risco predominante e simular resultados esperados com nossa plataforma. <a href=\"https:\/\/claude.ai\/chat\/0110ad7c-c0b3-42a3-807f-6da2606fec12#\" target=\"_blank\" rel=\"noopener\">Agende uma demonstra\u00e7\u00e3o gratuita<\/a> e d\u00ea o primeiro passo para transformar reten\u00e7\u00e3o estudantil em sua institui\u00e7\u00e3o.<\/p>\n\n\n\n<hr class=\"wp-block-separator has-alpha-channel-opacity\"\/>\n\n\n\n<h2 class=\"wp-block-heading\"><span class=\"ez-toc-section\" id=\"Referencias_e_Fontes\"><\/span>Refer\u00eancias e Fontes<span class=\"ez-toc-section-end\"><\/span><\/h2>\n\n\n\n<h3 class=\"wp-block-heading\"><span class=\"ez-toc-section\" id=\"Dados_Oficiais\"><\/span>Dados Oficiais<span class=\"ez-toc-section-end\"><\/span><\/h3>\n\n\n\n<p><strong>1. INEP &#8211; Instituto Nacional de Estudos e Pesquisas Educacionais An\u00edsio Teixeira<\/strong><\/p>\n\n\n\n<ul class=\"wp-block-list\">\n<li>Censo da Educa\u00e7\u00e3o Superior 2023 &#8211; <a href=\"https:\/\/www.gov.br\/inep\/pt-br\/areas-de-atuacao\/pesquisas-estatisticas-e-indicadores\/censo-da-educacao-superior\" target=\"_blank\" rel=\"noopener\">Acesse aqui<\/a><\/li>\n\n\n\n<li>Censo Escolar 2023 &#8211; <a href=\"https:\/\/www.gov.br\/inep\/pt-br\/areas-de-atuacao\/pesquisas-estatisticas-e-indicadores\/censo-escolar\" target=\"_blank\" rel=\"noopener\">Acesse aqui<\/a><\/li>\n<\/ul>\n\n\n\n<p><strong>2. IBGE &#8211; Instituto Brasileiro de Geografia e Estat\u00edstica<\/strong><\/p>\n\n\n\n<ul class=\"wp-block-list\">\n<li>PNAD Cont\u00ednua Educa\u00e7\u00e3o 2023 &#8211; <a href=\"https:\/\/www.ibge.gov.br\/estatisticas\/sociais\/educacao\" target=\"_blank\" rel=\"noopener\">Acesse aqui<\/a><\/li>\n<\/ul>\n\n\n\n<p><strong>3. MEC &#8211; Minist\u00e9rio da Educa\u00e7\u00e3o<\/strong><\/p>\n\n\n\n<ul class=\"wp-block-list\">\n<li>Plataforma Nilo Pe\u00e7anha (Rede Federal) &#8211; <a href=\"http:\/\/plataformanilopecanha.mec.gov.br\/\" target=\"_blank\" rel=\"noopener\">Acesse aqui<\/a><\/li>\n<\/ul>\n\n\n\n<h3 class=\"wp-block-heading\"><span class=\"ez-toc-section\" id=\"Estudos_e_Pesquisas\"><\/span>Estudos e Pesquisas<span class=\"ez-toc-section-end\"><\/span><\/h3>\n\n\n\n<p><strong>4. SEMESP &#8211; Sindicato das Entidades Mantenedoras de Estabelecimentos de Ensino Superior<\/strong><\/p>\n\n\n\n<ul class=\"wp-block-list\">\n<li>Mapa do Ensino Superior no Brasil 2024-2025 &#8211; <a href=\"https:\/\/www.semesp.org.br\/pesquisas\/mapa-do-ensino-superior\/\" target=\"_blank\" rel=\"noopener\">Acesse aqui<\/a><\/li>\n<\/ul>\n\n\n\n<p><strong>5. Todos Pela Educa\u00e7\u00e3o<\/strong><\/p>\n\n\n\n<ul class=\"wp-block-list\">\n<li>Anu\u00e1rio Brasileiro da Educa\u00e7\u00e3o B\u00e1sica 2024 &#8211; <a href=\"https:\/\/todospelaeducacao.org.br\/anuario-brasileiro-da-educacao-basica\/\" target=\"_blank\" rel=\"noopener\">Acesse aqui<\/a><\/li>\n<\/ul>\n\n\n\n<p><strong>6. Silva Filho, R. L. L. et al.<\/strong><\/p>\n\n\n\n<ul class=\"wp-block-list\">\n<li>&#8220;A evas\u00e3o no ensino superior brasileiro&#8221; &#8211; Cadernos de Pesquisa, v. 37, n. 132, 2007<\/li>\n<\/ul>\n\n\n\n<p><strong>7. Tinto, V.<\/strong><\/p>\n\n\n\n<ul class=\"wp-block-list\">\n<li>&#8220;Dropout from Higher Education: A Theoretical Synthesis of Recent Research&#8221; &#8211; Review of Educational Research, 1975<\/li>\n<\/ul>\n\n\n\n<p><strong>8. Hoper Educa\u00e7\u00e3o<\/strong><\/p>\n\n\n\n<ul class=\"wp-block-list\">\n<li>Pesquisa Hoper: Inadimpl\u00eancia e Evas\u00e3o 2023 &#8211; <a href=\"https:\/\/www.hoper.com.br\/\" target=\"_blank\" rel=\"noopener\">Acesse aqui<\/a><\/li>\n<\/ul>\n\n\n\n<h3 class=\"wp-block-heading\"><span class=\"ez-toc-section\" id=\"Politicas_Publicas\"><\/span>Pol\u00edticas P\u00fablicas<span class=\"ez-toc-section-end\"><\/span><\/h3>\n\n\n\n<p><strong>9. PNAES &#8211; Programa Nacional de Assist\u00eancia Estudantil<\/strong><\/p>\n\n\n\n<ul class=\"wp-block-list\">\n<li>Decreto n\u00ba 7.234\/2010 &#8211; <a href=\"http:\/\/www.planalto.gov.br\/ccivil_03\/_ato2007-2010\/2010\/decreto\/d7234.htm\" target=\"_blank\" rel=\"noopener\">Acesse aqui<\/a><\/li>\n<\/ul>\n\n\n\n<hr class=\"wp-block-separator has-alpha-channel-opacity\"\/>\n\n\n\n<p><strong>Materiais Complementares:<\/strong><\/p>\n\n\n\n<ul class=\"wp-block-list\">\n<li><a href=\"http:\/\/elabi.com.br\/br\/materiais\/checklist-evasao.html\">Baixe nosso Checklist: 50 Sinais de Alerta de Evas\u00e3o Estudantil<\/a><\/li>\n\n\n\n<li><a href=\"http:\/\/elabi.com.br\/br\/materiais\/calculadora-impacto.html\">Calculadora: Impacto Financeiro da Evas\u00e3o em Sua Institui\u00e7\u00e3o<\/a><\/li>\n\n\n\n<li><a href=\"https:\/\/claude.ai\/chat\/0110ad7c-c0b3-42a3-807f-6da2606fec12#\" target=\"_blank\" rel=\"noopener\">E-book: Playbooks de Interven\u00e7\u00e3o Comprovados<\/a><\/li>\n<\/ul>\n\n\n\n<p><\/p>\n","protected":false},"excerpt":{"rendered":"<p>Guia completo sobre evas\u00e3o estudantil no Brasil em 2026: dados atualizados, causas, consequ\u00eancias e estrat\u00e9gias eficazes para reduzir o abandono escolar. Com cases de sucesso.<\/p>\n","protected":false},"author":1,"featured_media":23,"comment_status":"open","ping_status":"open","sticky":false,"template":"","format":"standard","meta":{"footnotes":""},"categories":[1],"tags":[18,20,7,4,16,8,19,21,22,6],"class_list":["post-22","post","type-post","status-publish","format-standard","has-post-thumbnail","hentry","category-blog","tag-combate-a-evasao","tag-coordenacao-pedagogica","tag-ensino-superior","tag-evasao-estudantil","tag-evasao-universitaria","tag-gestao-educacional","tag-ia-na-educacao","tag-indicadores-educacionais","tag-permanencia-estudantil","tag-retencao-de-alunos"],"_links":{"self":[{"href":"https:\/\/elabi.com.br\/br\/blog\/wp-json\/wp\/v2\/posts\/22","targetHints":{"allow":["GET"]}}],"collection":[{"href":"https:\/\/elabi.com.br\/br\/blog\/wp-json\/wp\/v2\/posts"}],"about":[{"href":"https:\/\/elabi.com.br\/br\/blog\/wp-json\/wp\/v2\/types\/post"}],"author":[{"embeddable":true,"href":"https:\/\/elabi.com.br\/br\/blog\/wp-json\/wp\/v2\/users\/1"}],"replies":[{"embeddable":true,"href":"https:\/\/elabi.com.br\/br\/blog\/wp-json\/wp\/v2\/comments?post=22"}],"version-history":[{"count":8,"href":"https:\/\/elabi.com.br\/br\/blog\/wp-json\/wp\/v2\/posts\/22\/revisions"}],"predecessor-version":[{"id":178,"href":"https:\/\/elabi.com.br\/br\/blog\/wp-json\/wp\/v2\/posts\/22\/revisions\/178"}],"wp:featuredmedia":[{"embeddable":true,"href":"https:\/\/elabi.com.br\/br\/blog\/wp-json\/wp\/v2\/media\/23"}],"wp:attachment":[{"href":"https:\/\/elabi.com.br\/br\/blog\/wp-json\/wp\/v2\/media?parent=22"}],"wp:term":[{"taxonomy":"category","embeddable":true,"href":"https:\/\/elabi.com.br\/br\/blog\/wp-json\/wp\/v2\/categories?post=22"},{"taxonomy":"post_tag","embeddable":true,"href":"https:\/\/elabi.com.br\/br\/blog\/wp-json\/wp\/v2\/tags?post=22"}],"curies":[{"name":"wp","href":"https:\/\/api.w.org\/{rel}","templated":true}]}}