{"id":218,"date":"2026-02-26T09:00:00","date_gmt":"2026-02-26T12:00:00","guid":{"rendered":"https:\/\/elabi.com.br\/br\/blog\/?p=218"},"modified":"2026-02-01T17:14:11","modified_gmt":"2026-02-01T20:14:11","slug":"jornada-aluno-pontos-criticos-evasao","status":"publish","type":"post","link":"https:\/\/elabi.com.br\/br\/blog\/jornada-aluno-pontos-criticos-evasao\/","title":{"rendered":"Jornada do Aluno: Mapeando Pontos Cr\u00edticos de Evas\u00e3o"},"content":{"rendered":"\n<p>42% dos alunos que abandonam o curso fazem isso nos primeiros 90 dias de aula. Mas aqui est\u00e1 o ponto que poucos gestores sabem: a maioria desses casos poderia ser evitada se a institui\u00e7\u00e3o identificasse os sinais de risco nesse per\u00edodo cr\u00edtico da jornada do aluno.<\/p>\n\n\n\n<p>A evas\u00e3o estudantil n\u00e3o \u00e9 uniforme ao longo do curso. Ela se concentra em momentos espec\u00edficos e previs\u00edveis \u2013 verdadeiras &#8220;janelas de vulnerabilidade&#8221; que podem ser mapeadas e monitoradas. Institui\u00e7\u00f5es que identificam esses&nbsp;<a href=\"https:\/\/elabi.com.br\/br\/materiais\/infografico-jornada-aluno.html\">pontos cr\u00edticos de evas\u00e3o estudantil<\/a>&nbsp;conseguem reduzir o abandono em 15% a 30%, segundo an\u00e1lise da eLabi com mais de 80 mil estudantes em institui\u00e7\u00f5es parceiras.<\/p>\n\n\n\n<p>Neste artigo, voc\u00ea vai descobrir quais s\u00e3o os 5 pontos cr\u00edticos onde a evas\u00e3o mais ocorre, como identificar sinais de risco em cada etapa e quais estrat\u00e9gias de interven\u00e7\u00e3o funcionam melhor em cada momento da trajet\u00f3ria acad\u00eamica.<\/p>\n\n\n\n<div id=\"ez-toc-container\" class=\"ez-toc-v2_0_80 counter-hierarchy ez-toc-counter ez-toc-grey ez-toc-container-direction\">\n<div class=\"ez-toc-title-container\">\n<p class=\"ez-toc-title\" style=\"cursor:inherit\">Conte\u00fado da p\u00e1gina<\/p>\n<span class=\"ez-toc-title-toggle\"><a href=\"#\" class=\"ez-toc-pull-right ez-toc-btn ez-toc-btn-xs ez-toc-btn-default ez-toc-toggle\" aria-label=\"Alternar tabela de conte\u00fado\"><span class=\"ez-toc-js-icon-con\"><span class=\"\"><span class=\"eztoc-hide\" style=\"display:none;\">Toggle<\/span><span class=\"ez-toc-icon-toggle-span\"><svg style=\"fill: #999;color:#999\" xmlns=\"http:\/\/www.w3.org\/2000\/svg\" class=\"list-377408\" width=\"20px\" height=\"20px\" viewBox=\"0 0 24 24\" fill=\"none\"><path d=\"M6 6H4v2h2V6zm14 0H8v2h12V6zM4 11h2v2H4v-2zm16 0H8v2h12v-2zM4 16h2v2H4v-2zm16 0H8v2h12v-2z\" fill=\"currentColor\"><\/path><\/svg><svg style=\"fill: #999;color:#999\" class=\"arrow-unsorted-368013\" xmlns=\"http:\/\/www.w3.org\/2000\/svg\" width=\"10px\" height=\"10px\" viewBox=\"0 0 24 24\" version=\"1.2\" baseProfile=\"tiny\"><path d=\"M18.2 9.3l-6.2-6.3-6.2 6.3c-.2.2-.3.4-.3.7s.1.5.3.7c.2.2.4.3.7.3h11c.3 0 .5-.1.7-.3.2-.2.3-.5.3-.7s-.1-.5-.3-.7zM5.8 14.7l6.2 6.3 6.2-6.3c.2-.2.3-.5.3-.7s-.1-.5-.3-.7c-.2-.2-.4-.3-.7-.3h-11c-.3 0-.5.1-.7.3-.2.2-.3.5-.3.7s.1.5.3.7z\"\/><\/svg><\/span><\/span><\/span><\/a><\/span><\/div>\n<nav><ul class='ez-toc-list ez-toc-list-level-1 ' ><li class='ez-toc-page-1 ez-toc-heading-level-2'><a class=\"ez-toc-link ez-toc-heading-1\" href=\"https:\/\/elabi.com.br\/br\/blog\/jornada-aluno-pontos-criticos-evasao\/#O_Que_E_a_Jornada_do_Aluno_Evasao_e_Por_Que_Mapea-la\" >O Que \u00c9 a Jornada do Aluno Evas\u00e3o e Por Que Mape\u00e1-la<\/a><ul class='ez-toc-list-level-3' ><li class='ez-toc-heading-level-3'><a class=\"ez-toc-link ez-toc-heading-2\" href=\"https:\/\/elabi.com.br\/br\/blog\/jornada-aluno-pontos-criticos-evasao\/#A_Diferenca_Entre_Jornada_do_Aluno_Planejada_e_Jornada_Real\" >A Diferen\u00e7a Entre Jornada do Aluno Planejada e Jornada Real<\/a><\/li><\/ul><\/li><li class='ez-toc-page-1 ez-toc-heading-level-2'><a class=\"ez-toc-link ez-toc-heading-3\" href=\"https:\/\/elabi.com.br\/br\/blog\/jornada-aluno-pontos-criticos-evasao\/#Os_5_Pontos_Criticos_da_Jornada_do_Aluno_Evasao_Onde_Ocorre_Maior_Abandono\" >Os 5 Pontos Cr\u00edticos da Jornada do Aluno Evas\u00e3o Onde Ocorre Maior Abandono<\/a><ul class='ez-toc-list-level-3' ><li class='ez-toc-heading-level-3'><a class=\"ez-toc-link ez-toc-heading-4\" href=\"https:\/\/elabi.com.br\/br\/blog\/jornada-aluno-pontos-criticos-evasao\/#1_Primeiras_Semanas_O_Periodo_de_Integracao\" >1. Primeiras Semanas: O Per\u00edodo de Integra\u00e7\u00e3o<\/a><\/li><li class='ez-toc-page-1 ez-toc-heading-level-3'><a class=\"ez-toc-link ez-toc-heading-5\" href=\"https:\/\/elabi.com.br\/br\/blog\/jornada-aluno-pontos-criticos-evasao\/#2_Final_do_Primeiro_Semestre_Reavaliacao_de_Escolha\" >2. Final do Primeiro Semestre: Reavalia\u00e7\u00e3o de Escolha<\/a><\/li><li class='ez-toc-page-1 ez-toc-heading-level-3'><a class=\"ez-toc-link ez-toc-heading-6\" href=\"https:\/\/elabi.com.br\/br\/blog\/jornada-aluno-pontos-criticos-evasao\/#3_Meio_do_Curso_Desmotivacao_e_Fadiga_Academica\" >3. Meio do Curso: Desmotiva\u00e7\u00e3o e Fadiga Acad\u00eamica<\/a><\/li><li class='ez-toc-page-1 ez-toc-heading-level-3'><a class=\"ez-toc-link ez-toc-heading-7\" href=\"https:\/\/elabi.com.br\/br\/blog\/jornada-aluno-pontos-criticos-evasao\/#4_Periodo_de_Estagio_e_TCC_Sobrecarga_Pratica\" >4. Per\u00edodo de Est\u00e1gio e TCC: Sobrecarga Pr\u00e1tica<\/a><\/li><li class='ez-toc-page-1 ez-toc-heading-level-3'><a class=\"ez-toc-link ez-toc-heading-8\" href=\"https:\/\/elabi.com.br\/br\/blog\/jornada-aluno-pontos-criticos-evasao\/#5_Eventos_Disruptivos_Crises_Pontuais_em_Qualquer_Momento\" >5. Eventos Disruptivos: Crises Pontuais em Qualquer Momento<\/a><\/li><li class='ez-toc-page-1 ez-toc-heading-level-3'><a class=\"ez-toc-link ez-toc-heading-9\" href=\"https:\/\/elabi.com.br\/br\/blog\/jornada-aluno-pontos-criticos-evasao\/#Resumo_dos_5_Pontos_Criticos\" >Resumo dos 5 Pontos Cr\u00edticos<\/a><\/li><\/ul><\/li><li class='ez-toc-page-1 ez-toc-heading-level-2'><a class=\"ez-toc-link ez-toc-heading-10\" href=\"https:\/\/elabi.com.br\/br\/blog\/jornada-aluno-pontos-criticos-evasao\/#Como_Identificar_Sinais_de_Risco_em_Cada_Etapa_da_Jornada\" >Como Identificar Sinais de Risco em Cada Etapa da Jornada<\/a><ul class='ez-toc-list-level-3' ><li class='ez-toc-heading-level-3'><a class=\"ez-toc-link ez-toc-heading-11\" href=\"https:\/\/elabi.com.br\/br\/blog\/jornada-aluno-pontos-criticos-evasao\/#Categorias_de_Indicadores\" >Categorias de Indicadores<\/a><\/li><li class='ez-toc-page-1 ez-toc-heading-level-3'><a class=\"ez-toc-link ez-toc-heading-12\" href=\"https:\/\/elabi.com.br\/br\/blog\/jornada-aluno-pontos-criticos-evasao\/#O_Poder_da_Combinacao_de_Sinais\" >O Poder da Combina\u00e7\u00e3o de Sinais<\/a><\/li><li class='ez-toc-page-1 ez-toc-heading-level-3'><a class=\"ez-toc-link ez-toc-heading-13\" href=\"https:\/\/elabi.com.br\/br\/blog\/jornada-aluno-pontos-criticos-evasao\/#Sistema_de_Scoring_Simplificado\" >Sistema de Scoring Simplificado<\/a><\/li><\/ul><\/li><li class='ez-toc-page-1 ez-toc-heading-level-2'><a class=\"ez-toc-link ez-toc-heading-14\" href=\"https:\/\/elabi.com.br\/br\/blog\/jornada-aluno-pontos-criticos-evasao\/#Estrategias_de_Intervencao_para_Cada_Ponto_Critico\" >Estrat\u00e9gias de Interven\u00e7\u00e3o para Cada Ponto Cr\u00edtico<\/a><ul class='ez-toc-list-level-3' ><li class='ez-toc-heading-level-3'><a class=\"ez-toc-link ez-toc-heading-15\" href=\"https:\/\/elabi.com.br\/br\/blog\/jornada-aluno-pontos-criticos-evasao\/#Intervencoes_para_as_Primeiras_Semanas_da_Jornada_do_Aluno\" >Interven\u00e7\u00f5es para as Primeiras Semanas da Jornada do Aluno<\/a><\/li><li class='ez-toc-page-1 ez-toc-heading-level-3'><a class=\"ez-toc-link ez-toc-heading-16\" href=\"https:\/\/elabi.com.br\/br\/blog\/jornada-aluno-pontos-criticos-evasao\/#Intervencoes_para_Reavaliacao_4-6_meses\" >Interven\u00e7\u00f5es para Reavalia\u00e7\u00e3o (4-6 meses)<\/a><\/li><li class='ez-toc-page-1 ez-toc-heading-level-3'><a class=\"ez-toc-link ez-toc-heading-17\" href=\"https:\/\/elabi.com.br\/br\/blog\/jornada-aluno-pontos-criticos-evasao\/#Intervencoes_para_Meio_do_Curso\" >Interven\u00e7\u00f5es para Meio do Curso<\/a><\/li><li class='ez-toc-page-1 ez-toc-heading-level-3'><a class=\"ez-toc-link ez-toc-heading-18\" href=\"https:\/\/elabi.com.br\/br\/blog\/jornada-aluno-pontos-criticos-evasao\/#Intervencoes_para_Periodo_de_EstagioTCC\" >Interven\u00e7\u00f5es para Per\u00edodo de Est\u00e1gio\/TCC<\/a><\/li><li class='ez-toc-page-1 ez-toc-heading-level-3'><a class=\"ez-toc-link ez-toc-heading-19\" href=\"https:\/\/elabi.com.br\/br\/blog\/jornada-aluno-pontos-criticos-evasao\/#Intervencoes_para_Eventos_Disruptivos\" >Interven\u00e7\u00f5es para Eventos Disruptivos<\/a><\/li><li class='ez-toc-page-1 ez-toc-heading-level-3'><a class=\"ez-toc-link ez-toc-heading-20\" href=\"https:\/\/elabi.com.br\/br\/blog\/jornada-aluno-pontos-criticos-evasao\/#Resumo_de_Estrategias_por_Momento\" >Resumo de Estrat\u00e9gias por Momento<\/a><\/li><\/ul><\/li><li class='ez-toc-page-1 ez-toc-heading-level-2'><a class=\"ez-toc-link ez-toc-heading-21\" href=\"https:\/\/elabi.com.br\/br\/blog\/jornada-aluno-pontos-criticos-evasao\/#Como_a_Tecnologia_Pode_Automatizar_o_Mapeamento_da_Jornada_do_Aluno_Evasao\" >Como a Tecnologia Pode Automatizar o Mapeamento da Jornada do Aluno Evas\u00e3o<\/a><ul class='ez-toc-list-level-3' ><li class='ez-toc-heading-level-3'><a class=\"ez-toc-link ez-toc-heading-22\" href=\"https:\/\/elabi.com.br\/br\/blog\/jornada-aluno-pontos-criticos-evasao\/#Limitacoes_do_Mapeamento_Manual\" >Limita\u00e7\u00f5es do Mapeamento Manual<\/a><\/li><li class='ez-toc-page-1 ez-toc-heading-level-3'><a class=\"ez-toc-link ez-toc-heading-23\" href=\"https:\/\/elabi.com.br\/br\/blog\/jornada-aluno-pontos-criticos-evasao\/#O_Papel_da_Inteligencia_Artificial_na_Previsao_de_Risco\" >O Papel da Intelig\u00eancia Artificial na Previs\u00e3o de Risco<\/a><\/li><li class='ez-toc-page-1 ez-toc-heading-level-3'><a class=\"ez-toc-link ez-toc-heading-24\" href=\"https:\/\/elabi.com.br\/br\/blog\/jornada-aluno-pontos-criticos-evasao\/#Automacao_de_Alertas_por_Etapa_da_Jornada\" >Automa\u00e7\u00e3o de Alertas por Etapa da Jornada<\/a><\/li><li class='ez-toc-page-1 ez-toc-heading-level-3'><a class=\"ez-toc-link ez-toc-heading-25\" href=\"https:\/\/elabi.com.br\/br\/blog\/jornada-aluno-pontos-criticos-evasao\/#Beneficios_Mensuraveis_da_Abordagem_Tecnologica\" >Benef\u00edcios Mensur\u00e1veis da Abordagem Tecnol\u00f3gica<\/a><\/li><\/ul><\/li><li class='ez-toc-page-1 ez-toc-heading-level-2'><a class=\"ez-toc-link ez-toc-heading-26\" href=\"https:\/\/elabi.com.br\/br\/blog\/jornada-aluno-pontos-criticos-evasao\/#Comece_a_Mapear_a_Jornada_do_Aluno_Evasao_na_Sua_Instituicao\" >Comece a Mapear a Jornada do Aluno Evas\u00e3o na Sua Institui\u00e7\u00e3o<\/a><ul class='ez-toc-list-level-3' ><li class='ez-toc-heading-level-3'><a class=\"ez-toc-link ez-toc-heading-27\" href=\"https:\/\/elabi.com.br\/br\/blog\/jornada-aluno-pontos-criticos-evasao\/#Tres_Principais_Takeaways\" >Tr\u00eas Principais Takeaways<\/a><\/li><li class='ez-toc-page-1 ez-toc-heading-level-3'><a class=\"ez-toc-link ez-toc-heading-28\" href=\"https:\/\/elabi.com.br\/br\/blog\/jornada-aluno-pontos-criticos-evasao\/#Seu_Proximo_Passo\" >Seu Pr\u00f3ximo Passo<\/a><\/li><\/ul><\/li><li class='ez-toc-page-1 ez-toc-heading-level-2'><a class=\"ez-toc-link ez-toc-heading-29\" href=\"https:\/\/elabi.com.br\/br\/blog\/jornada-aluno-pontos-criticos-evasao\/#Perguntas_Frequentes_sobre_Jornada_do_Aluno_e_Pontos_Criticos_de_Evasao\" >Perguntas Frequentes sobre Jornada do Aluno e Pontos Cr\u00edticos de Evas\u00e3o<\/a><\/li><\/ul><\/nav><\/div>\n<h2 class=\"wp-block-heading\"><span class=\"ez-toc-section\" id=\"O_Que_E_a_Jornada_do_Aluno_Evasao_e_Por_Que_Mapea-la\"><\/span>O Que \u00c9 a Jornada do Aluno Evas\u00e3o e Por Que Mape\u00e1-la<span class=\"ez-toc-section-end\"><\/span><\/h2>\n\n\n\n<p>A jornada do aluno \u00e9 o percurso completo que um estudante atravessa desde a matr\u00edcula at\u00e9 a conclus\u00e3o do curso, incluindo todos os momentos de intera\u00e7\u00e3o com a institui\u00e7\u00e3o, experi\u00eancias de aprendizado e desafios enfrentados ao longo do caminho. Compreender a jornada do aluno evas\u00e3o significa mapear n\u00e3o apenas o caminho ideal, mas principalmente identificar onde os riscos de abandono se concentram.<\/p>\n\n\n\n<p>Diferente de uma progress\u00e3o linear ideal imaginada nos projetos pedag\u00f3gicos, a jornada real dos estudantes \u00e9 marcada por altos e baixos, eventos disruptivos e pontos de decis\u00e3o cr\u00edticos. Pesquisas mostram que 63% dos estudantes enfrentam pelo menos um evento disruptivo durante o curso \u2013 seja uma crise financeira, quest\u00f5es familiares, desalinhamento vocacional ou sobrecarga acad\u00eamica.<\/p>\n\n\n\n<h3 class=\"wp-block-heading\"><span class=\"ez-toc-section\" id=\"A_Diferenca_Entre_Jornada_do_Aluno_Planejada_e_Jornada_Real\"><\/span>A Diferen\u00e7a Entre Jornada do Aluno Planejada e Jornada Real<span class=\"ez-toc-section-end\"><\/span><\/h3>\n\n\n\n<figure class=\"wp-block-table\"><table class=\"has-fixed-layout\"><thead><tr><th>Aspecto<\/th><th>Jornada Planejada<\/th><th>Jornada Real<\/th><\/tr><\/thead><tbody><tr><td><strong>Progress\u00e3o<\/strong><\/td><td>Linear, semestre ap\u00f3s semestre<\/td><td>N\u00e3o-linear, com pausas e acelera\u00e7\u00f5es<\/td><\/tr><tr><td><strong>Carga hor\u00e1ria<\/strong><\/td><td>Constante ao longo do curso<\/td><td>Vari\u00e1vel, com picos e redu\u00e7\u00f5es<\/td><\/tr><tr><td><strong>Dificuldades<\/strong><\/td><td>Previstas no projeto pedag\u00f3gico<\/td><td>M\u00faltiplas e individualizadas<\/td><\/tr><tr><td><strong>Engajamento<\/strong><\/td><td>Est\u00e1vel e consistente<\/td><td>Flutuante conforme contexto pessoal<\/td><\/tr><tr><td><strong>Previsibilidade<\/strong><\/td><td>Alta<\/td><td>Baixa sem ferramentas adequadas<\/td><\/tr><\/tbody><\/table><\/figure>\n\n\n\n<p>Mapear a jornada do aluno significa identificar esses momentos cr\u00edticos \u2013 os chamados &#8220;touchpoints&#8221; de risco \u2013 onde a probabilidade de evas\u00e3o aumenta significativamente. Apenas 18% das institui\u00e7\u00f5es brasileiras fazem esse mapeamento de forma estruturada, perdendo a oportunidade de intervir antes que o aluno tome a decis\u00e3o de abandonar o curso. Entender a jornada do aluno evas\u00e3o permite que gestores antecipem problemas e ajam preventivamente.<\/p>\n\n\n\n<blockquote class=\"wp-block-quote is-layout-flow wp-block-quote-is-layout-flow\">\n<p><strong>Insight importante:<\/strong>&nbsp;A jornada n\u00e3o \u00e9 linear. Alunos que parecem est\u00e1veis podem entrar em zona de risco rapidamente quando m\u00faltiplos fatores se acumulam \u2013 e sem monitoramento, esses sinais passam despercebidos at\u00e9 ser tarde demais.<\/p>\n<\/blockquote>\n\n\n\n<h2 class=\"wp-block-heading\"><span class=\"ez-toc-section\" id=\"Os_5_Pontos_Criticos_da_Jornada_do_Aluno_Evasao_Onde_Ocorre_Maior_Abandono\"><\/span>Os 5 Pontos Cr\u00edticos da Jornada do Aluno Evas\u00e3o Onde Ocorre Maior Abandono<span class=\"ez-toc-section-end\"><\/span><\/h2>\n\n\n\n<p>Analisar a jornada do aluno evas\u00e3o de dezenas de milhares de estudantes revelou um padr\u00e3o claro: a maior parte do abandono se concentra em cinco momentos espec\u00edficos e previs\u00edveis. Conhecer esses pontos cr\u00edticos permite que coordenadores e gestores priorizem recursos e interven\u00e7\u00f5es onde eles ter\u00e3o maior impacto. Estudar a jornada do aluno evas\u00e3o transformou a forma como institui\u00e7\u00f5es abordam a reten\u00e7\u00e3o estudantil.<\/p>\n\n\n\n<h3 class=\"wp-block-heading\"><span class=\"ez-toc-section\" id=\"1_Primeiras_Semanas_O_Periodo_de_Integracao\"><\/span>1. Primeiras Semanas: O Per\u00edodo de Integra\u00e7\u00e3o<span class=\"ez-toc-section-end\"><\/span><\/h3>\n\n\n\n<p><strong>Janela temporal:<\/strong>&nbsp;Primeiros 30 a 90 dias de curso<br><strong>Percentual de evas\u00e3o total:<\/strong>&nbsp;40% a 45%<\/p>\n\n\n\n<p>Este \u00e9 o momento mais cr\u00edtico de toda a jornada do aluno. Quase metade de todas as evas\u00f5es ocorre nos primeiros tr\u00eas meses, quando o estudante enfrenta o choque entre expectativas e realidade do ensino superior. Para entender melhor este per\u00edodo, veja nosso guia sobre&nbsp;<a href=\"https:\/\/elabi.com.br\/br\/blog\/evasao-primeiro-semestre-estrategias-prevencao\/\">como as primeiras semanas impactam a reten\u00e7\u00e3o estudantil<\/a>.<\/p>\n\n\n\n<p>As causas mais comuns neste per\u00edodo incluem dificuldade de integra\u00e7\u00e3o social, percep\u00e7\u00e3o de que &#8220;escolheu o curso errado&#8221;, problemas financeiros n\u00e3o mapeados no processo seletivo e choque com o n\u00edvel de exig\u00eancia acad\u00eamica.<\/p>\n\n\n\n<p><strong>Principais sinais de risco:<\/strong><\/p>\n\n\n\n<ul class=\"wp-block-list\">\n<li>Frequ\u00eancia inferior a 70% nas primeiras tr\u00eas semanas<\/li>\n\n\n\n<li>N\u00e3o participa\u00e7\u00e3o em atividades de integra\u00e7\u00e3o e boas-vindas<\/li>\n\n\n\n<li>Acesso irregular ou nulo \u00e0 plataforma digital (AVA)<\/li>\n\n\n\n<li>Aus\u00eancias consecutivas em aulas pr\u00e1ticas ou laborat\u00f3rios<\/li>\n\n\n\n<li>Baixo desempenho nas primeiras avalia\u00e7\u00f5es<\/li>\n<\/ul>\n\n\n\n<p>Para uma an\u00e1lise mais profunda sobre como identificar esses sinais precocemente, confira nosso artigo sobre&nbsp;<a href=\"https:\/\/elabi.com.br\/br\/blog\/identificar-evasao-sinais-alunos-risco\/\">indicadores de risco de evas\u00e3o estudantil<\/a>.<\/p>\n\n\n\n<p>Uma faculdade privada em S\u00e3o Paulo identificou que alunos que faltavam duas vezes ou mais na primeira quinzena tinham 67% mais chance de evadir at\u00e9 o terceiro m\u00eas. Com esse dado, a institui\u00e7\u00e3o implementou um sistema de alerta autom\u00e1tico que acionava a coordena\u00e7\u00e3o sempre que um calouro registrava a segunda falta \u2013 reduzindo a evas\u00e3o precoce em 23%.<\/p>\n\n\n\n<h3 class=\"wp-block-heading\"><span class=\"ez-toc-section\" id=\"2_Final_do_Primeiro_Semestre_Reavaliacao_de_Escolha\"><\/span>2. Final do Primeiro Semestre: Reavalia\u00e7\u00e3o de Escolha<span class=\"ez-toc-section-end\"><\/span><\/h3>\n\n\n\n<p><strong>Janela temporal:<\/strong>&nbsp;4\u00ba ao 6\u00ba m\u00eas do curso<br><strong>Percentual de evas\u00e3o total:<\/strong>&nbsp;20% a 25%<\/p>\n\n\n\n<p>Ap\u00f3s superar o per\u00edodo inicial de integra\u00e7\u00e3o, muitos estudantes chegam ao final do primeiro semestre em um momento de reavalia\u00e7\u00e3o cr\u00edtica. \u00c9 quando enfrentam as primeiras reprova\u00e7\u00f5es, percebem desalinhamento vocacional ou questionam se realmente querem seguir aquela carreira. Esta \u00e9 uma das etapas mais sens\u00edveis da jornada do aluno evas\u00e3o.<\/p>\n\n\n\n<p>Nesta etapa, a evas\u00e3o tem motiva\u00e7\u00e3o mais vocacional que financeira. O estudante est\u00e1 avaliando se quer realmente continuar naquele curso ou se deve buscar outra gradua\u00e7\u00e3o.<\/p>\n\n\n\n<p><strong>Principais sinais de risco:<\/strong><\/p>\n\n\n\n<ul class=\"wp-block-list\">\n<li>Queda abrupta de notas em compara\u00e7\u00e3o com o in\u00edcio<\/li>\n\n\n\n<li>Primeira reprova\u00e7\u00e3o em disciplina fundamental<\/li>\n\n\n\n<li>Baixo engajamento com conte\u00fados espec\u00edficos da \u00e1rea<\/li>\n\n\n\n<li>Busca ativa por informa\u00e7\u00f5es sobre transfer\u00eancia interna ou trancamento<\/li>\n\n\n\n<li>Redu\u00e7\u00e3o de participa\u00e7\u00e3o em atividades extracurriculares<\/li>\n<\/ul>\n\n\n\n<h3 class=\"wp-block-heading\"><span class=\"ez-toc-section\" id=\"3_Meio_do_Curso_Desmotivacao_e_Fadiga_Academica\"><\/span>3. Meio do Curso: Desmotiva\u00e7\u00e3o e Fadiga Acad\u00eamica<span class=\"ez-toc-section-end\"><\/span><\/h3>\n\n\n\n<p><strong>Janela temporal:<\/strong>&nbsp;3\u00ba ao 5\u00ba semestre (em cursos de 4 anos)<br><strong>Percentual de evas\u00e3o total:<\/strong>&nbsp;15% a 20%<\/p>\n\n\n\n<p>O meio do curso representa o famoso &#8220;vale da desmotiva\u00e7\u00e3o&#8221;. O entusiasmo inicial j\u00e1 passou, a formatura ainda parece distante e a carga hor\u00e1ria atinge seu pico. Muitos estudantes j\u00e1 est\u00e3o trabalhando e enfrentam dificuldade em conciliar emprego, est\u00e1gio obrigat\u00f3rio e estudos.<\/p>\n\n\n\n<p>Este ponto cr\u00edtico da jornada do aluno \u00e9 caracterizado por cansa\u00e7o acumulado, perda de prop\u00f3sito e sobrecarga pr\u00e1tica. \u00c9 quando o estudante questiona &#8220;por que estou fazendo isso?&#8221; sem encontrar respostas motivadoras.<\/p>\n\n\n\n<p><strong>Principais sinais de risco:<\/strong><\/p>\n\n\n\n<ul class=\"wp-block-list\">\n<li>Aumento de trancamentos de disciplinas isoladas<\/li>\n\n\n\n<li>Padr\u00e3o recorrente de &#8220;aprovar no limite&#8221; (notas 6,0 a 7,0)<\/li>\n\n\n\n<li>Redu\u00e7\u00e3o deliberada da carga hor\u00e1ria semestral<\/li>\n\n\n\n<li>Atrasos sistem\u00e1ticos em entregas de trabalhos<\/li>\n\n\n\n<li>Coment\u00e1rios sobre &#8220;cansa\u00e7o&#8221; ou &#8220;falta de sentido&#8221;<\/li>\n<\/ul>\n\n\n\n<h3 class=\"wp-block-heading\"><span class=\"ez-toc-section\" id=\"4_Periodo_de_Estagio_e_TCC_Sobrecarga_Pratica\"><\/span>4. Per\u00edodo de Est\u00e1gio e TCC: Sobrecarga Pr\u00e1tica<span class=\"ez-toc-section-end\"><\/span><\/h3>\n\n\n\n<p><strong>Janela temporal:<\/strong>&nbsp;Pen\u00faltimos dois semestres<br><strong>Percentual de evas\u00e3o total:<\/strong>&nbsp;10% a 15%<\/p>\n\n\n\n<p>Quando o estudante chega aos \u00faltimos anos, surge um novo desafio: conciliar est\u00e1gio obrigat\u00f3rio, trabalho remunerado (quando h\u00e1), orienta\u00e7\u00e3o de TCC e disciplinas finais. Esta etapa da jornada do aluno gera evas\u00e3o n\u00e3o por falta de interesse, mas por incompatibilidade operacional.<\/p>\n\n\n\n<p>Muitos estudantes chegam at\u00e9 aqui exaustos de anos conciliando trabalho e estudo. A necessidade de fazer est\u00e1gio em hor\u00e1rios espec\u00edficos ou a dificuldade em desenvolver o TCC se tornam &#8220;a gota d&#8217;\u00e1gua&#8221; que leva ao abandono \u2013 muitas vezes tempor\u00e1rio, com inten\u00e7\u00e3o de &#8220;voltar depois&#8221;.<\/p>\n\n\n\n<p><strong>Principais sinais de risco:<\/strong><\/p>\n\n\n\n<ul class=\"wp-block-list\">\n<li>Solicita\u00e7\u00f5es repetidas de prorroga\u00e7\u00e3o de TCC<\/li>\n\n\n\n<li>Absente\u00edsmo em orienta\u00e7\u00f5es agendadas<\/li>\n\n\n\n<li>Matr\u00edcula em carga hor\u00e1ria m\u00ednima (mantendo v\u00ednculo formal sem progress\u00e3o)<\/li>\n\n\n\n<li>Relatos de incompatibilidade de hor\u00e1rios entre trabalho e est\u00e1gio<\/li>\n\n\n\n<li>Aumento de solicita\u00e7\u00f5es de trancamento tempor\u00e1rio<\/li>\n<\/ul>\n\n\n\n<h3 class=\"wp-block-heading\"><span class=\"ez-toc-section\" id=\"5_Eventos_Disruptivos_Crises_Pontuais_em_Qualquer_Momento\"><\/span>5. Eventos Disruptivos: Crises Pontuais em Qualquer Momento<span class=\"ez-toc-section-end\"><\/span><\/h3>\n\n\n\n<p><strong>Janela temporal:<\/strong>&nbsp;Qualquer per\u00edodo, mas especialmente cr\u00edtico nos primeiros dois anos<br><strong>Percentual de evas\u00e3o total:<\/strong>&nbsp;Vari\u00e1vel, dependendo do contexto socioecon\u00f4mico<\/p>\n\n\n\n<p>Este ponto cr\u00edtico \u00e9 diferente dos anteriores porque n\u00e3o segue uma programa\u00e7\u00e3o previs\u00edvel. Eventos disruptivos \u2013 perda de emprego, quest\u00f5es de sa\u00fade, problemas familiares graves, inadimpl\u00eancia s\u00fabita \u2013 podem acontecer a qualquer momento e derrubar estudantes que estavam aparentemente est\u00e1veis.<\/p>\n\n\n\n<p>O desafio aqui \u00e9 identificar mudan\u00e7as s\u00fabitas de padr\u00e3o comportamental que indicam que algo cr\u00edtico est\u00e1 acontecendo na vida do aluno.<\/p>\n\n\n\n<p><strong>Principais sinais de risco:<\/strong><\/p>\n\n\n\n<ul class=\"wp-block-list\">\n<li>Mudan\u00e7a abrupta e inexplic\u00e1vel de padr\u00e3o de comportamento<\/li>\n\n\n\n<li>Contatos frequentes com secretaria sobre quest\u00f5es financeiras<\/li>\n\n\n\n<li>Aus\u00eancias n\u00e3o justificadas ap\u00f3s per\u00edodo de regularidade<\/li>\n\n\n\n<li>Solicita\u00e7\u00f5es urgentes de pausa, trancamento ou renegocia\u00e7\u00e3o<\/li>\n\n\n\n<li>Redu\u00e7\u00e3o dr\u00e1stica de desempenho sem causa acad\u00eamica aparente<\/li>\n<\/ul>\n\n\n\n<h3 class=\"wp-block-heading\"><span class=\"ez-toc-section\" id=\"Resumo_dos_5_Pontos_Criticos\"><\/span>Resumo dos 5 Pontos Cr\u00edticos<span class=\"ez-toc-section-end\"><\/span><\/h3>\n\n\n\n<figure class=\"wp-block-table\"><table class=\"has-fixed-layout\"><thead><tr><th>Ponto Cr\u00edtico<\/th><th>Janela Temporal<\/th><th>% Evas\u00e3o Total<\/th><th>Principal Causa<\/th><th>Sinal de Alerta Chave<\/th><\/tr><\/thead><tbody><tr><td>Integra\u00e7\u00e3o Inicial<\/td><td>1-3 meses<\/td><td>40-45%<\/td><td>Choque de expectativas<\/td><td>Frequ\u00eancia &lt;70% nas 3 primeiras semanas<\/td><\/tr><tr><td>Reavalia\u00e7\u00e3o<\/td><td>4-6 meses<\/td><td>20-25%<\/td><td>Desalinhamento vocacional<\/td><td>Primeira reprova\u00e7\u00e3o<\/td><\/tr><tr><td>Fadiga Intermedi\u00e1ria<\/td><td>3\u00ba-5\u00ba semestre<\/td><td>15-20%<\/td><td>Desmotiva\u00e7\u00e3o e sobrecarga<\/td><td>Redu\u00e7\u00e3o de carga hor\u00e1ria<\/td><\/tr><tr><td>Est\u00e1gio\/TCC<\/td><td>Pen\u00faltimos 2 semestres<\/td><td>10-15%<\/td><td>Incompatibilidade pr\u00e1tica<\/td><td>Absente\u00edsmo em orienta\u00e7\u00f5es<\/td><\/tr><tr><td>Eventos Disruptivos<\/td><td>Qualquer momento<\/td><td>Vari\u00e1vel<\/td><td>Crise pontual<\/td><td>Mudan\u00e7a s\u00fabita de padr\u00e3o<\/td><\/tr><\/tbody><\/table><\/figure>\n\n\n\n<blockquote class=\"wp-block-quote is-layout-flow wp-block-quote-is-layout-flow\">\n<p><strong>Dado cr\u00edtico:<\/strong>&nbsp;Juntos, esses cinco pontos cr\u00edticos concentram mais de 85% de todas as evas\u00f5es em institui\u00e7\u00f5es de ensino superior. Mapear e monitorar esses momentos na jornada do aluno permite que gestores priorizem interven\u00e7\u00f5es onde o impacto ser\u00e1 maior.<\/p>\n<\/blockquote>\n\n\n\n<h2 class=\"wp-block-heading\"><span class=\"ez-toc-section\" id=\"Como_Identificar_Sinais_de_Risco_em_Cada_Etapa_da_Jornada\"><\/span>Como Identificar Sinais de Risco em Cada Etapa da Jornada<span class=\"ez-toc-section-end\"><\/span><\/h2>\n\n\n\n<p>Conhecer os pontos cr\u00edticos \u00e9 apenas o primeiro passo. O desafio seguinte \u00e9 identificar quais estudantes est\u00e3o entrando em zona de risco em cada etapa da jornada do aluno evas\u00e3o \u2013 e fazer isso com anteced\u00eancia suficiente para intervir. Monitorar a jornada do aluno permite interven\u00e7\u00f5es cir\u00fargicas e efetivas.<\/p>\n\n\n\n<p>A identifica\u00e7\u00e3o eficaz combina indicadores quantitativos (m\u00e9tricas objetivas) com sinais qualitativos (mudan\u00e7as comportamentais). Mais importante ainda: um sinal isolado raramente indica risco real. O verdadeiro alerta acontece quando m\u00faltiplos indicadores se acumulam simultaneamente.<\/p>\n\n\n\n<h3 class=\"wp-block-heading\"><span class=\"ez-toc-section\" id=\"Categorias_de_Indicadores\"><\/span>Categorias de Indicadores<span class=\"ez-toc-section-end\"><\/span><\/h3>\n\n\n\n<p><strong>Indicadores Acad\u00eamicos:<\/strong><\/p>\n\n\n\n<ul class=\"wp-block-list\">\n<li>Frequ\u00eancia \u00e0s aulas (presencial e online)<\/li>\n\n\n\n<li>Notas e aproveitamento em avalia\u00e7\u00f5es<\/li>\n\n\n\n<li>Taxa de reprova\u00e7\u00e3o em disciplinas<\/li>\n\n\n\n<li>Progress\u00e3o no cumprimento de cr\u00e9ditos<\/li>\n\n\n\n<li>Participa\u00e7\u00e3o em atividades avaliativas<\/li>\n<\/ul>\n\n\n\n<p><strong>Indicadores Comportamentais:<\/strong><\/p>\n\n\n\n<ul class=\"wp-block-list\">\n<li>Acesso ao Ambiente Virtual de Aprendizagem (AVA)<\/li>\n\n\n\n<li>Participa\u00e7\u00e3o em f\u00f3runs, atividades colaborativas<\/li>\n\n\n\n<li>Pontualidade em entregas de trabalhos<\/li>\n\n\n\n<li>Engajamento com materiais complementares<\/li>\n\n\n\n<li>Intera\u00e7\u00e3o com professores e tutores<\/li>\n<\/ul>\n\n\n\n<p><strong>Indicadores Financeiros:<\/strong><\/p>\n\n\n\n<ul class=\"wp-block-list\">\n<li>Status de inadimpl\u00eancia<\/li>\n\n\n\n<li>Hist\u00f3rico de atrasos em pagamentos<\/li>\n\n\n\n<li>Solicita\u00e7\u00f5es de renegocia\u00e7\u00e3o de d\u00edvidas<\/li>\n\n\n\n<li>Uso de bolsas e financiamentos<\/li>\n\n\n\n<li>Mudan\u00e7as no padr\u00e3o de pagamento<\/li>\n<\/ul>\n\n\n\n<p><strong>Indicadores Sociais:<\/strong><\/p>\n\n\n\n<ul class=\"wp-block-list\">\n<li>Participa\u00e7\u00e3o em eventos institucionais<\/li>\n\n\n\n<li>Integra\u00e7\u00e3o com a turma e colegas<\/li>\n\n\n\n<li>Uso de servi\u00e7os de apoio (biblioteca, tutoria, atendimento psicol\u00f3gico)<\/li>\n\n\n\n<li>Presen\u00e7a em atividades extracurriculares<\/li>\n\n\n\n<li>Intera\u00e7\u00e3o em canais oficiais da institui\u00e7\u00e3o<\/li>\n<\/ul>\n\n\n\n<h3 class=\"wp-block-heading\"><span class=\"ez-toc-section\" id=\"O_Poder_da_Combinacao_de_Sinais\"><\/span>O Poder da Combina\u00e7\u00e3o de Sinais<span class=\"ez-toc-section-end\"><\/span><\/h3>\n\n\n\n<p>Um estudante com nota 6,0 em uma disciplina n\u00e3o \u00e9 necessariamente um caso de risco. Mas um estudante com nota 6,0 + frequ\u00eancia de 65% + zero acessos ao AVA nas \u00faltimas duas semanas + primeira mensalidade atrasada tem 85% de probabilidade de evadir nos pr\u00f3ximos 60 dias.<\/p>\n\n\n\n<blockquote class=\"wp-block-quote is-layout-flow wp-block-quote-is-layout-flow\">\n<p><strong>Regra pr\u00e1tica:<\/strong>&nbsp;Um sinal isolado \u00e9 um ponto de aten\u00e7\u00e3o. Dois sinais simult\u00e2neos s\u00e3o um alerta. Tr\u00eas ou mais sinais combinados representam risco cr\u00edtico e exigem interven\u00e7\u00e3o imediata.<\/p>\n<\/blockquote>\n\n\n\n<h3 class=\"wp-block-heading\"><span class=\"ez-toc-section\" id=\"Sistema_de_Scoring_Simplificado\"><\/span>Sistema de Scoring Simplificado<span class=\"ez-toc-section-end\"><\/span><\/h3>\n\n\n\n<p>Institui\u00e7\u00f5es podem implementar um sistema b\u00e1sico de pontua\u00e7\u00e3o de risco sem necessidade de tecnologia avan\u00e7ada:<\/p>\n\n\n\n<figure class=\"wp-block-table\"><table class=\"has-fixed-layout\"><thead><tr><th>Indicador<\/th><th>Pontos de Risco<\/th><\/tr><\/thead><tbody><tr><td>Frequ\u00eancia &lt;70%<\/td><td>+3 pontos<\/td><\/tr><tr><td>Nota &lt;6,0 em disciplina<\/td><td>+2 pontos<\/td><\/tr><tr><td>Zero acessos ao AVA em 7 dias<\/td><td>+2 pontos<\/td><\/tr><tr><td>Inadimpl\u00eancia iniciada<\/td><td>+3 pontos<\/td><\/tr><tr><td>Primeira reprova\u00e7\u00e3o<\/td><td>+2 pontos<\/td><\/tr><tr><td>N\u00e3o participa\u00e7\u00e3o em atividades de integra\u00e7\u00e3o<\/td><td>+1 ponto<\/td><\/tr><tr><td>Solicita\u00e7\u00e3o de trancamento<\/td><td>+4 pontos<\/td><\/tr><\/tbody><\/table><\/figure>\n\n\n\n<p><strong>Interpreta\u00e7\u00e3o:<\/strong><\/p>\n\n\n\n<ul class=\"wp-block-list\">\n<li>0-3 pontos: Baixo risco (monitoramento padr\u00e3o)<\/li>\n\n\n\n<li>4-6 pontos: Risco moderado (aten\u00e7\u00e3o da coordena\u00e7\u00e3o)<\/li>\n\n\n\n<li>7-9 pontos: Alto risco (interven\u00e7\u00e3o priorit\u00e1ria)<\/li>\n\n\n\n<li>10+ pontos: Risco cr\u00edtico (a\u00e7\u00e3o imediata)<\/li>\n<\/ul>\n\n\n\n<p>Este scoring deve ser ajustado conforme o perfil da institui\u00e7\u00e3o e o momento da jornada do aluno. Um aluno no primeiro semestre com 7 pontos demanda resposta mais urgente que um veterano com a mesma pontua\u00e7\u00e3o.<\/p>\n\n\n\n<h2 class=\"wp-block-heading\"><span class=\"ez-toc-section\" id=\"Estrategias_de_Intervencao_para_Cada_Ponto_Critico\"><\/span>Estrat\u00e9gias de Interven\u00e7\u00e3o para Cada Ponto Cr\u00edtico<span class=\"ez-toc-section-end\"><\/span><\/h2>\n\n\n\n<p>Identificar o risco \u00e9 fundamental, mas a efetividade real est\u00e1 em intervir da maneira certa, no momento certo. Cada ponto cr\u00edtico da jornada do aluno demanda estrat\u00e9gias espec\u00edficas porque as causas de evas\u00e3o s\u00e3o diferentes em cada etapa.<\/p>\n\n\n\n<h3 class=\"wp-block-heading\"><span class=\"ez-toc-section\" id=\"Intervencoes_para_as_Primeiras_Semanas_da_Jornada_do_Aluno\"><\/span>Interven\u00e7\u00f5es para as Primeiras Semanas da Jornada do Aluno<span class=\"ez-toc-section-end\"><\/span><\/h3>\n\n\n\n<p>O foco aqui deve ser integra\u00e7\u00e3o acelerada e suporte intensivo. Este \u00e9 o momento de maior retorno sobre investimento em reten\u00e7\u00e3o \u2013 cada real investido nas primeiras semanas previne perdas muito maiores adiante.<\/p>\n\n\n\n<p><strong>Estrat\u00e9gias comprovadas:<\/strong><\/p>\n\n\n\n<ul class=\"wp-block-list\">\n<li><strong>Programa de mentoria intensiva:<\/strong>&nbsp;Atribuir um mentor (aluno veterano ou professor) para cada calouro durante os primeiros 60 dias, com encontros semanais obrigat\u00f3rios<\/li>\n\n\n\n<li><strong>Check-ins proativos da coordena\u00e7\u00e3o:<\/strong>&nbsp;Coordenador ou secretaria fazem contato direto com todos os alunos na segunda e na quinta semana, perguntando &#8220;como est\u00e1 sendo a adapta\u00e7\u00e3o?&#8221;<\/li>\n\n\n\n<li><strong>Grupos de integra\u00e7\u00e3o por turma:<\/strong>&nbsp;Atividades n\u00e3o-acad\u00eamicas (jogos, eventos sociais, visitas t\u00e9cnicas) nas primeiras semanas para criar v\u00ednculos<\/li>\n\n\n\n<li><strong>Comunica\u00e7\u00e3o pr\u00e9via realista:<\/strong>&nbsp;Antes do in\u00edcio das aulas, enviar materiais que alinhem expectativas sobre carga de estudo, n\u00edvel de dificuldade e rotina real do curso<\/li>\n<\/ul>\n\n\n\n<p>Um instituto federal em Minas Gerais implementou um &#8220;kit de sobreviv\u00eancia do calouro&#8221; com cronograma realista, v\u00eddeos de veteranos compartilhando experi\u00eancias e acesso antecipado ao AVA. A evas\u00e3o nos primeiros 90 dias caiu 31%.<\/p>\n\n\n\n<h3 class=\"wp-block-heading\"><span class=\"ez-toc-section\" id=\"Intervencoes_para_Reavaliacao_4-6_meses\"><\/span>Interven\u00e7\u00f5es para Reavalia\u00e7\u00e3o (4-6 meses)<span class=\"ez-toc-section-end\"><\/span><\/h3>\n\n\n\n<p>Nesta etapa da jornada do aluno, o estudante est\u00e1 questionando a escolha do curso. As interven\u00e7\u00f5es devem focar em refor\u00e7o vocacional e suporte psicopedag\u00f3gico.<\/p>\n\n\n\n<p><strong>Estrat\u00e9gias comprovadas:<\/strong><\/p>\n\n\n\n<ul class=\"wp-block-list\">\n<li><strong>Atendimento psicopedag\u00f3gico estruturado:<\/strong>&nbsp;Disponibilizar aconselhamento para alunos que reprovaram ou demonstram desalinhamento vocacional<\/li>\n\n\n\n<li><strong>Orienta\u00e7\u00e3o vocacional refor\u00e7ada:<\/strong>&nbsp;Sess\u00f5es com profissionais da \u00e1rea mostrando aplica\u00e7\u00f5es pr\u00e1ticas do curso e possibilidades de carreira<\/li>\n\n\n\n<li><strong>Flexibiliza\u00e7\u00e3o de disciplinas optativas:<\/strong>&nbsp;Permitir que o aluno curse optativas de outras \u00e1reas para explorar interesses antes de decidir mudar de curso<\/li>\n\n\n\n<li><strong>Conversas sobre transfer\u00eancias internas:<\/strong>&nbsp;Facilitar o processo de migra\u00e7\u00e3o entre cursos relacionados, quando adequado, em vez de perder o aluno completamente<\/li>\n<\/ul>\n\n\n\n<h3 class=\"wp-block-heading\"><span class=\"ez-toc-section\" id=\"Intervencoes_para_Meio_do_Curso\"><\/span>Interven\u00e7\u00f5es para Meio do Curso<span class=\"ez-toc-section-end\"><\/span><\/h3>\n\n\n\n<p>O &#8220;vale da desmotiva\u00e7\u00e3o&#8221; exige recuperar o sentido e o prop\u00f3sito. As interven\u00e7\u00f5es devem reconectar o estudante com sua motiva\u00e7\u00e3o original.<\/p>\n\n\n\n<p><strong>Estrat\u00e9gias comprovadas:<\/strong><\/p>\n\n\n\n<ul class=\"wp-block-list\">\n<li><strong>Workshops de gest\u00e3o de tempo:<\/strong>&nbsp;Ensinar t\u00e9cnicas pr\u00e1ticas de organiza\u00e7\u00e3o para quem trabalha e estuda<\/li>\n\n\n\n<li><strong>Revis\u00e3o de carga hor\u00e1ria obrigat\u00f3ria:<\/strong>&nbsp;Avaliar se \u00e9 poss\u00edvel redistribuir disciplinas para aliviar semestres cr\u00edticos<\/li>\n\n\n\n<li><strong>Eventos motivacionais com alumni:<\/strong>&nbsp;Trazer ex-alunos que passaram pelas mesmas dificuldades e hoje t\u00eam carreiras bem-sucedidas<\/li>\n\n\n\n<li><strong>Projetos pr\u00e1ticos conectados ao mercado:<\/strong>&nbsp;Atividades que mostram aplica\u00e7\u00e3o real do conhecimento e refor\u00e7am o &#8220;para qu\u00ea&#8221; do curso<\/li>\n<\/ul>\n\n\n\n<h3 class=\"wp-block-heading\"><span class=\"ez-toc-section\" id=\"Intervencoes_para_Periodo_de_EstagioTCC\"><\/span>Interven\u00e7\u00f5es para Per\u00edodo de Est\u00e1gio\/TCC<span class=\"ez-toc-section-end\"><\/span><\/h3>\n\n\n\n<p>Aqui o problema \u00e9 sobrecarga operacional e cansa\u00e7o acumulado. As interven\u00e7\u00f5es devem oferecer flexibilidade e apoio estruturado.<\/p>\n\n\n\n<p><strong>Estrat\u00e9gias comprovadas:<\/strong><\/p>\n\n\n\n<ul class=\"wp-block-list\">\n<li><strong>Grupos de apoio para desenvolvimento de TCC:<\/strong>&nbsp;Encontros semanais onde orientandos compartilham desafios e solu\u00e7\u00f5es, criando rede de suporte m\u00fatuo<\/li>\n\n\n\n<li><strong>Flexibiliza\u00e7\u00e3o de hor\u00e1rios de orienta\u00e7\u00e3o:<\/strong>&nbsp;Oferecer atendimentos online, noturnos ou aos s\u00e1bados para quem trabalha<\/li>\n\n\n\n<li><strong>Parcerias com empresas:<\/strong>&nbsp;Conv\u00eanios que facilitem est\u00e1gios em hor\u00e1rios compat\u00edveis com a carga acad\u00eamica<\/li>\n\n\n\n<li><strong>Prorroga\u00e7\u00f5es assistidas:<\/strong>&nbsp;Conceder extens\u00f5es de prazo n\u00e3o automaticamente, mas com plano de trabalho estruturado e acompanhamento<\/li>\n<\/ul>\n\n\n\n<h3 class=\"wp-block-heading\"><span class=\"ez-toc-section\" id=\"Intervencoes_para_Eventos_Disruptivos\"><\/span>Interven\u00e7\u00f5es para Eventos Disruptivos<span class=\"ez-toc-section-end\"><\/span><\/h3>\n\n\n\n<p>Crises pontuais exigem resposta r\u00e1pida e personalizada. A institui\u00e7\u00e3o precisa ter mecanismos emergenciais prontos.<\/p>\n\n\n\n<p><strong>Estrat\u00e9gias comprovadas:<\/strong><\/p>\n\n\n\n<ul class=\"wp-block-list\">\n<li><strong>Fundo emergencial para bolsas:<\/strong>&nbsp;Reserva para concess\u00e3o r\u00e1pida de descontos ou bolsas tempor\u00e1rias em casos de perda s\u00fabita de renda<\/li>\n\n\n\n<li><strong>Trancamentos assistidos com plano de retorno:<\/strong>&nbsp;Em vez de simplesmente permitir o trancamento, construir junto com o aluno um plano concreto de quando e como ele voltar\u00e1<\/li>\n\n\n\n<li><strong>Rede de apoio institucional:<\/strong>&nbsp;Psic\u00f3logo, assistente social e coordena\u00e7\u00e3o pedag\u00f3gica trabalhando juntos em casos cr\u00edticos<\/li>\n\n\n\n<li><strong>Flexibiliza\u00e7\u00e3o pontual de prazos:<\/strong>&nbsp;Permitir reorganiza\u00e7\u00e3o tempor\u00e1ria de cronogramas para alunos em situa\u00e7\u00f5es comprovadamente emergenciais<\/li>\n<\/ul>\n\n\n\n<h3 class=\"wp-block-heading\"><span class=\"ez-toc-section\" id=\"Resumo_de_Estrategias_por_Momento\"><\/span>Resumo de Estrat\u00e9gias por Momento<span class=\"ez-toc-section-end\"><\/span><\/h3>\n\n\n\n<figure class=\"wp-block-table\"><table class=\"has-fixed-layout\"><thead><tr><th>Momento<\/th><th>Interven\u00e7\u00e3o de Maior Impacto<\/th><th>Tempo de Implementa\u00e7\u00e3o<\/th><th>ROI Estimado<\/th><\/tr><\/thead><tbody><tr><td>Primeiras semanas<\/td><td>Tutoria\/mentoria intensiva<\/td><td>Imediato<\/td><td>Alto (previne 40%+ das evas\u00f5es)<\/td><\/tr><tr><td>Reavalia\u00e7\u00e3o<\/td><td>Atendimento psicopedag\u00f3gico<\/td><td>2-4 semanas<\/td><td>M\u00e9dio-Alto<\/td><\/tr><tr><td>Meio do curso<\/td><td>Projetos pr\u00e1ticos + eventos motivacionais<\/td><td>1 semestre<\/td><td>M\u00e9dio<\/td><\/tr><tr><td>Est\u00e1gio\/TCC<\/td><td>Grupos de apoio e flexibiliza\u00e7\u00e3o<\/td><td>Imediato<\/td><td>M\u00e9dio<\/td><\/tr><tr><td>Eventos disruptivos<\/td><td>Fundo emergencial + trancamento assistido<\/td><td>Depende de recursos<\/td><td>Alto para casos espec\u00edficos<\/td><\/tr><\/tbody><\/table><\/figure>\n\n\n\n<h2 class=\"wp-block-heading\"><span class=\"ez-toc-section\" id=\"Como_a_Tecnologia_Pode_Automatizar_o_Mapeamento_da_Jornada_do_Aluno_Evasao\"><\/span>Como a Tecnologia Pode Automatizar o Mapeamento da Jornada do Aluno Evas\u00e3o<span class=\"ez-toc-section-end\"><\/span><\/h2>\n\n\n\n<p>Mapear manualmente a jornada do aluno e identificar sinais de risco em dezenas ou centenas de estudantes \u00e9 invi\u00e1vel para a maioria das institui\u00e7\u00f5es. O processo consome tempo, est\u00e1 sujeito a vi\u00e9s humano e frequentemente identifica o risco tarde demais. Por isso, automatizar o mapeamento da jornada do aluno evas\u00e3o se tornou prioridade estrat\u00e9gica para IES que buscam resultados consistentes.<\/p>\n\n\n\n<p>A intelig\u00eancia artificial e an\u00e1lise preditiva transformam esse cen\u00e1rio ao monitorar continuamente m\u00faltiplas vari\u00e1veis de todos os estudantes simultaneamente, identificando padr\u00f5es que seriam invis\u00edveis ao olho humano.<\/p>\n\n\n\n<h3 class=\"wp-block-heading\"><span class=\"ez-toc-section\" id=\"Limitacoes_do_Mapeamento_Manual\"><\/span>Limita\u00e7\u00f5es do Mapeamento Manual<span class=\"ez-toc-section-end\"><\/span><\/h3>\n\n\n\n<p><strong>Falta de escala:<\/strong>&nbsp;Um coordenador n\u00e3o consegue acompanhar individualmente 300 alunos observando dezenas de indicadores por estudante<\/p>\n\n\n\n<p><strong>Vi\u00e9s de confirma\u00e7\u00e3o:<\/strong>&nbsp;Tend\u00eancia a focar nos alunos que j\u00e1 demonstram problemas \u00f3bvios, perdendo casos silenciosos de alto risco<\/p>\n\n\n\n<p><strong>Rea\u00e7\u00e3o tardia:<\/strong>&nbsp;Quando o problema se torna vis\u00edvel a ponto de chamar aten\u00e7\u00e3o humana, frequentemente o estudante j\u00e1 decidiu evadir<\/p>\n\n\n\n<p><strong>Inconsist\u00eancia:<\/strong>&nbsp;Diferentes coordenadores aplicam crit\u00e9rios diferentes, sem padroniza\u00e7\u00e3o institucional<\/p>\n\n\n\n<h3 class=\"wp-block-heading\"><span class=\"ez-toc-section\" id=\"O_Papel_da_Inteligencia_Artificial_na_Previsao_de_Risco\"><\/span>O Papel da Intelig\u00eancia Artificial na Previs\u00e3o de Risco<span class=\"ez-toc-section-end\"><\/span><\/h3>\n\n\n\n<p>Sistemas de IA analisam a jornada do aluno em tempo real, processando:<\/p>\n\n\n\n<ul class=\"wp-block-list\">\n<li>Dados acad\u00eamicos de m\u00faltiplos semestres<\/li>\n\n\n\n<li>Padr\u00f5es comportamentais no AVA<\/li>\n\n\n\n<li>Hist\u00f3rico financeiro e de pagamentos<\/li>\n\n\n\n<li>Compara\u00e7\u00f5es com coortes similares (alunos de perfil parecido)<\/li>\n\n\n\n<li>Eventos sazonais (in\u00edcio de semestre, per\u00edodos de prova, recessos)<\/li>\n<\/ul>\n\n\n\n<p>O algoritmo identifica quando um estudante espec\u00edfico come\u00e7a a apresentar combina\u00e7\u00e3o de sinais que, historicamente, precedem a evas\u00e3o em 30 a 60 dias. Isso cria a janela de oportunidade para interven\u00e7\u00e3o preventiva. Saiba mais sobre&nbsp;<a href=\"https:\/\/elabi.com.br\/br\/\">como a IA preditiva antecipa a evas\u00e3o com semanas de anteced\u00eancia<\/a>.<\/p>\n\n\n\n<h3 class=\"wp-block-heading\"><span class=\"ez-toc-section\" id=\"Automacao_de_Alertas_por_Etapa_da_Jornada\"><\/span>Automa\u00e7\u00e3o de Alertas por Etapa da Jornada<span class=\"ez-toc-section-end\"><\/span><\/h3>\n\n\n\n<p>Plataformas de reten\u00e7\u00e3o estudantil modernas permitem configurar alertas autom\u00e1ticos espec\u00edficos para cada ponto cr\u00edtico:<\/p>\n\n\n\n<p><strong>Primeiras semanas:<\/strong>&nbsp;Alerta se frequ\u00eancia cai abaixo de 70% antes da terceira semana<\/p>\n\n\n\n<p><strong>Reavalia\u00e7\u00e3o:<\/strong>&nbsp;Notifica\u00e7\u00e3o autom\u00e1tica quando aluno reprova primeira disciplina fundamental<\/p>\n\n\n\n<p><strong>Meio do curso:<\/strong>&nbsp;Sinal quando aluno reduz carga hor\u00e1ria por dois semestres consecutivos<\/p>\n\n\n\n<p><strong>Est\u00e1gio\/TCC:<\/strong>&nbsp;Alerta se orientando falta a duas orienta\u00e7\u00f5es seguidas<\/p>\n\n\n\n<p><strong>Eventos disruptivos:<\/strong>&nbsp;Detec\u00e7\u00e3o de mudan\u00e7a s\u00fabita em m\u00faltiplos indicadores simultaneamente<\/p>\n\n\n\n<p>Esses alertas chegam diretamente para coordenadores e tutores, priorizados por n\u00edvel de risco, permitindo que o time de reten\u00e7\u00e3o foque energia onde o impacto ser\u00e1 maior.<\/p>\n\n\n\n<h3 class=\"wp-block-heading\"><span class=\"ez-toc-section\" id=\"Beneficios_Mensuraveis_da_Abordagem_Tecnologica\"><\/span>Benef\u00edcios Mensur\u00e1veis da Abordagem Tecnol\u00f3gica<span class=\"ez-toc-section-end\"><\/span><\/h3>\n\n\n\n<p><strong>An\u00e1lise em tempo real:<\/strong>&nbsp;Monitoramento cont\u00ednuo de todos os estudantes, 24\/7, sem necessidade de interven\u00e7\u00e3o manual<\/p>\n\n\n\n<p><strong>Predi\u00e7\u00e3o antecipada:<\/strong>&nbsp;Identifica\u00e7\u00e3o de risco com 30 a 60 dias de anteced\u00eancia, criando janela para interven\u00e7\u00f5es preventivas<\/p>\n\n\n\n<p><strong>Personaliza\u00e7\u00e3o:<\/strong>&nbsp;Sugest\u00f5es autom\u00e1ticas de qual interven\u00e7\u00e3o \u00e9 mais adequada para cada perfil de estudante e momento da jornada<\/p>\n\n\n\n<p><strong>Dashboards executivos:<\/strong>&nbsp;Vis\u00e3o consolidada por coorte, per\u00edodo, curso e perfil de risco, permitindo decis\u00f5es estrat\u00e9gicas baseadas em dados<\/p>\n\n\n\n<p>Plataformas como a eLabi permitem que coordenadores visualizem em tempo real quais alunos est\u00e3o entrando em janelas de risco em cada ponto cr\u00edtico da jornada do aluno, priorizando interven\u00e7\u00f5es onde o impacto \u00e9 maior e acompanhando a efetividade de cada a\u00e7\u00e3o tomada.<\/p>\n\n\n\n<blockquote class=\"wp-block-quote is-layout-flow wp-block-quote-is-layout-flow\">\n<p><strong>Caso pr\u00e1tico:<\/strong>&nbsp;Uma faculdade privada implementou sistema preditivo e conseguiu reduzir em 27% a evas\u00e3o nos primeiros seis meses ao intervir automaticamente com tutoria sempre que um calouro apresentava combina\u00e7\u00e3o de tr\u00eas ou mais sinais de risco. O retorno financeiro no primeiro ano foi 8x o investimento na tecnologia.<\/p>\n<\/blockquote>\n\n\n\n<h2 class=\"wp-block-heading\"><span class=\"ez-toc-section\" id=\"Comece_a_Mapear_a_Jornada_do_Aluno_Evasao_na_Sua_Instituicao\"><\/span>Comece a Mapear a Jornada do Aluno Evas\u00e3o na Sua Institui\u00e7\u00e3o<span class=\"ez-toc-section-end\"><\/span><\/h2>\n\n\n\n<p>Mapear a jornada do aluno evas\u00e3o e identificar pontos cr\u00edticos n\u00e3o precisa ser um projeto complexo que demora meses para iniciar. Com os dados que a maioria das institui\u00e7\u00f5es j\u00e1 possui, \u00e9 poss\u00edvel come\u00e7ar hoje mesmo.<\/p>\n\n\n\n<h3 class=\"wp-block-heading\"><span class=\"ez-toc-section\" id=\"Tres_Principais_Takeaways\"><\/span>Tr\u00eas Principais Takeaways<span class=\"ez-toc-section-end\"><\/span><\/h3>\n\n\n\n<p><strong>1. A evas\u00e3o \u00e9 previs\u00edvel:<\/strong>&nbsp;Mais de 85% dos casos ocorrem em cinco pontos cr\u00edticos que podem ser mapeados e monitorados. N\u00e3o \u00e9 quest\u00e3o de &#8220;se&#8221; vai acontecer, mas &#8220;quando&#8221; \u2013 e isso permite prepara\u00e7\u00e3o.<\/p>\n\n\n\n<p><strong>2. Cada ponto cr\u00edtico tem sinais espec\u00edficos:<\/strong>&nbsp;Frequ\u00eancia baixa nas primeiras semanas, primeira reprova\u00e7\u00e3o no 4\u00ba-6\u00ba m\u00eas, redu\u00e7\u00e3o de carga hor\u00e1ria no meio do curso \u2013 sinais diferentes exigem aten\u00e7\u00e3o em momentos diferentes da jornada do aluno.<\/p>\n\n\n\n<p><strong>3. Interven\u00e7\u00f5es personalizadas t\u00eam 3x mais efetividade:<\/strong>&nbsp;Uma mesma a\u00e7\u00e3o (como tutoria) tem impacto muito diferente se aplicada no momento certo para o problema certo. Entender em qual ponto da jornada o aluno est\u00e1 \u00e9 essencial.<\/p>\n\n\n\n<h3 class=\"wp-block-heading\"><span class=\"ez-toc-section\" id=\"Seu_Proximo_Passo\"><\/span>Seu Pr\u00f3ximo Passo<span class=\"ez-toc-section-end\"><\/span><\/h3>\n\n\n\n<p>Sua institui\u00e7\u00e3o j\u00e1 mapeou a jornada do aluno evas\u00e3o e identificou os pontos de maior vulnerabilidade? Comece fazendo um diagn\u00f3stico simples:<\/p>\n\n\n\n<p><strong>Cruze seus dados de evas\u00e3o dos \u00faltimos 2 anos por per\u00edodo do curso.<\/strong>&nbsp;Voc\u00ea ver\u00e1 padr\u00f5es surgindo rapidamente: picos nos primeiros 90 dias, aumento no final do primeiro ano, concentra\u00e7\u00e3o em per\u00edodos espec\u00edficos.<\/p>\n\n\n\n<p><strong>Identifique seus 3 momentos de maior perda<\/strong>&nbsp;e, para cada um, liste os 5 principais sinais de alerta que voc\u00ea consegue rastrear hoje \u2013 mesmo que manualmente.<\/p>\n\n\n\n<p><strong>Defina uma interven\u00e7\u00e3o espec\u00edfica para cada momento cr\u00edtico<\/strong>&nbsp;e acompanhe os resultados por 6 meses. Pequenas a\u00e7\u00f5es consistentes geram impactos mensur\u00e1veis. Veja nosso guia sobre&nbsp;<a href=\"https:\/\/elabi.com.br\/br\/consultoria-gratuita.html\">como criar um programa de reten\u00e7\u00e3o estudantil eficaz<\/a>.<\/p>\n\n\n\n<p>A tecnologia pode acelerar e aprofundar esse trabalho, mas o primeiro passo \u00e9 entender que a jornada do aluno n\u00e3o \u00e9 linear \u2013 e que os momentos cr\u00edticos s\u00e3o os mesmos em praticamente todas as institui\u00e7\u00f5es. O que muda \u00e9 quem est\u00e1 preparado para agir neles. Mapear a jornada do aluno evas\u00e3o \u00e9 o primeiro passo para transformar dados em a\u00e7\u00e3o preventiva.<\/p>\n\n\n\n<p><strong>Nos coment\u00e1rios, compartilhe:<\/strong>&nbsp;em qual momento da jornada do aluno sua institui\u00e7\u00e3o percebe maior evas\u00e3o? Vamos trocar experi\u00eancias!<\/p>\n\n\n\n<hr class=\"wp-block-separator has-alpha-channel-opacity\"\/>\n\n\n\n<h2 class=\"wp-block-heading\"><span class=\"ez-toc-section\" id=\"Perguntas_Frequentes_sobre_Jornada_do_Aluno_e_Pontos_Criticos_de_Evasao\"><\/span>Perguntas Frequentes sobre Jornada do Aluno e Pontos Cr\u00edticos de Evas\u00e3o<span class=\"ez-toc-section-end\"><\/span><\/h2>\n\n\n\n<p><strong>Q: O que \u00e9 a jornada do aluno no contexto de evas\u00e3o estudantil?<\/strong><\/p>\n\n\n\n<p>A: A jornada do aluno evas\u00e3o \u00e9 o mapeamento completo de todas as etapas que um estudante percorre desde a matr\u00edcula at\u00e9 a conclus\u00e3o do curso, identificando os momentos cr\u00edticos onde o risco de abandono \u00e9 maior. Esse mapeamento permite interven\u00e7\u00f5es preventivas nos per\u00edodos de maior vulnerabilidade, como as primeiras semanas (40-45% das evas\u00f5es) e o final do primeiro semestre (20-25% dos casos).<\/p>\n\n\n\n<p><strong>Q: Quais s\u00e3o os principais pontos cr\u00edticos da jornada onde ocorre evas\u00e3o?<\/strong><\/p>\n\n\n\n<p>A: Os 5 pontos cr\u00edticos da jornada do aluno s\u00e3o: (1) primeiras semanas de aula, respons\u00e1veis por 40-45% das evas\u00f5es, (2) final do 1\u00ba semestre com 20-25% dos casos, (3) meio do curso com 15-20%, (4) per\u00edodo de est\u00e1gio e TCC com 10-15%, e (5) eventos disruptivos pontuais que podem ocorrer em qualquer momento. Cada ponto tem sinais de risco espec\u00edficos e requer interven\u00e7\u00f5es diferenciadas.<\/p>\n\n\n\n<p><strong>Q: Como identificar que um aluno est\u00e1 em risco de evas\u00e3o na jornada?<\/strong><\/p>\n\n\n\n<p>A: Combine indicadores acad\u00eamicos (frequ\u00eancia abaixo de 70%, queda de notas), comportamentais (baixo acesso ao AVA, n\u00e3o participa\u00e7\u00e3o em atividades) e financeiros (inadimpl\u00eancia, solicita\u00e7\u00f5es de renegocia\u00e7\u00e3o). Um sinal isolado \u00e9 menos cr\u00edtico que a combina\u00e7\u00e3o de tr\u00eas ou mais indicadores simultaneamente, que eleva o risco de evas\u00e3o para mais de 80%.<\/p>\n\n\n\n<p><strong>Q: Qual o melhor momento para intervir na jornada do aluno?<\/strong><\/p>\n\n\n\n<p>A: O momento ideal \u00e9 quando os primeiros sinais aparecem, idealmente 30 a 60 dias antes da decis\u00e3o de evas\u00e3o. As primeiras tr\u00eas semanas s\u00e3o especialmente cr\u00edticas \u2013 alunos com frequ\u00eancia inferior a 70% nesse per\u00edodo t\u00eam 67% mais chance de evadir nos primeiros tr\u00eas meses. Quanto mais cedo a interven\u00e7\u00e3o, maior a taxa de sucesso na reten\u00e7\u00e3o.<\/p>\n\n\n\n<p><strong>Q: Como a tecnologia ajuda a mapear pontos cr\u00edticos da jornada do aluno?<\/strong><\/p>\n\n\n\n<p>A: Plataformas de intelig\u00eancia artificial analisam m\u00faltiplas vari\u00e1veis em tempo real (frequ\u00eancia, notas, acesso ao AVA, inadimpl\u00eancia) e identificam automaticamente quando estudantes entram em janelas de risco espec\u00edficas da jornada do aluno. Isso permite interven\u00e7\u00f5es personalizadas e priorit\u00e1rias com anteced\u00eancia de 30 a 60 dias, imposs\u00edveis de realizar manualmente em escala.<\/p>\n\n\n\n<p><strong>Q: Quais estrat\u00e9gias funcionam melhor em cada ponto cr\u00edtico da jornada?<\/strong><\/p>\n\n\n\n<p>A: As estrat\u00e9gias devem ser espec\u00edficas para cada momento: nas primeiras semanas, tutoria e mentoria intensiva previnem at\u00e9 40% das evas\u00f5es; na reavalia\u00e7\u00e3o (4-6 meses), atendimento psicopedag\u00f3gico \u00e9 mais efetivo; no meio do curso, projetos motivacionais recuperam o prop\u00f3sito; no per\u00edodo de est\u00e1gio e TCC, grupos de apoio e flexibiliza\u00e7\u00e3o de hor\u00e1rios ajudam; e para eventos disruptivos, fundos emergenciais e trancamentos assistidos com plano de retorno fazem diferen\u00e7a.<\/p>\n\n\n\n<p><strong>Leia tamb\u00e9m:<\/strong><\/p>\n\n\n\n<ul class=\"wp-block-list\">\n<li><a href=\"https:\/\/elabi.com.br\/br\/blog\/evasao-estudantil-no-brasil-guia-completo-2026\/\">Evas\u00e3o Estudantil: O Guia Completo para Gestores de IES<\/a><\/li>\n\n\n\n<li>Como Criar um Programa de Reten\u00e7\u00e3o Estudantil Eficaz<\/li>\n\n\n\n<li><a href=\"https:\/\/elabi.com.br\/blog\/primeiras-semanas-retencao-estudantil\">Primeiras Semanas de Aula: O Per\u00edodo Mais Cr\u00edtico para Reten\u00e7\u00e3o<\/a><\/li>\n\n\n\n<li>IA Preditiva na Educa\u00e7\u00e3o: Antecipando Evas\u00e3o com 60 Dias<\/li>\n\n\n\n<li><a href=\"https:\/\/elabi.com.br\/br\/blog\/evasao-ies-privadas-dados-estrategias-2026\/\">Indicadores de Risco: Como Identificar Alunos Vulner\u00e1veis<\/a><\/li>\n<\/ul>\n\n\n\n<p><strong>Fontes e refer\u00eancias:<\/strong><\/p>\n\n\n\n<ul class=\"wp-block-list\">\n<li><a href=\"https:\/\/www.gov.br\/inep\/pt-br\/areas-de-atuacao\/pesquisas-estatisticas-e-indicadores\/censo-da-educacao-superior\" target=\"_blank\" rel=\"noopener\">INEP &#8211; Censo da Educa\u00e7\u00e3o Superior<\/a>&nbsp;&#8211; Dados oficiais sobre evas\u00e3o no ensino superior brasileiro<\/li>\n\n\n\n<li><a href=\"https:\/\/www.gov.br\/mec\/pt-br\" target=\"_blank\" rel=\"noopener\">MEC &#8211; Pol\u00edticas de Perman\u00eancia Estudantil<\/a>&nbsp;&#8211; Diretrizes sobre reten\u00e7\u00e3o e perman\u00eancia estudantil nas IES brasileiras<\/li>\n<\/ul>\n","protected":false},"excerpt":{"rendered":"<p>Descubra os 5 momentos cr\u00edticos da jornada do aluno onde a evas\u00e3o mais ocorre e como prever riscos com at\u00e9 60 dias de anteced\u00eancia. Dados reais de IES brasileiras.<\/p>\n","protected":false},"author":1,"featured_media":222,"comment_status":"open","ping_status":"open","sticky":false,"template":"","format":"standard","meta":{"footnotes":""},"categories":[1,105],"tags":[165,167,169,166,168],"class_list":["post-218","post","type-post","status-publish","format-standard","has-post-thumbnail","hentry","category-blog","category-evasao-estudantil","tag-jornada-do-aluno-evasao","tag-mapeamento-da-jornada-estudantil","tag-momentos-de-risco-de-evasao","tag-pontos-criticos-de-evasao","tag-prevencao-de-evasao-estudantil"],"_links":{"self":[{"href":"https:\/\/elabi.com.br\/br\/blog\/wp-json\/wp\/v2\/posts\/218","targetHints":{"allow":["GET"]}}],"collection":[{"href":"https:\/\/elabi.com.br\/br\/blog\/wp-json\/wp\/v2\/posts"}],"about":[{"href":"https:\/\/elabi.com.br\/br\/blog\/wp-json\/wp\/v2\/types\/post"}],"author":[{"embeddable":true,"href":"https:\/\/elabi.com.br\/br\/blog\/wp-json\/wp\/v2\/users\/1"}],"replies":[{"embeddable":true,"href":"https:\/\/elabi.com.br\/br\/blog\/wp-json\/wp\/v2\/comments?post=218"}],"version-history":[{"count":7,"href":"https:\/\/elabi.com.br\/br\/blog\/wp-json\/wp\/v2\/posts\/218\/revisions"}],"predecessor-version":[{"id":228,"href":"https:\/\/elabi.com.br\/br\/blog\/wp-json\/wp\/v2\/posts\/218\/revisions\/228"}],"wp:featuredmedia":[{"embeddable":true,"href":"https:\/\/elabi.com.br\/br\/blog\/wp-json\/wp\/v2\/media\/222"}],"wp:attachment":[{"href":"https:\/\/elabi.com.br\/br\/blog\/wp-json\/wp\/v2\/media?parent=218"}],"wp:term":[{"taxonomy":"category","embeddable":true,"href":"https:\/\/elabi.com.br\/br\/blog\/wp-json\/wp\/v2\/categories?post=218"},{"taxonomy":"post_tag","embeddable":true,"href":"https:\/\/elabi.com.br\/br\/blog\/wp-json\/wp\/v2\/tags?post=218"}],"curies":[{"name":"wp","href":"https:\/\/api.w.org\/{rel}","templated":true}]}}