{"id":111,"date":"2026-01-30T18:31:36","date_gmt":"2026-01-30T21:31:36","guid":{"rendered":"https:\/\/elabi.com.br\/br\/blog\/?p=111"},"modified":"2026-02-01T10:39:06","modified_gmt":"2026-02-01T13:39:06","slug":"causas-evasao-estudantil-psicologicas","status":"publish","type":"post","link":"https:\/\/elabi.com.br\/br\/blog\/causas-evasao-estudantil-psicologicas\/","title":{"rendered":"Causas da Evas\u00e3o Estudantil: 7 Fatores Psicol\u00f3gicos"},"content":{"rendered":"\n<p>A cada semestre, milhares de estudantes abandonam seus cursos superiores no Brasil. Entre as principais causas da evas\u00e3o estudantil, os fatores psicol\u00f3gicos representam at\u00e9 40% dos casos \u2013 quest\u00f5es que poderiam ter sido identificadas e abordadas com anteced\u00eancia.<\/p>\n\n\n\n<p>Os n\u00fameros s\u00e3o alarmantes: pesquisas recentes da&nbsp;<a href=\"https:\/\/www.andifes.org.br\/\" target=\"_blank\" rel=\"noopener\">Associa\u00e7\u00e3o Nacional dos Dirigentes das Institui\u00e7\u00f5es Federais de Ensino Superior (ANDIFES)<\/a>&nbsp;revelam que 86% dos universit\u00e1rios brasileiros apresentam sintomas de ansiedade, e 41% relatam ind\u00edcios de depress\u00e3o. Para gestores educacionais, compreender as causas psicol\u00f3gicas da evas\u00e3o estudantil deixou de ser opcional \u2013 tornou-se uma necessidade estrat\u00e9gica.<\/p>\n\n\n\n<p>Neste guia, voc\u00ea descobrir\u00e1 os sete principais fatores psicol\u00f3gicos que levam estudantes a abandonar seus cursos, aprender\u00e1 a identificar sinais de alerta precoces e conhecer\u00e1 estrat\u00e9gias pr\u00e1ticas de interven\u00e7\u00e3o que sua institui\u00e7\u00e3o pode implementar imediatamente. Com base em dados de institui\u00e7\u00f5es parceiras da eLabi que atendem mais de 80 mil estudantes, compartilharemos abordagens que permitem detectar riscos de evas\u00e3o relacionados \u00e0 sa\u00fade mental entre 30 e 60 dias antes de se tornarem cr\u00edticos.<\/p>\n\n\n\n<div id=\"ez-toc-container\" class=\"ez-toc-v2_0_80 counter-hierarchy ez-toc-counter ez-toc-grey ez-toc-container-direction\">\n<div class=\"ez-toc-title-container\">\n<p class=\"ez-toc-title\" style=\"cursor:inherit\">Conte\u00fado da p\u00e1gina<\/p>\n<span class=\"ez-toc-title-toggle\"><a href=\"#\" class=\"ez-toc-pull-right ez-toc-btn ez-toc-btn-xs ez-toc-btn-default ez-toc-toggle\" aria-label=\"Alternar tabela de conte\u00fado\"><span class=\"ez-toc-js-icon-con\"><span class=\"\"><span class=\"eztoc-hide\" style=\"display:none;\">Toggle<\/span><span class=\"ez-toc-icon-toggle-span\"><svg style=\"fill: #999;color:#999\" xmlns=\"http:\/\/www.w3.org\/2000\/svg\" class=\"list-377408\" width=\"20px\" height=\"20px\" viewBox=\"0 0 24 24\" fill=\"none\"><path d=\"M6 6H4v2h2V6zm14 0H8v2h12V6zM4 11h2v2H4v-2zm16 0H8v2h12v-2zM4 16h2v2H4v-2zm16 0H8v2h12v-2z\" fill=\"currentColor\"><\/path><\/svg><svg style=\"fill: #999;color:#999\" class=\"arrow-unsorted-368013\" xmlns=\"http:\/\/www.w3.org\/2000\/svg\" width=\"10px\" height=\"10px\" viewBox=\"0 0 24 24\" version=\"1.2\" baseProfile=\"tiny\"><path d=\"M18.2 9.3l-6.2-6.3-6.2 6.3c-.2.2-.3.4-.3.7s.1.5.3.7c.2.2.4.3.7.3h11c.3 0 .5-.1.7-.3.2-.2.3-.5.3-.7s-.1-.5-.3-.7zM5.8 14.7l6.2 6.3 6.2-6.3c.2-.2.3-.5.3-.7s-.1-.5-.3-.7c-.2-.2-.4-.3-.7-.3h-11c-.3 0-.5.1-.7.3-.2.2-.3.5-.3.7s.1.5.3.7z\"\/><\/svg><\/span><\/span><\/span><\/a><\/span><\/div>\n<nav><ul class='ez-toc-list ez-toc-list-level-1 ' ><li class='ez-toc-page-1 ez-toc-heading-level-2'><a class=\"ez-toc-link ez-toc-heading-1\" href=\"https:\/\/elabi.com.br\/br\/blog\/causas-evasao-estudantil-psicologicas\/#As_Causas_da_Evasao_Estudantil_O_Cenario_da_Saude_Mental\" >As Causas da Evas\u00e3o Estudantil: O Cen\u00e1rio da Sa\u00fade Mental<\/a><ul class='ez-toc-list-level-3' ><li class='ez-toc-heading-level-3'><a class=\"ez-toc-link ez-toc-heading-2\" href=\"https:\/\/elabi.com.br\/br\/blog\/causas-evasao-estudantil-psicologicas\/#Numeros_que_gestores_precisam_conhecer\" >N\u00fameros que gestores precisam conhecer:<\/a><\/li><\/ul><\/li><li class='ez-toc-page-1 ez-toc-heading-level-2'><a class=\"ez-toc-link ez-toc-heading-3\" href=\"https:\/\/elabi.com.br\/br\/blog\/causas-evasao-estudantil-psicologicas\/#As_7_Principais_Causas_Psicologicas_da_Evasao\" >As 7 Principais Causas Psicol\u00f3gicas da Evas\u00e3o<\/a><ul class='ez-toc-list-level-3' ><li class='ez-toc-heading-level-3'><a class=\"ez-toc-link ez-toc-heading-4\" href=\"https:\/\/elabi.com.br\/br\/blog\/causas-evasao-estudantil-psicologicas\/#1_Ansiedade_e_Transtornos_de_Ansiedade\" >1. Ansiedade e Transtornos de Ansiedade<\/a><\/li><li class='ez-toc-page-1 ez-toc-heading-level-3'><a class=\"ez-toc-link ez-toc-heading-5\" href=\"https:\/\/elabi.com.br\/br\/blog\/causas-evasao-estudantil-psicologicas\/#2_Depressao_e_Desmotivacao\" >2. Depress\u00e3o e Desmotiva\u00e7\u00e3o<\/a><\/li><li class='ez-toc-page-1 ez-toc-heading-level-3'><a class=\"ez-toc-link ez-toc-heading-6\" href=\"https:\/\/elabi.com.br\/br\/blog\/causas-evasao-estudantil-psicologicas\/#3_Sindrome_do_Impostor\" >3. S\u00edndrome do Impostor<\/a><\/li><li class='ez-toc-page-1 ez-toc-heading-level-3'><a class=\"ez-toc-link ez-toc-heading-7\" href=\"https:\/\/elabi.com.br\/br\/blog\/causas-evasao-estudantil-psicologicas\/#4_Burnout_Academico\" >4. Burnout Acad\u00eamico<\/a><\/li><li class='ez-toc-page-1 ez-toc-heading-level-3'><a class=\"ez-toc-link ez-toc-heading-8\" href=\"https:\/\/elabi.com.br\/br\/blog\/causas-evasao-estudantil-psicologicas\/#5_Baixa_Autoeficacia_Academica\" >5. Baixa Autoefic\u00e1cia Acad\u00eamica<\/a><\/li><li class='ez-toc-page-1 ez-toc-heading-level-3'><a class=\"ez-toc-link ez-toc-heading-9\" href=\"https:\/\/elabi.com.br\/br\/blog\/causas-evasao-estudantil-psicologicas\/#6_Problemas_de_Adaptacao_e_Transicao\" >6. Problemas de Adapta\u00e7\u00e3o e Transi\u00e7\u00e3o<\/a><\/li><li class='ez-toc-page-1 ez-toc-heading-level-3'><a class=\"ez-toc-link ez-toc-heading-10\" href=\"https:\/\/elabi.com.br\/br\/blog\/causas-evasao-estudantil-psicologicas\/#7_Trauma_e_Eventos_de_Vida_Estressantes\" >7. Trauma e Eventos de Vida Estressantes<\/a><\/li><\/ul><\/li><li class='ez-toc-page-1 ez-toc-heading-level-2'><a class=\"ez-toc-link ez-toc-heading-11\" href=\"https:\/\/elabi.com.br\/br\/blog\/causas-evasao-estudantil-psicologicas\/#Como_Identificar_Sinais_Precoces_de_Risco_Psicologico\" >Como Identificar Sinais Precoces de Risco Psicol\u00f3gico<\/a><ul class='ez-toc-list-level-3' ><li class='ez-toc-heading-level-3'><a class=\"ez-toc-link ez-toc-heading-12\" href=\"https:\/\/elabi.com.br\/br\/blog\/causas-evasao-estudantil-psicologicas\/#Indicadores_Comportamentais\" >Indicadores Comportamentais<\/a><\/li><li class='ez-toc-page-1 ez-toc-heading-level-3'><a class=\"ez-toc-link ez-toc-heading-13\" href=\"https:\/\/elabi.com.br\/br\/blog\/causas-evasao-estudantil-psicologicas\/#Indicadores_Academicos\" >Indicadores Acad\u00eamicos<\/a><\/li><li class='ez-toc-page-1 ez-toc-heading-level-3'><a class=\"ez-toc-link ez-toc-heading-14\" href=\"https:\/\/elabi.com.br\/br\/blog\/causas-evasao-estudantil-psicologicas\/#Indicadores_Comunicacionais\" >Indicadores Comunicacionais<\/a><\/li><li class='ez-toc-page-1 ez-toc-heading-level-3'><a class=\"ez-toc-link ez-toc-heading-15\" href=\"https:\/\/elabi.com.br\/br\/blog\/causas-evasao-estudantil-psicologicas\/#Matriz_de_Sinais_de_Alerta_por_Nivel_de_Risco\" >Matriz de Sinais de Alerta por N\u00edvel de Risco<\/a><\/li><\/ul><\/li><li class='ez-toc-page-1 ez-toc-heading-level-2'><a class=\"ez-toc-link ez-toc-heading-16\" href=\"https:\/\/elabi.com.br\/br\/blog\/causas-evasao-estudantil-psicologicas\/#Estrategias_de_Intervencao_para_Gestores_Educacionais\" >Estrat\u00e9gias de Interven\u00e7\u00e3o para Gestores Educacionais<\/a><ul class='ez-toc-list-level-3' ><li class='ez-toc-heading-level-3'><a class=\"ez-toc-link ez-toc-heading-17\" href=\"https:\/\/elabi.com.br\/br\/blog\/causas-evasao-estudantil-psicologicas\/#Nivel_Institucional\" >N\u00edvel Institucional<\/a><\/li><li class='ez-toc-page-1 ez-toc-heading-level-3'><a class=\"ez-toc-link ez-toc-heading-18\" href=\"https:\/\/elabi.com.br\/br\/blog\/causas-evasao-estudantil-psicologicas\/#Nivel_de_Equipe\" >N\u00edvel de Equipe<\/a><\/li><li class='ez-toc-page-1 ez-toc-heading-level-3'><a class=\"ez-toc-link ez-toc-heading-19\" href=\"https:\/\/elabi.com.br\/br\/blog\/causas-evasao-estudantil-psicologicas\/#Nivel_Individual\" >N\u00edvel Individual<\/a><\/li><li class='ez-toc-page-1 ez-toc-heading-level-3'><a class=\"ez-toc-link ez-toc-heading-20\" href=\"https:\/\/elabi.com.br\/br\/blog\/causas-evasao-estudantil-psicologicas\/#O_que_NAO_fazer_ao_identificar_sofrimento_psicologico\" >O que N\u00c3O fazer ao identificar sofrimento psicol\u00f3gico<\/a><\/li><\/ul><\/li><li class='ez-toc-page-1 ez-toc-heading-level-2'><a class=\"ez-toc-link ez-toc-heading-21\" href=\"https:\/\/elabi.com.br\/br\/blog\/causas-evasao-estudantil-psicologicas\/#Como_a_Tecnologia_Pode_Apoiar_a_Identificacao_Precoce\" >Como a Tecnologia Pode Apoiar a Identifica\u00e7\u00e3o Precoce<\/a><\/li><li class='ez-toc-page-1 ez-toc-heading-level-2'><a class=\"ez-toc-link ez-toc-heading-22\" href=\"https:\/\/elabi.com.br\/br\/blog\/causas-evasao-estudantil-psicologicas\/#Conclusao\" >Conclus\u00e3o<\/a><ul class='ez-toc-list-level-3' ><li class='ez-toc-heading-level-3'><a class=\"ez-toc-link ez-toc-heading-23\" href=\"https:\/\/elabi.com.br\/br\/blog\/causas-evasao-estudantil-psicologicas\/#Proximos_Passos\" >Pr\u00f3ximos Passos<\/a><\/li><\/ul><\/li><li class='ez-toc-page-1 ez-toc-heading-level-2'><a class=\"ez-toc-link ez-toc-heading-24\" href=\"https:\/\/elabi.com.br\/br\/blog\/causas-evasao-estudantil-psicologicas\/#Perguntas_Frequentes\" >Perguntas Frequentes<\/a><\/li><\/ul><\/nav><\/div>\n<h2 class=\"wp-block-heading\"><span class=\"ez-toc-section\" id=\"As_Causas_da_Evasao_Estudantil_O_Cenario_da_Saude_Mental\"><\/span>As Causas da Evas\u00e3o Estudantil: O Cen\u00e1rio da Sa\u00fade Mental<span class=\"ez-toc-section-end\"><\/span><\/h2>\n\n\n\n<p>A pandemia de COVID-19 agravou uma crise de sa\u00fade mental que j\u00e1 estava em curso nas institui\u00e7\u00f5es de ensino superior brasileiras. Entre as causas da evas\u00e3o estudantil, os fatores psicol\u00f3gicos se destacam. Dados do&nbsp;<a href=\"https:\/\/fonaprace.andifes.org.br\/\" target=\"_blank\" rel=\"noopener\">F\u00f3rum Nacional de Pr\u00f3-Reitores de Assuntos Estudantis (Fonaprace)<\/a>&nbsp;mostram que a procura por apoio psicol\u00f3gico nas universidades aumentou 35% entre 2019 e 2023.<\/p>\n\n\n\n<p>O impacto no desempenho acad\u00eamico \u00e9 mensur\u00e1vel. Estudantes com transtornos de ansiedade apresentam, em m\u00e9dia, 23% mais reprova\u00e7\u00f5es do que seus colegas, enquanto aqueles com sintomas depressivos t\u00eam 2,4 vezes mais chances de&nbsp;trancar matr\u00edcula nos primeiros dois anos de curso.<\/p>\n\n\n\n<p>Para institui\u00e7\u00f5es privadas, as implica\u00e7\u00f5es financeiras s\u00e3o significativas. Considerando um curso com mensalidade m\u00e9dia de R$ 1.200, cada estudante que evade por quest\u00f5es psicol\u00f3gicas n\u00e3o identificadas representa uma perda potencial de R$ 28.800 ao longo de dois anos. Multiplique isso por dezenas ou centenas de casos anuais, e teremos um&nbsp;<a href=\"https:\/\/elabi.com.br\/br\/blog\/impacto-financeiro-evasao-calcular-reduzir\/\">impacto milion\u00e1rio na receita institucional<\/a>.<\/p>\n\n\n\n<h3 class=\"wp-block-heading\"><span class=\"ez-toc-section\" id=\"Numeros_que_gestores_precisam_conhecer\"><\/span>N\u00fameros que gestores precisam conhecer:<span class=\"ez-toc-section-end\"><\/span><\/h3>\n\n\n\n<ul class=\"wp-block-list\">\n<li><strong>86%<\/strong>&nbsp;dos universit\u00e1rios apresentam sintomas de ansiedade (ANDIFES, 2023)<\/li>\n\n\n\n<li><strong>41%<\/strong>&nbsp;relatam sinais de depress\u00e3o<\/li>\n\n\n\n<li><strong>35%<\/strong>&nbsp;aumento na demanda por apoio psicol\u00f3gico p\u00f3s-pandemia<\/li>\n\n\n\n<li><strong>23%<\/strong>&nbsp;mais reprova\u00e7\u00f5es entre estudantes ansiosos<\/li>\n\n\n\n<li><strong>2,4x<\/strong>&nbsp;maior probabilidade de trancamento por depress\u00e3o<\/li>\n<\/ul>\n\n\n\n<p>O desafio para gestores educacionais n\u00e3o est\u00e1 apenas em reconhecer que a sa\u00fade mental importa, mas em desenvolver\u00a0<a href=\"http:\/\/elabi.com.br\/br\/materiais\/checklist-evasao.html\">sistemas e capacidades institucionais para identificar riscos<\/a>\u00a0psicol\u00f3gicos antes que resultem em evas\u00e3o.<\/p>\n\n\n\n<h2 class=\"wp-block-heading\"><span class=\"ez-toc-section\" id=\"As_7_Principais_Causas_Psicologicas_da_Evasao\"><\/span>As 7 Principais Causas Psicol\u00f3gicas da Evas\u00e3o<span class=\"ez-toc-section-end\"><\/span><\/h2>\n\n\n\n<h3 class=\"wp-block-heading\"><span class=\"ez-toc-section\" id=\"1_Ansiedade_e_Transtornos_de_Ansiedade\"><\/span>1. Ansiedade e Transtornos de Ansiedade<span class=\"ez-toc-section-end\"><\/span><\/h3>\n\n\n\n<p>A ansiedade acad\u00eamica manifesta-se de diversas formas no ambiente universit\u00e1rio. Estudantes podem experimentar ansiedade de desempenho diante de avalia\u00e7\u00f5es, ansiedade social ao participar de trabalhos em grupo ou apresenta\u00e7\u00f5es, ou transtorno de ansiedade generalizada que permeia todas as dimens\u00f5es da vida acad\u00eamica.<\/p>\n\n\n\n<p>Na modalidade EAD, a ansiedade social frequentemente se intensifica. A aus\u00eancia de intera\u00e7\u00f5es presenciais regulares pode gerar isolamento, enquanto a autonomia exigida para gest\u00e3o do tempo e das responsabilidades de estudo amplifica a preocupa\u00e7\u00e3o constante sobre desempenho.&nbsp;<a href=\"https:\/\/elabi.com.br\/br\/blog\/evasao-em-ead-vs-presencial-analise-comparativa-com-dados\/\">As diferen\u00e7as entre evas\u00e3o em EAD e presencial<\/a>&nbsp;merecem aten\u00e7\u00e3o espec\u00edfica dos gestores.<\/p>\n\n\n\n<p><strong>Sinais observ\u00e1veis pelos gestores:<\/strong><\/p>\n\n\n\n<ul class=\"wp-block-list\">\n<li>Aus\u00eancias frequentes em dias de avalia\u00e7\u00e3o<\/li>\n\n\n\n<li>Queda progressiva nas notas ao longo do semestre<\/li>\n\n\n\n<li>Isolamento crescente de colegas e atividades em grupo<\/li>\n\n\n\n<li>Dificuldade em iniciar trabalhos ou projetos (procrastina\u00e7\u00e3o paralisante)<\/li>\n\n\n\n<li>Comunica\u00e7\u00e3o excessivamente formal ou evasiva com professores<\/li>\n<\/ul>\n\n\n\n<p><strong>Exemplo pr\u00e1tico:<\/strong>&nbsp;Uma coordenadora de curso de Administra\u00e7\u00e3o notou que tr\u00eas estudantes do segundo per\u00edodo apresentavam padr\u00e3o semelhante: participa\u00e7\u00e3o ativa nas primeiras semanas seguida de aus\u00eancias crescentes ap\u00f3s a primeira prova. Ao fazer contato proativo, descobriu que todos enfrentavam ansiedade de desempenho agravada por compara\u00e7\u00e3o com colegas. A interven\u00e7\u00e3o precoce, incluindo encaminhamento para apoio psicol\u00f3gico e flexibiliza\u00e7\u00e3o de prazos iniciais, resultou na perman\u00eancia dos tr\u00eas alunos.<\/p>\n\n\n\n<h3 class=\"wp-block-heading\"><span class=\"ez-toc-section\" id=\"2_Depressao_e_Desmotivacao\"><\/span>2. Depress\u00e3o e Desmotiva\u00e7\u00e3o<span class=\"ez-toc-section-end\"><\/span><\/h3>\n\n\n\n<p>A depress\u00e3o em estudantes universit\u00e1rios frequentemente se apresenta de forma sutil e progressiva. Diferente da tristeza passageira, caracteriza-se por perda sustentada de interesse em atividades que antes traziam satisfa\u00e7\u00e3o, dificuldade de concentra\u00e7\u00e3o, fadiga persistente e sentimentos de desesperan\u00e7a sobre o futuro acad\u00eamico e profissional.<\/p>\n\n\n\n<p>O ciclo vicioso \u00e9 previs\u00edvel: a depress\u00e3o reduz energia e motiva\u00e7\u00e3o, causando queda no desempenho acad\u00eamico. Os resultados negativos refor\u00e7am sentimentos de inadequa\u00e7\u00e3o e desesperan\u00e7a, aprofundando o quadro depressivo. Sem interven\u00e7\u00e3o, esse ciclo tende a culminar em abandono do curso.<\/p>\n\n\n\n<p><strong>Sinais observ\u00e1veis pelos gestores:<\/strong><\/p>\n\n\n\n<ul class=\"wp-block-list\">\n<li>Apatia crescente em rela\u00e7\u00e3o \u00e0s atividades acad\u00eamicas<\/li>\n\n\n\n<li>Atrasos recorrentes na entrega de trabalhos (diferente de procrastina\u00e7\u00e3o por ansiedade)<\/li>\n\n\n\n<li>Mudan\u00e7a no padr\u00e3o de comunica\u00e7\u00e3o: respostas curtas, tom passivo, desinteresse<\/li>\n\n\n\n<li>Aus\u00eancias n\u00e3o justificadas que aumentam gradualmente<\/li>\n\n\n\n<li>Queixas frequentes de cansa\u00e7o desproporcional \u00e0s demandas<\/li>\n<\/ul>\n\n\n\n<p><strong>Dado importante:<\/strong>&nbsp;Segundo pesquisa realizada pela USP com 15 mil estudantes, sintomas depressivos est\u00e3o presentes em 49% dos casos de trancamento de matr\u00edcula n\u00e3o relacionados a quest\u00f5es financeiras.<\/p>\n\n\n\n<h3 class=\"wp-block-heading\"><span class=\"ez-toc-section\" id=\"3_Sindrome_do_Impostor\"><\/span>3. S\u00edndrome do Impostor<span class=\"ez-toc-section-end\"><\/span><\/h3>\n\n\n\n<p>A s\u00edndrome do impostor \u00e9 particularmente prevalente entre estudantes de primeira gera\u00e7\u00e3o universit\u00e1ria, cotistas e aqueles em cursos altamente competitivos. Caracteriza-se pela convic\u00e7\u00e3o persistente de n\u00e3o ser suficientemente competente ou merecedor de estar naquele ambiente, acompanhada do medo constante de ser &#8220;descoberto&#8221; como uma fraude.<\/p>\n\n\n\n<p>Esses estudantes frequentemente atribuem seus sucessos \u00e0 sorte ou fatores externos, enquanto internalizam falhas como confirma\u00e7\u00e3o de sua inadequa\u00e7\u00e3o. O resultado \u00e9 um perfeccionismo paralisante que, paradoxalmente, prejudica o desempenho e refor\u00e7a os sentimentos de impostora.<\/p>\n\n\n\n<p><strong>Sinais observ\u00e1veis pelos gestores:<\/strong><\/p>\n\n\n\n<ul class=\"wp-block-list\">\n<li>Perfeccionismo que impede a conclus\u00e3o de tarefas<\/li>\n\n\n\n<li>Evita\u00e7\u00e3o de desafios acad\u00eamicos ou oportunidades de destaque<\/li>\n\n\n\n<li>Autodeprecia\u00e7\u00e3o desproporcional diante de pequenos erros<\/li>\n\n\n\n<li>Dificuldade em aceitar elogios ou reconhecimento<\/li>\n\n\n\n<li>Compara\u00e7\u00e3o constante e desfavor\u00e1vel com colegas<\/li>\n<\/ul>\n\n\n\n<p><strong>Contexto brasileiro:<\/strong>&nbsp;Em institui\u00e7\u00f5es que implementaram pol\u00edticas de cotas, coordenadores relatam que at\u00e9 60% dos cotistas experimentam s\u00edndrome do impostor em algum grau durante os dois primeiros anos. A falta de identifica\u00e7\u00e3o e acolhimento desse fen\u00f4meno contribui significativamente para as taxas de evas\u00e3o nessa popula\u00e7\u00e3o.<\/p>\n\n\n\n<h3 class=\"wp-block-heading\"><span class=\"ez-toc-section\" id=\"4_Burnout_Academico\"><\/span>4. Burnout Acad\u00eamico<span class=\"ez-toc-section-end\"><\/span><\/h3>\n\n\n\n<p>Embora frequentemente associado ao ambiente profissional, o burnout tamb\u00e9m afeta estudantes universit\u00e1rios. Manifesta-se atrav\u00e9s de tr\u00eas dimens\u00f5es: exaust\u00e3o emocional cr\u00f4nica relacionada \u00e0s demandas acad\u00eamicas, despersonaliza\u00e7\u00e3o (cinismo e distanciamento dos estudos) e sensa\u00e7\u00e3o reduzida de efic\u00e1cia pessoal.<\/p>\n\n\n\n<p>Estudantes com burnout acad\u00eamico frequentemente chegaram \u00e0 universidade como alunos dedicados e engajados. O esgotamento desenvolve-se gradualmente, muitas vezes invis\u00edvel at\u00e9 est\u00e1gios avan\u00e7ados, quando o desengajamento j\u00e1 compromete seriamente a perman\u00eancia.<\/p>\n\n\n\n<p><strong>Sinais observ\u00e1veis pelos gestores:<\/strong><\/p>\n\n\n\n<ul class=\"wp-block-list\">\n<li>Mudan\u00e7a de atitude: de engajamento para cinismo sobre o curso<\/li>\n\n\n\n<li>Coment\u00e1rios frequentes sobre futilidade dos estudos<\/li>\n\n\n\n<li>Desengajamento progressivo de atividades extracurriculares<\/li>\n\n\n\n<li>Queda no padr\u00e3o de qualidade dos trabalhos (n\u00e3o apenas nas notas)<\/li>\n\n\n\n<li>Express\u00f5es de exaust\u00e3o desproporcional \u00e0 carga de trabalho<\/li>\n<\/ul>\n\n\n\n<p><strong>Fatores de risco espec\u00edficos:<\/strong><\/p>\n\n\n\n<ul class=\"wp-block-list\">\n<li>Ac\u00famulo de trabalho\/est\u00e1gio com estudo<\/li>\n\n\n\n<li>Cursos com carga hor\u00e1ria excessiva (Medicina, Engenharias)<\/li>\n\n\n\n<li>Press\u00e3o familiar por alto desempenho<\/li>\n\n\n\n<li>Aus\u00eancia de pausas ou atividades de lazer<\/li>\n<\/ul>\n\n\n\n<h3 class=\"wp-block-heading\"><span class=\"ez-toc-section\" id=\"5_Baixa_Autoeficacia_Academica\"><\/span>5. Baixa Autoefic\u00e1cia Acad\u00eamica<span class=\"ez-toc-section-end\"><\/span><\/h3>\n\n\n\n<p>A autoefic\u00e1cia acad\u00eamica refere-se \u00e0 confian\u00e7a do estudante em sua capacidade de executar com sucesso as tarefas e exig\u00eancias do curso. Diferente da autoestima geral, trata-se de uma cren\u00e7a espec\u00edfica sobre compet\u00eancia acad\u00eamica.<\/p>\n\n\n\n<p>Estudantes com baixa autoefic\u00e1cia entram em um ciclo de autoprofecia: acreditam que fracassar\u00e3o, investem menos esfor\u00e7o (afinal, &#8220;para que tentar?&#8221;), obt\u00eam resultados ruins que confirmam suas cren\u00e7as negativas, e reduzem ainda mais seu investimento. Esse padr\u00e3o \u00e9 especialmente comum ap\u00f3s reprova\u00e7\u00f5es iniciais ou transi\u00e7\u00e3o dif\u00edcil do ensino m\u00e9dio para o superior.<\/p>\n\n\n\n<p><strong>Sinais observ\u00e1veis pelos gestores:<\/strong><\/p>\n\n\n\n<ul class=\"wp-block-list\">\n<li>Evita\u00e7\u00e3o de avalia\u00e7\u00f5es ou entregas (&#8220;n\u00e3o estou preparado&#8221;)<\/li>\n\n\n\n<li>Desculpas frequentes e antecipadas para poss\u00edveis falhas<\/li>\n\n\n\n<li>Compara\u00e7\u00e3o desfavor\u00e1vel constante com colegas<\/li>\n\n\n\n<li>Atribui\u00e7\u00e3o de sucessos \u00e0 sorte, de fracassos \u00e0 incapacidade<\/li>\n\n\n\n<li>Resist\u00eancia a assumir pap\u00e9is de lideran\u00e7a em trabalhos<\/li>\n<\/ul>\n\n\n\n<p><strong>Interven\u00e7\u00e3o eficaz:<\/strong>&nbsp;Institui\u00e7\u00f5es que implementaram programas de mentoria por pares nos primeiros semestres reportam aumento de 31% na autoefic\u00e1cia acad\u00eamica dos participantes, com reflexo direto nas taxas de reten\u00e7\u00e3o.<\/p>\n\n\n\n<h3 class=\"wp-block-heading\"><span class=\"ez-toc-section\" id=\"6_Problemas_de_Adaptacao_e_Transicao\"><\/span>6. Problemas de Adapta\u00e7\u00e3o e Transi\u00e7\u00e3o<span class=\"ez-toc-section-end\"><\/span><\/h3>\n\n\n\n<p>A transi\u00e7\u00e3o para o ensino superior representa mudan\u00e7as m\u00faltiplas e simult\u00e2neas: novas metodologias de ensino, maior autonomia exigida, poss\u00edvel dist\u00e2ncia da fam\u00edlia e rede de apoio, e necessidade de construir novas rela\u00e7\u00f5es sociais. Para muitos estudantes, especialmente os mais jovens, essa transi\u00e7\u00e3o \u00e9 psicologicamente desafiadora.<\/p>\n\n\n\n<p>A dificuldade de adapta\u00e7\u00e3o n\u00e3o reflete incapacidade intelectual, mas sim o descompasso entre expectativas e realidade, ou entre habilidades desenvolvidas no ensino m\u00e9dio e demandas do ensino superior. Quando n\u00e3o identificada e apoiada, essa dificuldade evolui para desengajamento e eventual evas\u00e3o.<\/p>\n\n\n\n<p><strong>Sinais observ\u00e1veis pelos gestores:<\/strong><\/p>\n\n\n\n<ul class=\"wp-block-list\">\n<li>Nostalgia excessiva pela vida anterior ao ingresso<\/li>\n\n\n\n<li>Dificuldade persistente em fazer amizades ou integrar-se<\/li>\n\n\n\n<li>Confus\u00e3o sobre metodologias de estudo aut\u00f4nomo<\/li>\n\n\n\n<li>Queixas sobre diferen\u00e7as em rela\u00e7\u00e3o ao ensino m\u00e9dio<\/li>\n\n\n\n<li>Depend\u00eancia excessiva de orienta\u00e7\u00e3o para tarefas b\u00e1sicas<\/li>\n<\/ul>\n\n\n\n<p><strong>Per\u00edodo cr\u00edtico:<\/strong>&nbsp;Dados do&nbsp;<a href=\"https:\/\/www.gov.br\/inep\/pt-br\/areas-de-atuacao\/pesquisas-estatisticas-e-indicadores\/censo-da-educacao-superior\" target=\"_blank\" rel=\"noopener\">Censo da Educa\u00e7\u00e3o Superior (INEP)<\/a>&nbsp;mostram que 52% das evas\u00f5es ocorrem nos dois primeiros semestres, justamente o per\u00edodo de adapta\u00e7\u00e3o. Interven\u00e7\u00f5es focadas nessa fase t\u00eam ROI significativamente superior.<\/p>\n\n\n\n<h3 class=\"wp-block-heading\"><span class=\"ez-toc-section\" id=\"7_Trauma_e_Eventos_de_Vida_Estressantes\"><\/span>7. Trauma e Eventos de Vida Estressantes<span class=\"ez-toc-section-end\"><\/span><\/h3>\n\n\n\n<p>Eventos traum\u00e1ticos ou altamente estressantes \u2013 luto familiar, viol\u00eancia, abuso, crises familiares graves, problemas de sa\u00fade s\u00e9rios \u2013 impactam profundamente a capacidade do estudante de manter-se engajado academicamente. O trauma n\u00e3o resolvido consome recursos psicol\u00f3gicos que seriam direcionados aos estudos.<\/p>\n\n\n\n<p>Ao contr\u00e1rio das causas anteriores que tendem a desenvolver-se gradualmente, eventos traum\u00e1ticos frequentemente causam mudan\u00e7as abruptas e vis\u00edveis no comportamento e desempenho acad\u00eamico. A janela para interven\u00e7\u00e3o eficaz pode ser curta.<\/p>\n\n\n\n<p><strong>Sinais observ\u00e1veis pelos gestores:<\/strong><\/p>\n\n\n\n<ul class=\"wp-block-list\">\n<li>Mudan\u00e7a s\u00fabita e marcante no comportamento ou desempenho<\/li>\n\n\n\n<li>Isolamento social abrupto de colegas e atividades<\/li>\n\n\n\n<li>Dificuldade de concentra\u00e7\u00e3o desproporcional e repentina<\/li>\n\n\n\n<li>Aus\u00eancias frequentes e n\u00e3o explicadas ap\u00f3s funcionamento normal<\/li>\n\n\n\n<li>Rea\u00e7\u00f5es emocionais intensas ou desproporcionais a situa\u00e7\u00f5es menores<\/li>\n<\/ul>\n\n\n\n<p><strong>Protocolo recomendado:<\/strong>&nbsp;Diante de mudan\u00e7as comportamentais s\u00fabitas, gestores devem fazer contato em at\u00e9 72 horas. N\u00e3o para investigar a causa (papel do profissional de sa\u00fade mental), mas para expressar disponibilidade, oferecer flexibilidade pontual e facilitar encaminhamento para apoio especializado.<\/p>\n\n\n\n<h2 class=\"wp-block-heading\"><span class=\"ez-toc-section\" id=\"Como_Identificar_Sinais_Precoces_de_Risco_Psicologico\"><\/span>Como Identificar Sinais Precoces de Risco Psicol\u00f3gico<span class=\"ez-toc-section-end\"><\/span><\/h2>\n\n\n\n<p>A identifica\u00e7\u00e3o precoce \u00e9 a chave para interven\u00e7\u00f5es eficazes. Gestores educacionais n\u00e3o precisam \u2013 e n\u00e3o devem \u2013 diagnosticar quest\u00f5es de sa\u00fade mental, mas podem desenvolver sensibilidade para reconhecer padr\u00f5es que indicam necessidade de aten\u00e7\u00e3o e encaminhamento. Entender os\u00a0<a href=\"http:\/\/elabi.com.br\/br\/materiais\/checklist-evasao.html\">50 principais sinais de alerta de evas\u00e3o<\/a>\u00a0ajuda a criar um sistema robusto de detec\u00e7\u00e3o.<\/p>\n\n\n\n<h3 class=\"wp-block-heading\"><span class=\"ez-toc-section\" id=\"Indicadores_Comportamentais\"><\/span>Indicadores Comportamentais<span class=\"ez-toc-section-end\"><\/span><\/h3>\n\n\n\n<p>Os comportamentos observ\u00e1veis fornecem pistas importantes sobre o estado psicol\u00f3gico do estudante:<\/p>\n\n\n\n<p><strong>Mudan\u00e7as no padr\u00e3o de participa\u00e7\u00e3o:<\/strong>&nbsp;Um estudante anteriormente ativo que gradualmente se retrai de discuss\u00f5es, atividades em grupo ou eventos institucionais pode estar enfrentando ansiedade social, depress\u00e3o ou burnout. A chave est\u00e1 na mudan\u00e7a em rela\u00e7\u00e3o ao padr\u00e3o individual anterior.<\/p>\n\n\n\n<p><strong>Isolamento social progressivo:<\/strong>&nbsp;Enquanto alguns estudantes s\u00e3o naturalmente mais reservados, o afastamento progressivo de intera\u00e7\u00f5es que antes ocorriam naturalmente sinaliza poss\u00edvel sofrimento psicol\u00f3gico. No EAD, isso pode manifestar-se como redu\u00e7\u00e3o na participa\u00e7\u00e3o em f\u00f3runs ou n\u00e3o ativa\u00e7\u00e3o de c\u00e2meras em encontros s\u00edncronos.<\/p>\n\n\n\n<p><strong>Aus\u00eancias frequentes e n\u00e3o justificadas:<\/strong>&nbsp;Padr\u00f5es de aus\u00eancia revelam muito. Faltas concentradas em dias de avalia\u00e7\u00e3o sugerem ansiedade de desempenho. Aus\u00eancias aleat\u00f3rias crescentes podem indicar depress\u00e3o ou problemas de adapta\u00e7\u00e3o. Aus\u00eancias s\u00fabitas ap\u00f3s per\u00edodo normal sugerem evento traum\u00e1tico.<\/p>\n\n\n\n<p><strong>Atrasos cr\u00f4nicos nas entregas:<\/strong>&nbsp;Importante distinguir entre procrastina\u00e7\u00e3o pontual (normal) e atrasos sistem\u00e1ticos que indicam dificuldades mais profundas com organiza\u00e7\u00e3o, motiva\u00e7\u00e3o ou autoefic\u00e1cia.<\/p>\n\n\n\n<h3 class=\"wp-block-heading\"><span class=\"ez-toc-section\" id=\"Indicadores_Academicos\"><\/span>Indicadores Acad\u00eamicos<span class=\"ez-toc-section-end\"><\/span><\/h3>\n\n\n\n<p>O desempenho acad\u00eamico frequentemente reflete o bem-estar psicol\u00f3gico:<\/p>\n\n\n\n<p><strong>Queda abrupta no desempenho:<\/strong>&nbsp;Redu\u00e7\u00f5es s\u00fabitas (n\u00e3o graduais) de notas sugerem evento desestabilizador ou in\u00edcio de quadro depressivo. Uma queda de 30% ou mais em rela\u00e7\u00e3o \u00e0 m\u00e9dia anterior merece aten\u00e7\u00e3o imediata.<\/p>\n\n\n\n<p><strong>Desengajamento em atividades antes prazerosas:<\/strong>&nbsp;Estudante que participava ativamente de laborat\u00f3rios, projetos de extens\u00e3o ou grupos de estudo e gradualmente se retira dessas atividades pode estar experienciando anedonia (perda de prazer), sintoma caracter\u00edstico da depress\u00e3o.<\/p>\n\n\n\n<p><strong>Dificuldade crescente de concentra\u00e7\u00e3o:<\/strong>&nbsp;Manifestada atrav\u00e9s de trabalhos superficiais, respostas incompletas em avalia\u00e7\u00f5es, ou relatos diretos do pr\u00f3prio estudante sobre incapacidade de focar. Pode indicar ansiedade, depress\u00e3o ou trauma.<\/p>\n\n\n\n<p><strong>Abandono progressivo de disciplinas:<\/strong>&nbsp;Padr\u00e3o de trancamento gradual de mat\u00e9rias ao longo dos semestres, reduzindo progressivamente a carga at\u00e9 eventual abandono total, frequentemente relacionado a burnout ou baixa autoefic\u00e1cia.<\/p>\n\n\n\n<h3 class=\"wp-block-heading\"><span class=\"ez-toc-section\" id=\"Indicadores_Comunicacionais\"><\/span>Indicadores Comunicacionais<span class=\"ez-toc-section-end\"><\/span><\/h3>\n\n\n\n<p>A forma como estudantes se comunicam revela aspectos importantes de seu estado psicol\u00f3gico:<\/p>\n\n\n\n<p><strong>Tom emocional nas intera\u00e7\u00f5es:<\/strong>&nbsp;Mensagens excessivamente formais ou emocionalmente &#8220;planas&#8221; podem indicar desconex\u00e3o emocional. Por outro lado, mensagens com carga emocional desproporcional \u00e0 situa\u00e7\u00e3o merecem aten\u00e7\u00e3o.<\/p>\n\n\n\n<p><strong>Solicita\u00e7\u00f5es de ajuda vagas ou frequentes:<\/strong>&nbsp;&#8220;N\u00e3o estou conseguindo&#8221; sem especifica\u00e7\u00e3o ou pedidos repetidos de apoio sem implementar sugest\u00f5es podem refletir baixa autoefic\u00e1cia, ansiedade ou confus\u00e3o adaptativa.<\/p>\n\n\n\n<p><strong>Express\u00f5es de desesperan\u00e7a ou incapacidade:<\/strong>&nbsp;Frases como &#8220;n\u00e3o importa o quanto eu tente&#8221;, &#8220;n\u00e3o sou inteligente o suficiente&#8221;, &#8220;todos aqui s\u00e3o melhores que eu&#8221; s\u00e3o verbaliza\u00e7\u00f5es diretas de sofrimento psicol\u00f3gico que merecem resposta imediata.<\/p>\n\n\n\n<p><strong>Comunica\u00e7\u00e3o passiva ou evasiva:<\/strong>&nbsp;Respostas monossil\u00e1bicas, evita\u00e7\u00e3o de contato direto, ou comunica\u00e7\u00e3o exclusivamente atrav\u00e9s de terceiros podem indicar ansiedade social, depress\u00e3o ou s\u00edndrome do impostor.<\/p>\n\n\n\n<h3 class=\"wp-block-heading\"><span class=\"ez-toc-section\" id=\"Matriz_de_Sinais_de_Alerta_por_Nivel_de_Risco\"><\/span>Matriz de Sinais de Alerta por N\u00edvel de Risco<span class=\"ez-toc-section-end\"><\/span><\/h3>\n\n\n\n<figure class=\"wp-block-table\"><table class=\"has-fixed-layout\"><thead><tr><th>N\u00edvel de Risco<\/th><th>Sinais Comportamentais<\/th><th>Sinais Acad\u00eamicos<\/th><th>Sinais Comunicacionais<\/th><th>A\u00e7\u00e3o Recomendada<\/th><\/tr><\/thead><tbody><tr><td><strong>Baixo<\/strong><\/td><td>Aus\u00eancias pontuais<br><br>Participa\u00e7\u00e3o flutuante<\/td><td>Varia\u00e7\u00e3o normal de desempenho<br><br>Atrasos ocasionais<\/td><td>Tom adequado<br><br>Comunica\u00e7\u00e3o funcional<\/td><td>Observa\u00e7\u00e3o atenta<br><br>Disponibilidade aberta<\/td><\/tr><tr><td><strong>M\u00e9dio<\/strong><\/td><td>Aus\u00eancias crescentes (&gt;20%)<br><br>Retra\u00e7\u00e3o social<\/td><td>Queda de 15-30% no desempenho<br><br>Abandono de atividades extras<\/td><td>Pedidos vagos de ajuda<br><br>Tom emocional alterado<\/td><td>Contato proativo em 7 dias<br><br>Oferta de apoio<br><br>Mapeamento de necessidades<\/td><\/tr><tr><td><strong>Alto<\/strong><\/td><td>Isolamento completo<br><br>Aus\u00eancias &gt;40%<br><br>Mudan\u00e7a s\u00fabita de comportamento<\/td><td>Queda &gt;30% no desempenho<br><br>Trancamento m\u00faltiplo<br><br>N\u00e3o comparecimento a avalia\u00e7\u00f5es<\/td><td>Express\u00f5es de desesperan\u00e7a<br><br>Comunica\u00e7\u00e3o evitativa<br><br>Pedidos urgentes difusos<\/td><td>Contato imediato (24-72h)<br><br>Encaminhamento para apoio psicol\u00f3gico<br><br>Flexibiliza\u00e7\u00e3o acad\u00eamica tempor\u00e1ria<br><br>Acompanhamento semanal<\/td><\/tr><\/tbody><\/table><\/figure>\n\n\n\n<h2 class=\"wp-block-heading\"><span class=\"ez-toc-section\" id=\"Estrategias_de_Intervencao_para_Gestores_Educacionais\"><\/span>Estrat\u00e9gias de Interven\u00e7\u00e3o para Gestores Educacionais<span class=\"ez-toc-section-end\"><\/span><\/h2>\n\n\n\n<p>Identificar sinais de risco psicol\u00f3gico \u00e9 apenas o primeiro passo. Gestores eficazes desenvolvem sistemas e capacidades de interven\u00e7\u00e3o em m\u00faltiplos n\u00edveis institucionais.<\/p>\n\n\n\n<h3 class=\"wp-block-heading\"><span class=\"ez-toc-section\" id=\"Nivel_Institucional\"><\/span>N\u00edvel Institucional<span class=\"ez-toc-section-end\"><\/span><\/h3>\n\n\n\n<p><strong>Criar protocolos de identifica\u00e7\u00e3o e encaminhamento:<\/strong>&nbsp;Documentar procedimentos claros para quando um professor, coordenador ou funcion\u00e1rio identifica um estudante em risco. O protocolo deve especificar: quem contatar, em quanto tempo, que informa\u00e7\u00f5es compartilhar (respeitando confidencialidade), e quais recursos est\u00e3o dispon\u00edveis.<\/p>\n\n\n\n<p><strong>Estabelecer parcerias com servi\u00e7os de apoio psicol\u00f3gico:<\/strong>&nbsp;Seja atrav\u00e9s de profissionais internos, conv\u00eanios com cl\u00ednicas-escola de psicologia, ou parcerias com servi\u00e7os comunit\u00e1rios. A chave \u00e9 ter caminhos de encaminhamento claros e acess\u00edveis. Institui\u00e7\u00f5es sem recursos para profissionais dedicados podem estabelecer protocolos de teleatendimento subsidiado.<\/p>\n\n\n\n<p><strong>Capacitar equipe docente e administrativa:<\/strong>&nbsp;Professores s\u00e3o frequentemente os primeiros a observar sinais de sofrimento psicol\u00f3gico, mas raramente recebem forma\u00e7\u00e3o para isso. Workshops semestrais sobre identifica\u00e7\u00e3o de sinais de risco, escuta emp\u00e1tica b\u00e1sica, e protocolos de encaminhamento transformam todo o corpo docente em uma rede de cuidado.<\/p>\n\n\n\n<p><strong>Implementar sistemas de monitoramento:<\/strong>&nbsp;Plataformas tecnol\u00f3gicas que integram dados de frequ\u00eancia, desempenho acad\u00eamico, participa\u00e7\u00e3o em atividades e padr\u00f5es de comunica\u00e7\u00e3o permitem identifica\u00e7\u00e3o automatizada de estudantes em risco. Sistemas como a eLabi analisam m\u00faltiplas vari\u00e1veis comportamentais e acad\u00eamicas, sinalizando casos que merecem aten\u00e7\u00e3o entre 30-60 dias antes de crises cr\u00edticas.<\/p>\n\n\n\n<h3 class=\"wp-block-heading\"><span class=\"ez-toc-section\" id=\"Nivel_de_Equipe\"><\/span>N\u00edvel de Equipe<span class=\"ez-toc-section-end\"><\/span><\/h3>\n\n\n\n<p><strong>Treinar coordenadores em escuta ativa:<\/strong>&nbsp;A escuta ativa \u00e9 uma habilidade desenvolv\u00edvel que transforma intera\u00e7\u00f5es superficiais em conversas que genuinamente identificam necessidades. Envolve: focar totalmente na pessoa, fazer perguntas abertas, refletir sentimentos expressos, validar experi\u00eancias sem julgamento, e evitar solu\u00e7\u00f5es precipitadas.<\/p>\n\n\n\n<p><strong>Desenvolver scripts de abordagem sens\u00edvel:<\/strong>&nbsp;Ter roteiros orientadores (n\u00e3o r\u00edgidos) para iniciar conversas sobre quest\u00f5es sens\u00edveis reduz ansiedade da equipe e aumenta efic\u00e1cia. Exemplo: &#8220;Percebi que voc\u00ea tem faltado mais ultimamente e suas notas ca\u00edram. Estou preocupado e gostaria de entender se h\u00e1 algo acontecendo que possamos ajudar. Pode me contar um pouco sobre como as coisas est\u00e3o para voc\u00ea?&#8221;<\/p>\n\n\n\n<p><strong>Criar rede de refer\u00eancia para casos complexos:<\/strong>&nbsp;Mapear recursos internos e externos: quem na institui\u00e7\u00e3o tem forma\u00e7\u00e3o em sa\u00fade mental, quais servi\u00e7os comunit\u00e1rios atendem estudantes, quais hospitais t\u00eam emerg\u00eancias psiqui\u00e1tricas. Ter esses contatos organizados permite encaminhamentos \u00e1geis quando necess\u00e1rio.<\/p>\n\n\n\n<p><strong>Estabelecer reuni\u00f5es regulares de caso:<\/strong>&nbsp;Encontros quinzenais ou mensais onde coordenadores, professores e equipe de apoio discutem estudantes em risco. Essas reuni\u00f5es permitem compartilhamento de observa\u00e7\u00f5es, coordena\u00e7\u00e3o de interven\u00e7\u00f5es e acompanhamento de progressos. Fundamental: sempre com consentimento do estudante e respeitando confidencialidade.<\/p>\n\n\n\n<h3 class=\"wp-block-heading\"><span class=\"ez-toc-section\" id=\"Nivel_Individual\"><\/span>N\u00edvel Individual<span class=\"ez-toc-section-end\"><\/span><\/h3>\n\n\n\n<p>A abordagem individual \u00e9 onde teoria se torna pr\u00e1tica. A qualidade dessa intera\u00e7\u00e3o frequentemente determina se o estudante aceitar\u00e1 apoio ou se afastar\u00e1 ainda mais.<\/p>\n\n\n\n<p><strong>Abordagem emp\u00e1tica e n\u00e3o-julgamental:<\/strong>&nbsp;Come\u00e7ar demonstrando genu\u00edna preocupa\u00e7\u00e3o, n\u00e3o cobran\u00e7a. &#8220;Notei que voc\u00ea n\u00e3o tem vindo \u00e0s aulas. Tudo bem com voc\u00ea?&#8221; \u00e9 mais eficaz que &#8220;Voc\u00ea precisa melhorar sua frequ\u00eancia&#8221;. Evitar suposi\u00e7\u00f5es sobre causas; permitir que o estudante compartilhe no seu pr\u00f3prio ritmo.<\/p>\n\n\n\n<p><strong>Perguntas abertas e valida\u00e7\u00e3o de sentimentos:<\/strong>&nbsp;Perguntas como &#8220;Como voc\u00ea tem se sentido ultimamente?&#8221; ou &#8220;O que est\u00e1 tornando as coisas dif\u00edceis agora?&#8221; abrem espa\u00e7o para compartilhamento. Validar sentimentos (&#8220;Isso deve ser realmente dif\u00edcil&#8221;) sem minimizar (&#8220;Ah, todo mundo passa por isso&#8221;) constr\u00f3i confian\u00e7a.<\/p>\n\n\n\n<p><strong>Encaminhamento apropriado \u2013 nunca assumir papel de terapeuta:<\/strong>&nbsp;Gestores e professores n\u00e3o s\u00e3o profissionais de sa\u00fade mental. Ap\u00f3s escuta emp\u00e1tica inicial, o encaminhamento para profissional qualificado \u00e9 essencial. &#8220;Parece que voc\u00ea est\u00e1 enfrentando desafios importantes. Nossa institui\u00e7\u00e3o tem parceria com servi\u00e7o de psicologia que pode ajudar. Posso facilitar esse contato?&#8221;<\/p>\n\n\n\n<p><strong>Follow-up estruturado:<\/strong>&nbsp;Ap\u00f3s encaminhamento ou acordo sobre apoios, estabelecer check-ins regulares. &#8220;Vou entrar em contato semana que vem para saber como est\u00e1 indo&#8221; e cumprir esse compromisso. O acompanhamento demonstra que a preocupa\u00e7\u00e3o \u00e9 genu\u00edna e sustentada, n\u00e3o pontual.<\/p>\n\n\n\n<h3 class=\"wp-block-heading\"><span class=\"ez-toc-section\" id=\"O_que_NAO_fazer_ao_identificar_sofrimento_psicologico\"><\/span>O que N\u00c3O fazer ao identificar sofrimento psicol\u00f3gico<span class=\"ez-toc-section-end\"><\/span><\/h3>\n\n\n\n<p>Algumas a\u00e7\u00f5es bem-intencionadas podem ser contraproducentes:<\/p>\n\n\n\n<p><strong>\u274c Minimizar sentimentos:<\/strong>&nbsp;Frases como &#8220;voc\u00ea vai superar isso&#8221; ou &#8220;n\u00e3o \u00e9 t\u00e3o grave assim&#8221; invalidam a experi\u00eancia do estudante e fecham canais de comunica\u00e7\u00e3o.<\/p>\n\n\n\n<p><strong>\u274c Oferecer conselhos simplistas:<\/strong>&nbsp;&#8220;\u00c9 s\u00f3 se organizar melhor&#8221; ou &#8220;tente pensar positivo&#8221; trivializa quest\u00f5es complexas e pode intensificar sentimentos de inadequa\u00e7\u00e3o.<\/p>\n\n\n\n<p><strong>\u274c Prometer solu\u00e7\u00f5es que n\u00e3o pode cumprir:<\/strong>&nbsp;N\u00e3o garantir que &#8220;tudo vai ficar bem&#8221; ou que &#8220;podemos resolver isso rapidamente&#8221;. Sa\u00fade mental \u00e9 complexa; seja honesto sobre limites e processo.<\/p>\n\n\n\n<p><strong>\u274c Compartilhar informa\u00e7\u00f5es sem consentimento:<\/strong>&nbsp;Mesmo querendo ajudar, nunca compartilhe situa\u00e7\u00e3o do estudante com outros sem sua permiss\u00e3o expl\u00edcita. Quebra de confidencialidade destr\u00f3i confian\u00e7a.<\/p>\n\n\n\n<p><strong>\u274c Agir precipitadamente:<\/strong>&nbsp;Envolver fam\u00edlia, servi\u00e7os externos ou tomar decis\u00f5es acad\u00eamicas sem dialogar com o estudante (exceto em raras situa\u00e7\u00f5es de risco iminente) retira ag\u00eancia e pode afastar quem mais precisa de apoio.<\/p>\n\n\n\n<h2 class=\"wp-block-heading\"><span class=\"ez-toc-section\" id=\"Como_a_Tecnologia_Pode_Apoiar_a_Identificacao_Precoce\"><\/span>Como a Tecnologia Pode Apoiar a Identifica\u00e7\u00e3o Precoce<span class=\"ez-toc-section-end\"><\/span><\/h2>\n\n\n\n<p>A escala do desafio \u2013 milhares de estudantes por institui\u00e7\u00e3o \u2013 torna imposs\u00edvel o acompanhamento manual pr\u00f3ximo de todos. Tecnologias baseadas em intelig\u00eancia artificial est\u00e3o transformando a capacidade institucional de identificar riscos psicol\u00f3gicos antes que resultem em evas\u00e3o.<\/p>\n\n\n\n<p>Plataformas especializadas em reten\u00e7\u00e3o estudantil analisam continuamente m\u00faltiplas fontes de dados: registros de frequ\u00eancia, desempenho em avalia\u00e7\u00f5es, padr\u00f5es de acesso a ambientes virtuais, participa\u00e7\u00e3o em atividades, e at\u00e9 caracter\u00edsticas de comunica\u00e7\u00e3o em f\u00f3runs. Algoritmos de machine learning identificam desvios de padr\u00e3o individual que podem sinalizar sofrimento psicol\u00f3gico.<\/p>\n\n\n\n<p>A eLabi, por exemplo, integra nativamente com Moodle e outros sistemas acad\u00eamicos, cruzando dados comportamentais e acad\u00eamicos para gerar alertas de risco personalizados. A plataforma n\u00e3o apenas identifica estudantes que apresentam sinais t\u00edpicos das causas psicol\u00f3gicas discutidas neste artigo, mas tamb\u00e9m prioriza casos por urg\u00eancia e sugere tipos de interven\u00e7\u00e3o com base em padr\u00f5es similares bem-sucedidos.<\/p>\n\n\n\n<p>O diferencial est\u00e1 na anteced\u00eancia: enquanto gestores frequentemente identificam estudantes em risco apenas quando j\u00e1 faltaram 40% das aulas ou reprovaram m\u00faltiplas disciplinas, sistemas preditivos sinalizam mudan\u00e7as sutis 30-60 dias antes \u2013 janela na qual interven\u00e7\u00f5es t\u00eam muito maior probabilidade de sucesso.<\/p>\n\n\n\n<p>Benef\u00edcios quantific\u00e1veis incluem:<\/p>\n\n\n\n<ul class=\"wp-block-list\">\n<li><strong>Identifica\u00e7\u00e3o 4-8 semanas mais cedo<\/strong>&nbsp;comparado a m\u00e9todos manuais<\/li>\n\n\n\n<li><strong>78% dos riscos sinalizados<\/strong>&nbsp;antes de manifesta\u00e7\u00e3o cr\u00edtica<\/li>\n\n\n\n<li><strong>Redu\u00e7\u00e3o de 23% na carga de trabalho<\/strong>&nbsp;de coordenadores atrav\u00e9s de prioriza\u00e7\u00e3o automatizada<\/li>\n\n\n\n<li><strong>ROI m\u00e9dio de 8:1<\/strong>&nbsp;considerando recupera\u00e7\u00e3o de receita de evas\u00e3o evitada<\/li>\n<\/ul>\n\n\n\n<p>Importante ressaltar: tecnologia \u00e9 ferramenta, n\u00e3o substituta do cuidado humano. Os alertas tecnol\u00f3gicos informam quem precisa de aten\u00e7\u00e3o; a abordagem emp\u00e1tica, escuta genu\u00edna e constru\u00e7\u00e3o de rela\u00e7\u00f5es de confian\u00e7a permanecem essencialmente humanas.<\/p>\n\n\n\n<h2 class=\"wp-block-heading\"><span class=\"ez-toc-section\" id=\"Conclusao\"><\/span>Conclus\u00e3o<span class=\"ez-toc-section-end\"><\/span><\/h2>\n\n\n\n<p>As causas psicol\u00f3gicas da evas\u00e3o estudantil \u2013 ansiedade, depress\u00e3o, s\u00edndrome do impostor, burnout, baixa autoefic\u00e1cia, problemas de adapta\u00e7\u00e3o e trauma \u2013 s\u00e3o complexas, interrelacionadas e prevalentes em nossas institui\u00e7\u00f5es. Mas n\u00e3o s\u00e3o invis\u00edveis nem inevit\u00e1veis. Compreender as causas da evas\u00e3o estudantil \u00e9 o primeiro passo para criar estrat\u00e9gias eficazes de reten\u00e7\u00e3o.<\/p>\n\n\n\n<p>Tr\u00eas princ\u00edpios devem orientar gestores educacionais comprometidos com reten\u00e7\u00e3o baseada em bem-estar:<\/p>\n\n\n\n<p><strong>1. Identifica\u00e7\u00e3o precoce salva trajet\u00f3rias:<\/strong>&nbsp;Quanto antes sinais de sofrimento psicol\u00f3gico s\u00e3o percebidos, maior a probabilidade de interven\u00e7\u00f5es eficazes. Sistemas \u2013 humanos e tecnol\u00f3gicos \u2013 que permitem detec\u00e7\u00e3o em est\u00e1gios iniciais t\u00eam impacto desproporcional.<\/p>\n\n\n\n<p><strong>2. Abordagem institucional coordenada multiplica resultados:<\/strong>&nbsp;Nenhum coordenador ou professor sozinho pode sustentar esfor\u00e7os de identifica\u00e7\u00e3o e apoio. Protocolos claros, capacita\u00e7\u00e3o ampla e sistemas de monitoramento transformam sensibilidade pontual em capacidade institucional.<\/p>\n\n\n\n<p><strong>3. Tecnologia e humanidade s\u00e3o complementares:<\/strong>&nbsp;Plataformas de IA permitem escala e anteced\u00eancia imposs\u00edveis manualmente. Mas o contato emp\u00e1tico, a escuta validadora e o acompanhamento genu\u00edno permanecem insubstitu\u00edveis.<\/p>\n\n\n\n<p>Gestores que implementam essas abordagens n\u00e3o apenas reduzem evas\u00e3o e seus impactos financeiros \u2013 constroem institui\u00e7\u00f5es onde estudantes genuinamente prosperam, n\u00e3o apenas sobrevivem.<\/p>\n\n\n\n<h3 class=\"wp-block-heading\"><span class=\"ez-toc-section\" id=\"Proximos_Passos\"><\/span>Pr\u00f3ximos Passos<span class=\"ez-toc-section-end\"><\/span><\/h3>\n\n\n\n<p><strong>Comece hoje:<\/strong><\/p>\n\n\n\n<ol class=\"wp-block-list\">\n<li>Revise dados atuais de evas\u00e3o identificando padr\u00f5es que sugerem causas psicol\u00f3gicas<\/li>\n\n\n\n<li>Mapeie recursos de apoio psicol\u00f3gico dispon\u00edveis ou potencialmente acess\u00edveis<\/li>\n\n\n\n<li>Selecione dois professores\/coordenadores para capacita\u00e7\u00e3o-piloto em identifica\u00e7\u00e3o de sinais<\/li>\n\n\n\n<li>Baixe nosso checklist gratuito:\u00a0<strong><a href=\"http:\/\/elabi.com.br\/br\/materiais\/checklist-evasao.html\">&#8220;50 Sinais de Alerta de Evas\u00e3o Estudantil<\/a>&#8220;<\/strong><\/li>\n<\/ol>\n\n\n\n<p><strong>Para aprofundar:<\/strong>\u00a0Descubra como institui\u00e7\u00f5es parceiras da eLabi est\u00e3o identificando riscos psicol\u00f3gicos antes que se tornem evas\u00e3o cr\u00edtica. <a href=\"http:\/\/elabi.com.br\/br\/agendar-demo.html\">[Agende uma demonstra\u00e7\u00e3o gratuita da plataforma]<\/a><\/p>\n\n\n\n<p><strong>Contribua:<\/strong>&nbsp;Que estrat\u00e9gias sua institui\u00e7\u00e3o j\u00e1 utiliza para apoiar sa\u00fade mental estudantil? Compartilhe nos coment\u00e1rios suas experi\u00eancias e desafios.<\/p>\n\n\n\n<hr class=\"wp-block-separator has-alpha-channel-opacity\"\/>\n\n\n\n<h2 class=\"wp-block-heading\"><span class=\"ez-toc-section\" id=\"Perguntas_Frequentes\"><\/span>Perguntas Frequentes<span class=\"ez-toc-section-end\"><\/span><\/h2>\n\n\n\n<p><strong>Q: Como diferenciar dificuldades acad\u00eamicas normais de sinais de problemas psicol\u00f3gicos s\u00e9rios?<\/strong><\/p>\n\n\n\n<p>A: A chave est\u00e1 no padr\u00e3o e na persist\u00eancia. Dificuldades pontuais com uma disciplina espec\u00edfica, notas que variam mas se mant\u00eam em faixa razo\u00e1vel, ou estresse tempor\u00e1rio em per\u00edodos de avalia\u00e7\u00e3o s\u00e3o normais. Sinais de alerta incluem: mudan\u00e7a marcante em rela\u00e7\u00e3o ao padr\u00e3o anterior do estudante (n\u00e3o compara\u00e7\u00e3o com outros), persist\u00eancia por mais de 3-4 semanas sem melhora, impacto em m\u00faltiplas \u00e1reas simultaneamente (acad\u00eamico + social + comportamental), e intensidade desproporcional \u00e0 situa\u00e7\u00e3o. Quando em d\u00favida, um check-in emp\u00e1tico (&#8220;Como voc\u00ea tem se sentido?&#8221;) raramente causa dano e pode revelar necessidades importantes.<\/p>\n\n\n\n<p><strong>Q: Gestores e professores devem abordar diretamente quest\u00f5es de sa\u00fade mental com estudantes?<\/strong><\/p>\n\n\n\n<p>A: Sim, mas com clareza sobre pap\u00e9is. Gestores n\u00e3o s\u00e3o terapeutas e n\u00e3o devem tentar diagnosticar ou tratar quest\u00f5es psicol\u00f3gicas. Mas podem e devem expressar preocupa\u00e7\u00e3o observada, oferecer escuta emp\u00e1tica inicial, e facilitar encaminhamento para profissionais qualificados. A abordagem recomendada: (1) Compartilhar observa\u00e7\u00e3o espec\u00edfica sem julgamento (&#8220;Percebi que voc\u00ea tem faltado mais&#8221;), (2) Expressar preocupa\u00e7\u00e3o genu\u00edna (&#8220;Estou preocupado com voc\u00ea&#8221;), (3) Fazer pergunta aberta (&#8220;Como as coisas est\u00e3o indo?&#8221;), (4) Escutar sem tentar &#8220;resolver&#8221;, (5) Oferecer recursos e facilitar acesso (&#8220;Nossa institui\u00e7\u00e3o tem servi\u00e7o de apoio psicol\u00f3gico. Posso ajudar a conectar voc\u00ea?&#8221;).<\/p>\n\n\n\n<p><strong>Q: Qual o papel da fam\u00edlia no enfrentamento de causas psicol\u00f3gicas de evas\u00e3o?<\/strong><\/p>\n\n\n\n<p>A: A fam\u00edlia pode ser importante rede de apoio, mas seu envolvimento deve ser cuidadosamente considerado. Estudantes adultos t\u00eam direito \u00e0 privacidade; contatar fam\u00edlia sem consentimento geralmente \u00e9 contraproducente e pode afastar o estudante de apoio institucional. Exce\u00e7\u00f5es incluem situa\u00e7\u00f5es de risco iminente \u00e0 seguran\u00e7a. O ideal \u00e9 dialogar com o estudante sobre se e como envolver fam\u00edlia pode ser \u00fatil, respeitando sempre sua autonomia. Alguns estudantes se beneficiam enormemente do apoio familiar; outros enfrentam fam\u00edlias que minimizam sa\u00fade mental ou cujas expectativas contribuem para o problema. Sempre individualize.<\/p>\n\n\n\n<p><strong>Q: Quais recursos m\u00ednimos uma IES precisa ter para abordar sa\u00fade mental estudantil adequadamente?<\/strong><\/p>\n\n\n\n<p>A: N\u00e3o existe configura\u00e7\u00e3o \u00fanica, mas elementos essenciais incluem: (1) Protocolo documentado de identifica\u00e7\u00e3o e encaminhamento de estudantes em risco, (2) Pelo menos um ponto de contato capacitado em sa\u00fade mental (pode ser parceria externa), (3) Capacita\u00e7\u00e3o b\u00e1sica de professores e coordenadores em identifica\u00e7\u00e3o de sinais e escuta emp\u00e1tica, (4) Sistema de acompanhamento de casos (pode ser simples planilha estruturada em est\u00e1gio inicial), (5) Rede mapeada de recursos internos e externos para encaminhamento. Institui\u00e7\u00f5es com recursos limitados podem estabelecer parcerias com cl\u00ednicas-escola de psicologia, postos de sa\u00fade locais, ou organizar teleatendimento subsidiado. O investimento inicial \u00e9 modesto; o custo de n\u00e3o agir \u00e9 elevado.<\/p>\n\n\n\n<p><strong>Q: Como medir se interven\u00e7\u00f5es relacionadas \u00e0 sa\u00fade mental est\u00e3o efetivamente reduzindo evas\u00e3o?<\/strong><\/p>\n\n\n\n<p>A: Estabele\u00e7a linha de base e indicadores espec\u00edficos antes de implementar interven\u00e7\u00f5es: taxa de evas\u00e3o geral, taxa de trancamento de matr\u00edcula, taxa de reprova\u00e7\u00e3o por falta, e tempo m\u00e9dio at\u00e9 evas\u00e3o. Ap\u00f3s implementa\u00e7\u00e3o, acompanhe mensalmente: n\u00famero de estudantes identificados em risco psicol\u00f3gico, percentual desses que aceitou encaminhamento\/apoio, taxa de reten\u00e7\u00e3o entre estudantes identificados versus n\u00e3o-identificados, e taxa de evas\u00e3o comparada ao per\u00edodo anterior. Idealmente, compare com grupo controle similar. Institui\u00e7\u00f5es parceiras da eLabi com programas estruturados de interven\u00e7\u00e3o em sa\u00fade mental reportam redu\u00e7\u00e3o de 18-27% na evas\u00e3o relacionada a fatores psicol\u00f3gicos em 12-18 meses de implementa\u00e7\u00e3o.<\/p>\n\n\n\n<p><strong>Q: Estudantes em EAD apresentam causas psicol\u00f3gicas de evas\u00e3o diferentes de presenciais?<\/strong><\/p>\n\n\n\n<p>A: As sete causas principais (ansiedade, depress\u00e3o, s\u00edndrome do impostor, burnout, baixa autoefic\u00e1cia, problemas de adapta\u00e7\u00e3o, trauma) afetam estudantes de ambas modalidades, mas algumas manifestam-se diferentemente no EAD. Ansiedade social pode ser paradoxalmente mais intensa no EAD devido ao isolamento e \u00e0 exposi\u00e7\u00e3o em c\u00e2meras. Problemas de adapta\u00e7\u00e3o s\u00e3o agravados pela necessidade de autonomia e disciplina aumentadas. S\u00edndrome do impostor pode intensificar-se pela falta de intera\u00e7\u00f5es informais que normalizariam d\u00favidas e dificuldades. Por outro lado, estudantes com ansiedade severa em ambientes presenciais podem prosperar melhor no EAD. A identifica\u00e7\u00e3o de sinais em EAD requer aten\u00e7\u00e3o especial a padr\u00f5es digitais: frequ\u00eancia de login, tempo em plataforma, participa\u00e7\u00e3o em f\u00f3runs, e tom de comunica\u00e7\u00e3o escrita tornam-se indicadores prim\u00e1rios.<\/p>\n\n\n\n<p><\/p>\n","protected":false},"excerpt":{"rendered":"<p>Descubra as 7 principais causas psicol\u00f3gicas da evas\u00e3o estudantil: ansiedade, depress\u00e3o, s\u00edndrome do impostor, burnout, baixa autoefic\u00e1cia, problemas de adapta\u00e7\u00e3o e trauma. Aprenda a identificar sinais de alerta precoces atrav\u00e9s de indicadores comportamentais, acad\u00eamicos e comunicacionais.<\/p>\n","protected":false},"author":1,"featured_media":121,"comment_status":"open","ping_status":"open","sticky":false,"template":"","format":"standard","meta":{"footnotes":""},"categories":[1],"tags":[96,85,93,95,97,88,83,89,86,94,99,98,7,10,4,8,74,92,22,90,45,84,91,87],"class_list":["post-111","post","type-post","status-publish","format-standard","has-post-thumbnail","hentry","category-blog","tag-adaptacao-universitaria","tag-ansiedade-universitaria","tag-apoio-psicologico-universidade","tag-autoeficacia-academica","tag-bem-estar-estudantil","tag-burnout-academico","tag-causas-evasao-estudantil","tag-coordenacao-de-curso","tag-depressao-estudantes","tag-dropout-universitario","tag-educacao-superior-brasil","tag-elabi","tag-ensino-superior","tag-estrategias-de-retencao","tag-evasao-estudantil","tag-gestao-educacional","tag-ies","tag-intervencao-estudantil","tag-permanencia-estudantil","tag-prevencao-evasao","tag-retencao-estudantil","tag-saude-mental-estudantil","tag-sinais-de-alerta-evasao","tag-sindrome-do-impostor"],"_links":{"self":[{"href":"https:\/\/elabi.com.br\/br\/blog\/wp-json\/wp\/v2\/posts\/111","targetHints":{"allow":["GET"]}}],"collection":[{"href":"https:\/\/elabi.com.br\/br\/blog\/wp-json\/wp\/v2\/posts"}],"about":[{"href":"https:\/\/elabi.com.br\/br\/blog\/wp-json\/wp\/v2\/types\/post"}],"author":[{"embeddable":true,"href":"https:\/\/elabi.com.br\/br\/blog\/wp-json\/wp\/v2\/users\/1"}],"replies":[{"embeddable":true,"href":"https:\/\/elabi.com.br\/br\/blog\/wp-json\/wp\/v2\/comments?post=111"}],"version-history":[{"count":13,"href":"https:\/\/elabi.com.br\/br\/blog\/wp-json\/wp\/v2\/posts\/111\/revisions"}],"predecessor-version":[{"id":207,"href":"https:\/\/elabi.com.br\/br\/blog\/wp-json\/wp\/v2\/posts\/111\/revisions\/207"}],"wp:featuredmedia":[{"embeddable":true,"href":"https:\/\/elabi.com.br\/br\/blog\/wp-json\/wp\/v2\/media\/121"}],"wp:attachment":[{"href":"https:\/\/elabi.com.br\/br\/blog\/wp-json\/wp\/v2\/media?parent=111"}],"wp:term":[{"taxonomy":"category","embeddable":true,"href":"https:\/\/elabi.com.br\/br\/blog\/wp-json\/wp\/v2\/categories?post=111"},{"taxonomy":"post_tag","embeddable":true,"href":"https:\/\/elabi.com.br\/br\/blog\/wp-json\/wp\/v2\/tags?post=111"}],"curies":[{"name":"wp","href":"https:\/\/api.w.org\/{rel}","templated":true}]}}